{"id":635784,"date":"2026-01-02T08:19:11","date_gmt":"2026-01-02T08:19:11","guid":{"rendered":"https:\/\/www.europesays.com\/fr\/635784\/"},"modified":"2026-01-02T08:19:11","modified_gmt":"2026-01-02T08:19:11","slug":"la-prise-en-charge-du-diabete-setoffe-a-lhopital-du-gier","status":"publish","type":"post","link":"https:\/\/www.europesays.com\/fr\/635784\/","title":{"rendered":"la prise en charge du diab\u00e8te s\u2019\u00e9toffe \u00e0 l\u2019h\u00f4pital du Gier"},"content":{"rendered":"<p>\u00ab\u00a0Je ne suis pas l\u00e0 pour dire aux patients diab\u00e9tiques \u201cFaut pas faire ci, faut faire \u00e7a\u201d, sur leur alimentation. Je suis l\u00e0 pour essayer de proposer des choses en fonction de leur mode de vie. On peut trouver des petites solutions, faire des petits ajustements, au niveau de l\u2019activit\u00e9 physique, par exemple. Aujourd\u2019hui, c\u2019est possible de bien vivre avec son diab\u00e8te, c\u2019est mon but \u00e0 moi. On peut m\u00eame \u00eatre diab\u00e9tique et centenaire.\u00a0\u00bb<\/p>\n<p>Nelly Rubiere Monteiller re\u00e7oit \u00e0 l\u2019h\u00f4pital du Gier les patients diab\u00e9tiques, en coordination avec les Docteurs Ga\u00eblle Girard et Kamel Bouchou. Elle n\u2019est pas m\u00e9decin, mais infirmi\u00e8re en pratique avanc\u00e9e (IPA), un poste cr\u00e9\u00e9 en septembre\u00a02025. \u00ab\u00a0Une IPA, explique&#8230;<\/p>\n","protected":false},"excerpt":{"rendered":"\u00ab\u00a0Je ne suis pas l\u00e0 pour dire aux patients diab\u00e9tiques \u201cFaut pas faire ci, faut faire \u00e7a\u201d, sur&hellip;\n","protected":false},"author":2,"featured_media":635785,"comment_status":"","ping_status":"","sticky":false,"template":"","format":"standard","meta":{"footnotes":""},"categories":[9653],"tags":[1111,11,2430,7539,436,1777,674,1011,27,1061,12,25,9669,9670,4001,71,801,104],"class_list":{"0":"post-635784","1":"post","2":"type-post","3":"status-publish","4":"format-standard","5":"has-post-thumbnail","7":"category-saint-etienne","8":"tag-actu","9":"tag-actualites","10":"tag-auvergne-rhone-alpes","11":"tag-edition-loire-sud","12":"tag-environnement","13":"tag-eu","14":"tag-europe","15":"tag-fr","16":"tag-france","17":"tag-immigration","18":"tag-news","19":"tag-republique-francaise","20":"tag-saint-chamond","21":"tag-saint-chamond-ville","22":"tag-saint-etienne","23":"tag-sante","24":"tag-social","25":"tag-societe"},"share_on_mastodon":{"url":"https:\/\/pubeurope.com\/@fr\/115824529528793778","error":""},"_links":{"self":[{"href":"https:\/\/www.europesays.com\/fr\/wp-json\/wp\/v2\/posts\/635784","targetHints":{"allow":["GET"]}}],"collection":[{"href":"https:\/\/www.europesays.com\/fr\/wp-json\/wp\/v2\/posts"}],"about":[{"href":"https:\/\/www.europesays.com\/fr\/wp-json\/wp\/v2\/types\/post"}],"author":[{"embeddable":true,"href":"https:\/\/www.europesays.com\/fr\/wp-json\/wp\/v2\/users\/2"}],"replies":[{"embeddable":true,"href":"https:\/\/www.europesays.com\/fr\/wp-json\/wp\/v2\/comments?post=635784"}],"version-history":[{"count":0,"href":"https:\/\/www.europesays.com\/fr\/wp-json\/wp\/v2\/posts\/635784\/revisions"}],"wp:featuredmedia":[{"embeddable":true,"href":"https:\/\/www.europesays.com\/fr\/wp-json\/wp\/v2\/media\/635785"}],"wp:attachment":[{"href":"https:\/\/www.europesays.com\/fr\/wp-json\/wp\/v2\/media?parent=635784"}],"wp:term":[{"taxonomy":"category","embeddable":true,"href":"https:\/\/www.europesays.com\/fr\/wp-json\/wp\/v2\/categories?post=635784"},{"taxonomy":"post_tag","embeddable":true,"href":"https:\/\/www.europesays.com\/fr\/wp-json\/wp\/v2\/tags?post=635784"}],"curies":[{"name":"wp","href":"https:\/\/api.w.org\/{rel}","templated":true}]}}