{"id":635788,"date":"2026-01-02T08:23:15","date_gmt":"2026-01-02T08:23:15","guid":{"rendered":"https:\/\/www.europesays.com\/fr\/635788\/"},"modified":"2026-01-02T08:23:15","modified_gmt":"2026-01-02T08:23:15","slug":"the-australian-pink-floyd-show-atterrit-au-zenith-de-nancy-en-mars-prochain","status":"publish","type":"post","link":"https:\/\/www.europesays.com\/fr\/635788\/","title":{"rendered":"The Australian Pink Floyd Show atterrit au Z\u00e9nith de Nancy en mars prochain"},"content":{"rendered":"<p>Fans&#13;<br \/>\ndes Floyd, \u00e0 vos tablettes ! Le 19 mars, le Z\u00e9nith de Nancy&#13;<br \/>\naccueille The Australian Pink Floyd Show, \u00abthe\u00bb tribute bands&#13;<br \/>\nconsacr\u00e9 \u00e0 la bande \u00e0 Nick Mason et David Gilmour. Le batteur et&#13;<br \/>\nle chanteur-guitariste des Floyd ont assur\u00e9 avoir per\u00e7u la&#13;<br \/>\nr\u00e9incarnation de leur groupe en les voyant.<\/p>\n<p>Depuis&#13;<br \/>\n1988, The Australian Pink Floyd Show s\u2019affiche comme le premier&#13;<br \/>\nspectacle hommage \u00e0 Pink Floyd. Avec 4 millions de spectateurs&#13;<br \/>\nconquis \u00e0 travers le monde, The Australian Pink Floyd Show s\u2019est&#13;<br \/>\nimpos\u00e9 comme la r\u00e9f\u00e9rence ultime en spectacle hommage aux Floyd.<\/p>\n<p>Le&#13;<br \/>\ngroupe propose un voyage intemporel avec des jeux de lumi\u00e8res et de&#13;<br \/>\nlasers, des projections de vid\u00e9o immersives, des \u00e9crans LED haute&#13;<br \/>\nr\u00e9solution, des effets sp\u00e9ciaux soign\u00e9s et les incontournables&#13;<br \/>\nstructures gonflables g\u00e9antes, signatures du show dans la plus pure&#13;<br \/>\ntradition des Floyd.<\/p>\n<p><img decoding=\"async\" src=\"https:\/\/www.europesays.com\/fr\/wp-content\/uploads\/2026\/01\/Luc-Ledy-Lepine-2.jpg\" data-image=\"1\"\/><\/p>\n<p>\u00a9&#13;<br \/>\nAustralian Pink Floyd Show. Luc&#13;<br \/>\nLedy-Lepine, l\u2019un des lead guitar de l\u2019Australian Pink Floyd&#13;<br \/>\nShow.<\/p>\n<p>\u00abC\u2019est&#13;<br \/>\nunique \u00e0 chaque fois ! La richesse musicale est telle, c\u2019est du&#13;<br \/>\ng\u00e9nie musical \u00e0 l\u2019\u00e9tat pur, c\u2019est quasi stratosph\u00e9rique que&#13;<br \/>\nle partage est optimal avec le public\u00bb,&#13;<br \/>\nassure Luc Ledy-Lepine, l\u2019un des lead guitar du groupe.<\/p>\n<p>Ce&#13;<br \/>\nlyonnais a int\u00e9gr\u00e9 The Australian Pink Floyd Show depuis trois ans.<\/p>\n<p><strong>En&#13;<br \/>\ntoute humilit\u00e9<\/strong><\/p>\n<p>\u00abQuand&#13;<br \/>\nj\u2019avais 15 ans, je suis all\u00e9 les voir avec mon p\u00e8re, j\u2019ai \u00e9t\u00e9&#13;<br \/>\ntout simplement scotcher. J\u2019ai r\u00e9ussi \u00e0 obtenir l\u2019adresse de&#13;<br \/>\nl\u2019un des guitariste du groupe. Je lui ai envoy\u00e9 une vid\u00e9o o\u00f9 je&#13;<br \/>\nr\u00e9alise un solo de guitare. Contre toute attente, il m\u2019a r\u00e9pondu&#13;<br \/>\nen me disant que c\u2019\u00e9tait pas mal et que dans une dizaine d\u2019ann\u00e9es&#13;<br \/>\nje pourrais prendre son boulot\u00bb.<\/p>\n<p>Toujours&#13;<br \/>\nen contact, dix ans plus tard, il le rappelle quand le fondateur du&#13;<br \/>\ngroupe, Steve Mac, d\u00e9cide de prendre sa retraite. Un r\u00eave de gosse&#13;<br \/>\nqui se r\u00e9alise.<\/p>\n<p>Avec&#13;<br \/>\nplus de 400 concerts au compteur, le Lyonnais assure \u00abque&#13;<br \/>\nl\u2019int\u00e9gration, c\u2019est fait ultra facilement. Il existe une&#13;<br \/>\nhumilit\u00e9 admirable au sein du groupe aussi bien chez les musiciens&#13;<br \/>\nque chez les techniciens. C\u2019est une vraie famille !\u00bb<\/p>\n<p>La&#13;<br \/>\nvingtaine de techniciens et la dizaine de musiciens entendent bien&#13;<br \/>\nfaire de la date nanc\u00e9ienne de leur tourn\u00e9e hexagonale (toutes les&#13;<br \/>\ndates sur le <a href=\"https:\/\/www.aussiefloyd.com\/\" target=\"_blank\" rel=\"noopener\">:&#13;<br \/>\n<\/a><a href=\"https:\/\/www.aussiefloyd.com\/\" target=\"_blank\" rel=\"noopener\">https:\/\/www.aussiefloyd.com\/<\/a>)&#13;<br \/>\nun moment fort pour tous les amateurs de bon son !<\/p>\n<p>P\u00e8res&#13;<br \/>\namenez vos fils et transmettez&#8230;<\/p>\n","protected":false},"excerpt":{"rendered":"Fans&#13; des Floyd, \u00e0 vos tablettes ! Le 19 mars, le Z\u00e9nith de Nancy&#13; accueille The Australian Pink&hellip;\n","protected":false},"author":2,"featured_media":635789,"comment_status":"","ping_status":"","sticky":false,"template":"","format":"standard","meta":{"footnotes":""},"categories":[9635],"tags":[1111,11,1777,674,1011,27,775,1702,12,25],"class_list":{"0":"post-635788","1":"post","2":"type-post","3":"status-publish","4":"format-standard","5":"has-post-thumbnail","7":"category-nancy","8":"tag-actu","9":"tag-actualites","10":"tag-eu","11":"tag-europe","12":"tag-fr","13":"tag-france","14":"tag-grand-est","15":"tag-nancy","16":"tag-news","17":"tag-republique-francaise"},"share_on_mastodon":{"url":"https:\/\/pubeurope.com\/@fr\/115824545258507434","error":""},"_links":{"self":[{"href":"https:\/\/www.europesays.com\/fr\/wp-json\/wp\/v2\/posts\/635788","targetHints":{"allow":["GET"]}}],"collection":[{"href":"https:\/\/www.europesays.com\/fr\/wp-json\/wp\/v2\/posts"}],"about":[{"href":"https:\/\/www.europesays.com\/fr\/wp-json\/wp\/v2\/types\/post"}],"author":[{"embeddable":true,"href":"https:\/\/www.europesays.com\/fr\/wp-json\/wp\/v2\/users\/2"}],"replies":[{"embeddable":true,"href":"https:\/\/www.europesays.com\/fr\/wp-json\/wp\/v2\/comments?post=635788"}],"version-history":[{"count":0,"href":"https:\/\/www.europesays.com\/fr\/wp-json\/wp\/v2\/posts\/635788\/revisions"}],"wp:featuredmedia":[{"embeddable":true,"href":"https:\/\/www.europesays.com\/fr\/wp-json\/wp\/v2\/media\/635789"}],"wp:attachment":[{"href":"https:\/\/www.europesays.com\/fr\/wp-json\/wp\/v2\/media?parent=635788"}],"wp:term":[{"taxonomy":"category","embeddable":true,"href":"https:\/\/www.europesays.com\/fr\/wp-json\/wp\/v2\/categories?post=635788"},{"taxonomy":"post_tag","embeddable":true,"href":"https:\/\/www.europesays.com\/fr\/wp-json\/wp\/v2\/tags?post=635788"}],"curies":[{"name":"wp","href":"https:\/\/api.w.org\/{rel}","templated":true}]}}