{"id":635794,"date":"2026-01-02T08:26:10","date_gmt":"2026-01-02T08:26:10","guid":{"rendered":"https:\/\/www.europesays.com\/fr\/635794\/"},"modified":"2026-01-02T08:26:10","modified_gmt":"2026-01-02T08:26:10","slug":"le-banal-controle-routier-debouche-sur-une-importante-saisie-de-stupefiants-a-cote-de-montpellier","status":"publish","type":"post","link":"https:\/\/www.europesays.com\/fr\/635794\/","title":{"rendered":"Le banal contr\u00f4le routier d\u00e9bouche sur une importante saisie de stup\u00e9fiants \u00e0 c\u00f4t\u00e9 de Montpellier"},"content":{"rendered":"<p>\n                                                                Un contr\u00f4le positif aux stup\u00e9fiants sur une conductrice a conduit les gendarmes sur la piste d\u2019un trafic de r\u00e9sine de cannabis, d\u2019herbe et de coca\u00efne. 80\u00a0000\u00a0\u20ac en esp\u00e8ces ont \u00e9galement \u00e9t\u00e9 saisis. Deux personnes r\u00e9sidant \u00e0 Juvignac ont \u00e9t\u00e9 interpell\u00e9es et pr\u00e9sent\u00e9es au parquet.\n                            <\/p>\n<p>D\u2019un banal contr\u00f4le routier \u00e0 la mise au jour d\u2019un important trafic de stup\u00e9fiants. Ce mardi, les motards de la gendarmerie arr\u00eatent une conductrice \u00e0 Saint-Jean-de-V\u00e9das. Le d\u00e9pistage aux stup\u00e9fiants effectu\u00e9 sur l\u2019automobiliste s\u2019av\u00e8re positif. Une perquisition \u00e0 son domicile de Juvignac est d\u00e9clench\u00e9e qui permet de d\u00e9couvrir 2,4\u00a0kg de r\u00e9sine de cannabis.<\/p>\n<p>Argent liquide et fausse carte d\u2019identit\u00e9<\/p>\n<p>Les gendarmes du Psig de Castelnau-le-Lez poursuivent alors les investigations et s\u2019int\u00e9ressent aux agissements d\u2019un homme domicili\u00e9 \u00e0 proximit\u00e9 de la mise en cause. La fouille de son domicile avec le concours d\u2019un ma\u00eetre-chien s\u2019av\u00e8re l\u00e0 aussi particuli\u00e8rement fructueuse puisque de la r\u00e9sine de cannabis, de l\u2019herbe et de la coca\u00efne sont retrouv\u00e9s.<\/p>\n<p>Les diverses op\u00e9rations d\u2019enqu\u00eate conduites vont aboutir \u00e0 la saisie totale de 3,4\u00a0kg de r\u00e9sine, 1,5\u00a0kg d\u2019herbe et 50 grammes de coca\u00efne. Les gendarmes ont aussi mis\u00a0la main sur 80\u00a0000\u00a0\u20ac en liquide, cinq t\u00e9l\u00e9phones et une fausse carte d\u2019identit\u00e9.<\/p>\n<p>\u00c0 l\u2019issue de leur garde \u00e0 vue, les deux protagonistes de ce trafic ont \u00e9t\u00e9 pr\u00e9sent\u00e9s au parquet. Ils pourraient \u00eatre jug\u00e9s d\u00e8s ce vendredi dans le cadre d\u2019une comparution imm\u00e9diate.<\/p>\n","protected":false},"excerpt":{"rendered":"Un contr\u00f4le positif aux stup\u00e9fiants sur une conductrice a conduit les gendarmes sur la piste d\u2019un trafic de&hellip;\n","protected":false},"author":2,"featured_media":635795,"comment_status":"","ping_status":"","sticky":false,"template":"","format":"standard","meta":{"footnotes":""},"categories":[9599],"tags":[1111,11,1777,674,118,1011,27,7089,2208,12,2680,25],"class_list":{"0":"post-635794","1":"post","2":"type-post","3":"status-publish","4":"format-standard","5":"has-post-thumbnail","7":"category-montpellier","8":"tag-actu","9":"tag-actualites","10":"tag-eu","11":"tag-europe","12":"tag-faits-divers","13":"tag-fr","14":"tag-france","15":"tag-herault","16":"tag-montpellier","17":"tag-news","18":"tag-occitanie","19":"tag-republique-francaise"},"share_on_mastodon":{"url":"https:\/\/pubeurope.com\/@fr\/115824557111960348","error":""},"_links":{"self":[{"href":"https:\/\/www.europesays.com\/fr\/wp-json\/wp\/v2\/posts\/635794","targetHints":{"allow":["GET"]}}],"collection":[{"href":"https:\/\/www.europesays.com\/fr\/wp-json\/wp\/v2\/posts"}],"about":[{"href":"https:\/\/www.europesays.com\/fr\/wp-json\/wp\/v2\/types\/post"}],"author":[{"embeddable":true,"href":"https:\/\/www.europesays.com\/fr\/wp-json\/wp\/v2\/users\/2"}],"replies":[{"embeddable":true,"href":"https:\/\/www.europesays.com\/fr\/wp-json\/wp\/v2\/comments?post=635794"}],"version-history":[{"count":0,"href":"https:\/\/www.europesays.com\/fr\/wp-json\/wp\/v2\/posts\/635794\/revisions"}],"wp:featuredmedia":[{"embeddable":true,"href":"https:\/\/www.europesays.com\/fr\/wp-json\/wp\/v2\/media\/635795"}],"wp:attachment":[{"href":"https:\/\/www.europesays.com\/fr\/wp-json\/wp\/v2\/media?parent=635794"}],"wp:term":[{"taxonomy":"category","embeddable":true,"href":"https:\/\/www.europesays.com\/fr\/wp-json\/wp\/v2\/categories?post=635794"},{"taxonomy":"post_tag","embeddable":true,"href":"https:\/\/www.europesays.com\/fr\/wp-json\/wp\/v2\/tags?post=635794"}],"curies":[{"name":"wp","href":"https:\/\/api.w.org\/{rel}","templated":true}]}}