{"id":635796,"date":"2026-01-02T08:27:11","date_gmt":"2026-01-02T08:27:11","guid":{"rendered":"https:\/\/www.europesays.com\/fr\/635796\/"},"modified":"2026-01-02T08:27:11","modified_gmt":"2026-01-02T08:27:11","slug":"une-depeceuse-a-perpignan-le-drame-de-lorenzo-pres-de-montpellier-et-la-violence-du-narcobanditisme-ces-proces-qui-vont-marquer-le-debut-de-lannee","status":"publish","type":"post","link":"https:\/\/www.europesays.com\/fr\/635796\/","title":{"rendered":"Une d\u00e9peceuse \u00e0 Perpignan, le drame de Lorenzo pr\u00e8s de Montpellier et la violence du narcobanditisme\u2026 ces proc\u00e8s qui vont marquer le d\u00e9but de l\u2019ann\u00e9e"},"content":{"rendered":"<p>\n                                                                De nombreuses affaires criminelles vont \u00eatre jug\u00e9es dans les six prochains mois sur le ressort des cours d\u2019appel de N\u00eemes et de Montpellier. Tour d\u2019horizon des principales audiences qui vont rythmer l\u2019actualit\u00e9 judiciaire.\n                            <\/p>\n<p>Voici un aper\u00e7u des principaux proc\u00e8s qui vont se tenir en Occitanie dans les cours d\u2019assises et les cours criminelles d\u00e9partementales situ\u00e9es sur les cours d\u2019appel de N\u00eemes et de Montpellier.<\/p>\n<p>Carmen Enciso, boulang\u00e8re et d\u00e9peceuse<\/p>\n<p>Carmen Enciso, une boulang\u00e8re de 61 ans sera jug\u00e9e du 3 au 5\u00a0juin par la cour d\u2019assises des Pyr\u00e9n\u00e9es-Orientales<a href=\"https:\/\/www.midilibre.fr\/2024\/07\/09\/je-dis-la-verite-a-montpellier-carmen-soupconnee-davoir-depece-le-corps-de-son-conjoint-clame-son-innocence-12071673.php\" target=\"_self\" rel=\"noopener\"> pour un crime qu\u2019elle nie<\/a>\u00a0: celui de son compagnon Fran\u00e7ois Vigouroux, dont le corps d\u00e9coup\u00e9 en morceaux avait \u00e9t\u00e9 partiellement retrouv\u00e9 le 1er\u00a0juin 2022 dans des sacs-poubelles, jet\u00e9s en contrebas d\u2019une route pr\u00e8s d\u2019Ille-sur-T\u00eat.<\/p>\n<p>Selon l\u2019enqu\u00eate, l\u2019homme aurait \u00e9t\u00e9 tu\u00e9 d\u2019un coup de couteau au thorax, apr\u00e8s avoir \u00e9t\u00e9 s\u00e9dat\u00e9 \u00e0 son insu, par l\u2019administration de somnif\u00e8res. Mobile du crime\u00a0? L\u2019argent, Carmen Enciso \u00e9tant accro aux jeux d\u2019argent. Elle aurait ainsi effectu\u00e9 plusieurs virements en utilisant les comptes de son conjoint et en cachant \u00e0 ses proches sa disparition. Elle encourt la r\u00e9clusion criminelle \u00e0 perp\u00e9tuit\u00e9.<\/p>\n<p>Le drame de Lorenzo, t\u00e9trapl\u00e9gique apr\u00e8s une agression \u00e0 Lattes<\/p>\n<p>Six jeunes H\u00e9raultais seront jug\u00e9s du 7 au 14\u00a0avril par la cour criminelle de l\u2019H\u00e9rault pour la terrible bagarre entre deux groupes survenue le 23\u00a0ao\u00fbt 2020 \u00e0 Lattes, apr\u00e8s laquelle Lorenzo Roques, alors \u00e2g\u00e9 de 19 ans, a \u00e9t\u00e9 tr\u00e8s gri\u00e8vement bless\u00e9, et est depuis t\u00e9trapl\u00e9gique.<\/p>\n<p>Seuls deux d\u2019entre eux sont accus\u00e9s d\u2019avoir provoqu\u00e9 ces terribles et irr\u00e9versibles blessures, les quatre autres compara\u00eetront pour les coups \u00e9chang\u00e9s entre les autres protagonistes de cette rixe.<\/p>\n<p>Un assassinat sous la douche \u00e0 Perpignan<\/p>\n<p>Trois membres de la communaut\u00e9 gitane de Perpignan, dont la femme de la victime\u00a0comparaissent du 3 au 5\u00a0f\u00e9vrier devant la cour d\u2019assises des Pyr\u00e9n\u00e9es-Orientales pour assassinat et complicit\u00e9 <a href=\"https:\/\/www.midilibre.fr\/2022\/11\/16\/tue-par-balles-sous-sa-douche-a-perpignan-coup-de-theatre-sa-jeune-epouse-serait-complice-du-crime-10806983.php\" target=\"_self\" rel=\"noopener\">dans un dossier atypique<\/a>. Le 2\u00a0f\u00e9vrier 2022, Anthony Caragol, 31 ans, \u00e9tait abattu par son beau-fr\u00e8re alors qu\u2019il prenait sa douche dans son appartement situ\u00e9 au Haut-Vernhet \u00e0 Perpignan. Pour les enqu\u00eateurs, il aurait \u00e9t\u00e9 victime d\u2019une vendetta familiale, apr\u00e8s avoir oblig\u00e9 la s\u0153ur de son \u00e9pouse\u00a0\u00e0 avoir des relations sexuelles avec lui, alors qu\u2019elle \u00e9tait adolescente. Cette derni\u00e8re, son fr\u00e8re et son p\u00e8re encourent la r\u00e9clusion criminelle \u00e0 perp\u00e9tuit\u00e9.<\/p>\n<p>Beaucoup d\u2019affaires de violences li\u00e9es \u00e0 des trafics de stup\u00e9fiants survenues\u00a0dans des quartiers sensibles vont par ailleurs \u00eatre jug\u00e9es d\u2019ici juin.<\/p>\n<p>Meurtre et tentative de meurtre \u00e0 N\u00eemes, quartier Pissevin<\/p>\n<p>Kamel Traida, 42 ans, est jug\u00e9 \u00e0 N\u00eemes du 19 au 28\u00a0janvier, dans deux affaires diff\u00e9rentes et audienc\u00e9es successivement\u00a0pour le\u00a0meurtre <a href=\"https:\/\/www.midilibre.fr\/2021\/01\/18\/nimes-un-homme-tue-par-balles-la-police-enquete-9319283.php\" target=\"_self\" rel=\"noopener\">d\u2019un jeune homme de 22 ans apr\u00e8s une course-poursuite en voiture<\/a> et une tentative de meurtre \u00e0 Pissevin, qu\u2019il nie, commis en janvier\u00a02021 et en octobre\u00a02022. Dans les deux cas, les victimes auraient \u00e9t\u00e9 prises pour cible par erreur.<\/p>\n<p>Coups de feu contre une \u00e9picerie de Montpellier, quartier Saint-Martin<\/p>\n<p>Sofiene Fahri, 29 ans, compara\u00eet aux assises de l\u2019H\u00e9rault du 20 au 22\u00a0janvier pour une <a href=\"https:\/\/www.midilibre.fr\/2023\/05\/29\/deux-personnes-blessees-par-arme-a-feu-dans-la-cite-saint-martin-a-montpellier-11227912.php\" target=\"_self\" rel=\"noopener\">double tentative de meurtre, le 29\u00a0mai 2023<\/a>, sur les g\u00e9rants d\u2019une \u00e9picerie du quartier Saint-Martin \u00e0 Montpellier, r\u00e9cemment endeuill\u00e9 par<a href=\"https:\/\/www.midilibre.fr\/2025\/11\/28\/incendie-mortel-de-la-tour-saint-martin-le-parquet-de-montpellier-ouvre-une-information-judiciaire-pour-assassinat-13080238.php\" target=\"_self\" rel=\"noopener\"> l\u2019incendie mortel d\u2019un autre commerce<\/a>, dans ce quartier qui conna\u00eet <a href=\"https:\/\/www.midilibre.fr\/2024\/12\/19\/deal-securite-cadre-de-vie-un-an-apres-loperation-place-nette-ou-en-est-le-quartier-saint-martin-a-montpellier-12396067.php\" target=\"_self\" rel=\"noopener\">des tensions r\u00e9currentes depuis trois ans<\/a>.<\/p>\n<p>S\u00e9questr\u00e9e par des trafiquants, lib\u00e9r\u00e9e par le Raid \u00e0 Montpellier<\/p>\n<p>Quatre hommes sont jug\u00e9s du 2 au 6\u00a0mars \u00e0 Montpellier pour la s\u00e9questration d\u2019une jeune femme en septembre\u00a02022, prise en otage en marge d\u2019un conflit entre trafiquants de drogue, qui exigeaient le versement d\u2019une ran\u00e7on pour sa lib\u00e9ration.\u00a0Elle avait pu \u00eatre d\u00e9livr\u00e9e\u00a0gr\u00e2ce \u00e0 une intervention du Raid mais <a href=\"https:\/\/www.midilibre.fr\/2025\/02\/17\/sequestree-a-montpellier-contre-une-rancon-de-40-000-eur-ses-trois-ravisseurs-devraient-etre-juges-aux-assises-de-lherault-12508737.php\" target=\"_self\" rel=\"noopener\">reste extr\u00eamement traumatis\u00e9e par cette \u00e9preuve.<\/a><\/p>\n<p>Battu \u00e0 mort sur un point de deal \u00e0 La Mosson<\/p>\n<p>Trois accus\u00e9s comparaissent du 4 au 7\u00a0mai pour le meurtre <a href=\"https:\/\/www.midilibre.fr\/2023\/07\/17\/lynchage-mortel-a-montpellier-apres-lui-avoir-shoote-dans-la-tete-il-lui-a-saute-dessus-a-pieds-joints-11345069.php\" target=\"_self\" rel=\"noopener\">d\u2019un homme sur un point de deal de La Paillade <\/a>\u00e0 Montpellier, battu \u00e0 mort le 13\u00a0juin 2023. La victime qui souffrait de troubles psychiatriques est venue menacer plusieurs personnes sur ce site connu pour abriter un lieu de deal, et a \u00e9t\u00e9 tu\u00e9e avec une extr\u00eame sauvagerie, l\u2019un des mis en cause ayant saut\u00e9 \u00e0 pieds joints sur sa t\u00eate alors qu\u2019il \u00e9tait \u00e0 terre.<\/p>\n<p>Assassin\u00e9 \u00e0 19 ans par balle au Val-de-Croze, \u00e0 Montpellier<\/p>\n<p>Cinq accus\u00e9s sont jug\u00e9s du 18 au 22\u00a0mai par la cour d\u2019assises de l\u2019H\u00e9rault pour <a href=\"https:\/\/www.midilibre.fr\/2023\/06\/01\/jeune-de-19-ans-tue-en-pleine-rue-a-montpellier-riyadh-etait-un-garcon-sans-histoires-assure-sa-famille-11234002.php\" target=\"_self\" rel=\"noopener\">l\u2019assassinat par balle au Val-de-Croze<\/a> d\u2019un jeune homme le 16\u00a0mai 2023, qui avait \u00e9t\u00e9 tu\u00e9 d\u2019une balle dans le dos alors qu\u2019il fuyait un groupe d\u2019hommes arm\u00e9s venus se livrer \u00e0 une sorte d\u2019exp\u00e9dition punitive dans ce quartier de Montpellier. Deux des suspects avaient \u00e9t\u00e9 arr\u00eat\u00e9s en Suisse, o\u00f9 ils \u00e9taient partis en cavale, et extrad\u00e9s dans les semaines suivant le crime.<\/p>\n<p>Cribl\u00e9 de balles pr\u00e8s du commissariat de Montpellier<\/p>\n<p>Quatre accus\u00e9s comparaissent du 15 au 19\u00a0juin devant la cour d\u2019assises de l\u2019H\u00e9rault pour l\u2019assassinat le 3\u00a0janvier 2023 d\u2019un homme <a href=\"https:\/\/www.midilibre.fr\/2023\/01\/05\/patron-de-bar-a-chicha-abattu-a-montpellier-un-deroule-avere-des-mobiles-possibles-le-point-sur-ce-que-lon-sait-10906915.php\" target=\"_self\" rel=\"noopener\">cribl\u00e9 de balles dans sa voiture, pr\u00e8s du commissariat central<\/a>\u00a0de Montpellier. Derri\u00e8re ce crime, qui serait li\u00e9 \u00e0 une dispute survenue dans un bar \u00e0 chicha, l\u2019Empire, dont la victime \u00e9tait propri\u00e9taire s\u2019\u00e9tend l\u2019ombre du narcotrafic, tous les protagonistes \u00e9tant par ailleurs impliqu\u00e9s dans d\u2019importants trafics de drogue, \u00e0 Montpellier comme dans le Vaucluse.<\/p>\n","protected":false},"excerpt":{"rendered":"De nombreuses affaires criminelles vont \u00eatre jug\u00e9es dans les six prochains mois sur le ressort des cours d\u2019appel&hellip;\n","protected":false},"author":2,"featured_media":635797,"comment_status":"","ping_status":"","sticky":false,"template":"","format":"standard","meta":{"footnotes":""},"categories":[9599],"tags":[1111,11,1777,674,1011,27,303,2208,12,2680,3464,11548,25],"class_list":{"0":"post-635796","1":"post","2":"type-post","3":"status-publish","4":"format-standard","5":"has-post-thumbnail","7":"category-montpellier","8":"tag-actu","9":"tag-actualites","10":"tag-eu","11":"tag-europe","12":"tag-fr","13":"tag-france","14":"tag-justice","15":"tag-montpellier","16":"tag-news","17":"tag-occitanie","18":"tag-perpignan","19":"tag-pyrenees-orientales","20":"tag-republique-francaise"},"share_on_mastodon":{"url":"https:\/\/pubeurope.com\/@fr\/115824560986877595","error":""},"_links":{"self":[{"href":"https:\/\/www.europesays.com\/fr\/wp-json\/wp\/v2\/posts\/635796","targetHints":{"allow":["GET"]}}],"collection":[{"href":"https:\/\/www.europesays.com\/fr\/wp-json\/wp\/v2\/posts"}],"about":[{"href":"https:\/\/www.europesays.com\/fr\/wp-json\/wp\/v2\/types\/post"}],"author":[{"embeddable":true,"href":"https:\/\/www.europesays.com\/fr\/wp-json\/wp\/v2\/users\/2"}],"replies":[{"embeddable":true,"href":"https:\/\/www.europesays.com\/fr\/wp-json\/wp\/v2\/comments?post=635796"}],"version-history":[{"count":0,"href":"https:\/\/www.europesays.com\/fr\/wp-json\/wp\/v2\/posts\/635796\/revisions"}],"wp:featuredmedia":[{"embeddable":true,"href":"https:\/\/www.europesays.com\/fr\/wp-json\/wp\/v2\/media\/635797"}],"wp:attachment":[{"href":"https:\/\/www.europesays.com\/fr\/wp-json\/wp\/v2\/media?parent=635796"}],"wp:term":[{"taxonomy":"category","embeddable":true,"href":"https:\/\/www.europesays.com\/fr\/wp-json\/wp\/v2\/categories?post=635796"},{"taxonomy":"post_tag","embeddable":true,"href":"https:\/\/www.europesays.com\/fr\/wp-json\/wp\/v2\/tags?post=635796"}],"curies":[{"name":"wp","href":"https:\/\/api.w.org\/{rel}","templated":true}]}}