{"id":635798,"date":"2026-01-02T08:28:09","date_gmt":"2026-01-02T08:28:09","guid":{"rendered":"https:\/\/www.europesays.com\/fr\/635798\/"},"modified":"2026-01-02T08:28:09","modified_gmt":"2026-01-02T08:28:09","slug":"la-seine-maritime-en-alerte-meteo-ce-vendredi","status":"publish","type":"post","link":"https:\/\/www.europesays.com\/fr\/635798\/","title":{"rendered":"la Seine-Maritime en alerte m\u00e9t\u00e9o ce vendredi"},"content":{"rendered":"<p>                    Par<br \/>\n        <strong><br \/>\n            <a href=\"https:\/\/actu.fr\/auteur\/eaube\" title=\"Consulter tous les articles de Elo\u00efse Aub\u00e9\" target=\"_blank\" rel=\"noopener\">Elo\u00efse Aub\u00e9<\/a><br \/>\n                    <\/strong><\/p>\n<p>        Publi\u00e9 le<\/p>\n<p>            2 janv. 2026 \u00e0 7h07        <\/p>\n<p>Comme <a href=\"https:\/\/actu.fr\/meteo\/meteo-du-nouvel-an-en-seine-maritime-froid-et-neige-au-programme_63633541.html\" target=\"_blank\" rel=\"noopener\">depuis No\u00ebl<\/a>, la m\u00e9t\u00e9o affiche un temps tr\u00e8s froid, provoquant d\u2019importantes gel\u00e9es. Et ce n\u2019est pas fini, puisque <strong>M\u00e9t\u00e9o France a plac\u00e9 la Seine-Maritime en vigilance jaune pour neige et verglas<\/strong> ce vendredi 2\u00a0janvier 2026. L\u2019alerte est \u00e9mise de 8\u00a0heures \u00e0 13\u00a0heures puis \u00e0 partir de 17\u00a0heures jusqu\u2019\u00e0 demain matin<\/p>\n<p>Pluie vergla\u00e7ante<\/p>\n<p class=\" wall-content\">Le temps sera tr\u00e8s nuageux ce vendredi<strong> l\u2019apparition de la pluie en fin de matin\u00e9e.<\/strong> Celle-ci devrait \u00eatre plus dense, sur l\u2019ensemble du d\u00e9partement, dans l\u2019apr\u00e8s-midi. Une pluie qui, une fois au sol, se transforme en verglas alors prudence sur les routes\u2009!<\/p>\n<p class=\" wall-content\">Selon M\u00e9t\u00e9o France, les temp\u00e9ratures oscilleront entre 0 et 2 degr\u00e9s tout au long de la journ\u00e9e du c\u00f4t\u00e9 de <a href=\"https:\/\/actu.fr\/meteo\/meteo-du-nouvel-an-en-seine-maritime-froid-et-neige-au-programme_63633541.html\" target=\"_blank\" rel=\"noopener\">Rouen<\/a>. Au\u00a0<a href=\"https:\/\/actu.fr\/meteo\/meteo-du-nouvel-an-en-seine-maritime-froid-et-neige-au-programme_63633541.html\" target=\"_blank\" rel=\"noopener\">Havre<\/a>, les temp\u00e9ratures seront l\u00e9g\u00e8rement plus \u00e9lev\u00e9es pouvant grimper jusqu\u2019\u00e0 7 degr\u00e9s.<\/p>\n<p class=\" wall-content\">Samedi le temps sera bien ensoleill\u00e9 et le thermom\u00e8tre affichera \u2013 1 degr\u00e9.<\/p>\n<p>Et la neige\u2009?<\/p>\n<p class=\" wall-content\">D\u2019apr\u00e8s plusieurs mod\u00e8les m\u00e9t\u00e9o, <strong>quelques flocons<\/strong> devraient appara\u00eetre ce vendredi 2\u00a0janvier au centre et \u00e0 l\u2019est du d\u00e9partement. Attention cependant, il est toujours difficile de pr\u00e9voir un \u00e9pisode neigeux car la limite entre la neige et la pluie peut se jouer \u00e0 quelques dixi\u00e8mes de degr\u00e9s pr\u00e8s. Aussi, la temp\u00e9rature du sol, notamment en plaine, est un autre facteur qui d\u00e9termine la tenue, ou non, de la neige. Ce que n\u2019indiquent pas forc\u00e9ment les pr\u00e9visions m\u00e9t\u00e9orologiques.<\/p>\n<p>Vid\u00e9os : en ce moment sur ActuSuivez l\u2019actualit\u00e9 de <a href=\"https:\/\/www.whatsapp.com\/channel\/0029VaKfnf99hXF2ddApFB1D\" target=\"_blank\" rel=\"noopener\">Rouen<\/a> et du<a href=\"https:\/\/www.whatsapp.com\/channel\/0029VaKfnf99hXF2ddApFB1D\" target=\"_blank\" rel=\"noopener\">\u00a0Havre<\/a> sur WhatsApp et sur notre <a href=\"https:\/\/www.tiktok.com\/@76actu.fr?lang=fr\" target=\"_blank\" rel=\"noopener\">compte TikTok<\/a><\/p>\n<p class=\" wall-content\">Personnalisez votre actualit\u00e9 en ajoutant vos villes et m\u00e9dias en favori avec <a href=\"https:\/\/moncompte.actu.fr\" title=\"D\u00e9couvez Mon Actu\" rel=\"nofollow noopener\" data-trk=\"{&quot;cta&quot;:{&quot;action&quot;:&quot;https:\\\/\\\/moncompte.actu.fr&quot;,&quot;category&quot;:&quot;mon compte&quot;,&quot;from&quot;:&quot;article footer&quot;,&quot;name&quot;:&quot;Mon actu&quot;,&quot;type&quot;:&quot;cta&quot;}}\" target=\"_blank\">Mon Actu<\/a>.<\/p>\n<p>                    <script async src=\"\/\/www.tiktok.com\/embed.js\"><\/script><\/p>\n","protected":false},"excerpt":{"rendered":"Par Elo\u00efse Aub\u00e9 Publi\u00e9 le 2 janv. 2026 \u00e0 7h07 Comme depuis No\u00ebl, la m\u00e9t\u00e9o affiche un temps&hellip;\n","protected":false},"author":2,"featured_media":635799,"comment_status":"","ping_status":"","sticky":false,"template":"","format":"standard","meta":{"footnotes":""},"categories":[9587],"tags":[1111,11,1777,674,1011,27,2487,2357,10584,12,5161,25,9590],"class_list":{"0":"post-635798","1":"post","2":"type-post","3":"status-publish","4":"format-standard","5":"has-post-thumbnail","7":"category-rouen","8":"tag-actu","9":"tag-actualites","10":"tag-eu","11":"tag-europe","12":"tag-fr","13":"tag-france","14":"tag-meteo","15":"tag-meteo-france","16":"tag-neige","17":"tag-news","18":"tag-normandie","19":"tag-republique-francaise","20":"tag-rouen"},"share_on_mastodon":{"url":"https:\/\/pubeurope.com\/@fr\/115824564818421459","error":""},"_links":{"self":[{"href":"https:\/\/www.europesays.com\/fr\/wp-json\/wp\/v2\/posts\/635798","targetHints":{"allow":["GET"]}}],"collection":[{"href":"https:\/\/www.europesays.com\/fr\/wp-json\/wp\/v2\/posts"}],"about":[{"href":"https:\/\/www.europesays.com\/fr\/wp-json\/wp\/v2\/types\/post"}],"author":[{"embeddable":true,"href":"https:\/\/www.europesays.com\/fr\/wp-json\/wp\/v2\/users\/2"}],"replies":[{"embeddable":true,"href":"https:\/\/www.europesays.com\/fr\/wp-json\/wp\/v2\/comments?post=635798"}],"version-history":[{"count":0,"href":"https:\/\/www.europesays.com\/fr\/wp-json\/wp\/v2\/posts\/635798\/revisions"}],"wp:featuredmedia":[{"embeddable":true,"href":"https:\/\/www.europesays.com\/fr\/wp-json\/wp\/v2\/media\/635799"}],"wp:attachment":[{"href":"https:\/\/www.europesays.com\/fr\/wp-json\/wp\/v2\/media?parent=635798"}],"wp:term":[{"taxonomy":"category","embeddable":true,"href":"https:\/\/www.europesays.com\/fr\/wp-json\/wp\/v2\/categories?post=635798"},{"taxonomy":"post_tag","embeddable":true,"href":"https:\/\/www.europesays.com\/fr\/wp-json\/wp\/v2\/tags?post=635798"}],"curies":[{"name":"wp","href":"https:\/\/api.w.org\/{rel}","templated":true}]}}