{"id":635806,"date":"2026-01-02T08:36:40","date_gmt":"2026-01-02T08:36:40","guid":{"rendered":"https:\/\/www.europesays.com\/fr\/635806\/"},"modified":"2026-01-02T08:36:40","modified_gmt":"2026-01-02T08:36:40","slug":"degustation-de-whiskies-a-strasbourg-gastronomie-date-horaires-tarifs","status":"publish","type":"post","link":"https:\/\/www.europesays.com\/fr\/635806\/","title":{"rendered":"D\u00e9gustation de Whiskies \u00e0 Strasbourg, Gastronomie : date, horaires, tarifs"},"content":{"rendered":"<p class=\"fw-bold font-size-16 my-1\"> H\u00f4tel Novotel Strasb Quai Kleber | <a href=\"https:\/\/www.jds.fr\/strasbourg\/\" target=\"_blank\" rel=\"noopener\">Strasbourg<\/a><\/p>\n<p class=\"fw-bold font-size-16 my-1\"> Tarif solo &#8211; 2h, VOG Ludique Le B.A.BA du Whisky &#8211; Prix \/ personne : 55,10\u00a0\u20ac | Tarif duo &#8211; 2h, VOG Ludique Le B.A.BA du Whisky &#8211; Prix \/ 2 personnes : 110,30\u00a0\u20ac <\/p>\n<ul class=\"list-unstyled d-flex flex-wrap mt-2\">\n<li class=\"me-2 mb-2\">sensoriel<\/li>\n<li class=\"me-2 mb-2\">\u00e9ducatif<\/li>\n<li class=\"me-2 mb-2\">adultes<\/li>\n<li class=\"me-2 mb-2\">amis<\/li>\n<li class=\"me-2 mb-2\">int\u00e9rieur<\/li>\n<li class=\"me-2 mb-2\">2h-3h<\/li>\n<li class=\"me-2 mb-2\">gastronomie<\/li>\n<li class=\"me-2 mb-2\">oenologie<\/li>\n<li class=\"me-2 mb-2\">EVG<\/li>\n<li class=\"me-2 mb-2\">EVJF<\/li>\n<li class=\"me-2 mb-2\">id\u00e9e cadeau<\/li>\n<\/ul>\n<p><a class=\"btn btn-lg shadow-lg btn-primary rounded-pill fnac_link\" data-fnac=\"haut\" href=\"https:\/\/lb.affilae.com\/r\/?p=5f7dd9b02760126e01e487b3&amp;af=628&amp;lp=https%3A%2F%2Fwww.funbooker.com%2Ffr%2Fannonce%2Fdegustation-de-whiskies-a-strasbourg%2Fvoir%3Futm_source%3Daffilae%26utm_medium%3Djds\" target=\"_blank\" rel=\"nofollow noopener\"> Acheter des billets<\/a><\/p>\n<p>Le whisky est un alcool fort particuli\u00e8rement appr\u00e9ci\u00e9 des connaisseurs. Mais connaissez-vous vraiment toutes ses variantes\u00a0? De la fabrication en \u00c9cosse aux sp\u00e9cificit\u00e9s du whisky japonais, cette d\u00e9gustation vous permettra de mieux appr\u00e9hender les whiskies du monde et leur histoire.<\/p>\n<p><a data-lightbox=\"article\" data-title=\"D\u00e9gustation de Whiskies \u00e0 Strasbourg DR\" class=\"image detail fullwidth  position-relative d-block\" href=\"https:\/\/www.jds.fr\/medias\/image\/degustation-de-whiskies-a-strasbourg-811458-920-0-F.webp\" title=\"D\u00e9gustation de Whiskies \u00e0 Strasbourg DR\" target=\"_blank\" rel=\"noopener\"><br \/>\n<img decoding=\"async\" loading=\"lazy\" src=\"https:\/\/www.europesays.com\/fr\/wp-content\/uploads\/2026\/01\/degustation-de-whiskies-a-strasbourg-811458-1200-0.webp.webp\"   width=\"685\" alt=\"D\u00e9gustation de Whiskies \u00e0 Strasbourg\" class=\"border\"\/><br \/>\nDR<br \/>\nD\u00e9gustation de Whiskies \u00e0 Strasbourg<br \/>\n<\/a><\/p>\n<p><strong>D\u00e9roulement de la d\u00e9gustation (2 h)<\/strong>\u00a0:<\/p>\n<ul>\n<li><strong>Formation th\u00e9orique<\/strong>\u00a0: secrets de fabrication, myst\u00e8res de la distillation et du vieillissement en f\u00fbt de ch\u00eane, diff\u00e9rence entre pur malt et single malt\u2026<\/li>\n<li><strong>D\u00e9gustation<\/strong> de 4 whiskies diff\u00e9rents, sous les conseils et les explications du formateur. Vous aurez notamment l&rsquo;occasion de d\u00e9guster du whisky irlandais ou \u00e9cossais.<\/li>\n<\/ul>\n<p>Deux formules vous sont propos\u00e9es\u00a0: solo ou duo, pour une exp\u00e9rience \u00e0 partager avec un proche. La d\u00e9gustation de whisky est une activit\u00e9 id\u00e9ale \u00e0 offrir en cadeau \u00e0 un proche, ou \u00e0 faire avec des amis, notamment \u00e0 l&rsquo;occasion d&rsquo;un enterrement de vie de c\u00e9libataire.<\/p>\n<p>            Renseignements<\/p>\n<p><strong class=\"font-size-18\">O\u00f9\u00a0:<\/strong><br \/> H\u00f4tel Novotel Strasb Quai Kleber<a class=\"mt-1 d-block ps-4\" href=\"https:\/\/www.jds.fr\/strasbourg\/\" target=\"_blank\" rel=\"noopener\"> 67000 Strasbourg<\/a><\/p>\n<p>Tarifs et billetterie\u00a0: <\/p>\n<p>Tarif solo &#8211; 2h, VOG Ludique Le B.A.BA du Whisky &#8211; Prix \/ personne : 55,10\u00a0\u20ac<br \/>Tarif duo &#8211; 2h, VOG Ludique Le B.A.BA du Whisky &#8211; Prix \/ 2 personnes : 110,30\u00a0\u20ac<\/p>\n<p>Les actualit\u00e9s \u00e0 Strasbourg<\/p>\n<ul class=\"mt-3 list-unstyled list-articles-v2\" id=\"liste-dates-69575f64eedc0\">\n<li class=\"col-12 pt-4\" data-view-id-type=\"1\" data-view-id=\"1306988\" data-view-bc=\"0\"><a class=\"image\" href=\"https:\/\/www.jds.fr\/strasbourg\/magazine\/sorties-du-week-end\/top-5-des-idees-sorties-pour-ce-week-end-a-strasbourg-du-2-au-4-janvier-1306988_A\" target=\"_blank\" rel=\"noopener\"><img decoding=\"async\" loading=\"lazy\" src=\"https:\/\/www.europesays.com\/fr\/wp-content\/uploads\/2025\/12\/feerie-de-noel-a-saverne-3-811198-180-180.webp.webp\" width=\"180\" height=\"180\" alt=\"Top 5 des id\u00e9es sorties pour ce week-end \u00e0 Strasbourg (du 2 au 4 janvier)\" class=\"border\"\/><\/a><\/li>\n<li class=\"col-12 pt-4\" data-view-id-type=\"1\" data-view-id=\"1289835\" data-view-bc=\"0\"><a class=\"image\" href=\"https:\/\/www.jds.fr\/strasbourg\/magazine\/actu-magazine\/cahier-d-activites-en-alsacien-pour-enfants-le-feriespass-de-l-olca-1289835_A\" target=\"_blank\" rel=\"noopener\"><img decoding=\"async\" loading=\"lazy\" src=\"https:\/\/www.europesays.com\/fr\/wp-content\/uploads\/2025\/12\/cahier-d-activites-en-alsacien-pour-enfants-le-fer-796676-180-180.webp.webp\" width=\"180\" height=\"180\" alt=\"Cahier d'activit\u00e9s en alsacien pour enfants : le Feriesp\u00e0ss de l'OLCA\" class=\"border\"\/><\/a><\/li>\n<li class=\"col-12 pt-4\" data-view-id-type=\"1\" data-view-id=\"1283751\" data-view-bc=\"0\"><a class=\"image\" href=\"https:\/\/www.jds.fr\/strasbourg\/magazine\/actu-magazine\/noel-solidaire-a-strasbourg-l-armee-du-salut-relance-ses-marmites-de-noel-1283751_A\" target=\"_blank\" rel=\"noopener\"><img decoding=\"async\" loading=\"lazy\" src=\"https:\/\/www.europesays.com\/fr\/wp-content\/uploads\/2025\/12\/marmites-de-noel-de-l-armee-du-salut-a-strasbourg-793634-180-180.webp.webp\" width=\"180\" height=\"180\" alt=\"No\u00ebl solidaire \u00e0 Strasbourg : l\u2019Arm\u00e9e du Salut relance ses Marmites de No\u00ebl\" class=\"border\"\/><\/a><\/li>\n<\/ul>\n<p><a href=\"https:\/\/www.jds.fr\/strasbourg\/magazine\/\" class=\"btn btn-outline-primary py-2 px-4\" target=\"_blank\" rel=\"noopener\">Voir toutes les actualit\u00e9s \u00e0 Strasbourg<\/a><br \/>\n<a class=\"gp_div_clic_event\" data-id=\"4004\" rel=\"nofollow noopener\" href=\"https:\/\/www.jds.fr\/scripts\/gp_div_clic.php?redirection&amp;id=4004&amp;format=18\" target=\"_blank\"><img decoding=\"async\" loading=\"lazy\" src=\"https:\/\/www.europesays.com\/fr\/wp-content\/uploads\/2025\/12\/stadtpark-mannheim-300x600-24.png\" alt=\"Publicit\u00e9\" border=\"0\" width=\"300\"\/><\/a><\/p>\n<p class=\"mt-0 mb-3 h2\">Newsletter JDS Strasbourg<\/p>\n<p class=\"font-size-18 fw-normal lh-sm\">Pr\u00eat pour un week-end de folie\u00a0? Chaque jeudi tous les bons plans sorties<\/p>\n","protected":false},"excerpt":{"rendered":"H\u00f4tel Novotel Strasb Quai Kleber | Strasbourg Tarif solo &#8211; 2h, VOG Ludique Le B.A.BA du Whisky &#8211;&hellip;\n","protected":false},"author":2,"featured_media":635807,"comment_status":"","ping_status":"","sticky":false,"template":"","format":"standard","meta":{"footnotes":""},"categories":[2820],"tags":[1111,11,1777,674,1011,27,775,12,25,640],"class_list":{"0":"post-635806","1":"post","2":"type-post","3":"status-publish","4":"format-standard","5":"has-post-thumbnail","7":"category-strasbourg","8":"tag-actu","9":"tag-actualites","10":"tag-eu","11":"tag-europe","12":"tag-fr","13":"tag-france","14":"tag-grand-est","15":"tag-news","16":"tag-republique-francaise","17":"tag-strasbourg"},"share_on_mastodon":{"url":"https:\/\/pubeurope.com\/@fr\/115824596633081051","error":""},"_links":{"self":[{"href":"https:\/\/www.europesays.com\/fr\/wp-json\/wp\/v2\/posts\/635806","targetHints":{"allow":["GET"]}}],"collection":[{"href":"https:\/\/www.europesays.com\/fr\/wp-json\/wp\/v2\/posts"}],"about":[{"href":"https:\/\/www.europesays.com\/fr\/wp-json\/wp\/v2\/types\/post"}],"author":[{"embeddable":true,"href":"https:\/\/www.europesays.com\/fr\/wp-json\/wp\/v2\/users\/2"}],"replies":[{"embeddable":true,"href":"https:\/\/www.europesays.com\/fr\/wp-json\/wp\/v2\/comments?post=635806"}],"version-history":[{"count":0,"href":"https:\/\/www.europesays.com\/fr\/wp-json\/wp\/v2\/posts\/635806\/revisions"}],"wp:featuredmedia":[{"embeddable":true,"href":"https:\/\/www.europesays.com\/fr\/wp-json\/wp\/v2\/media\/635807"}],"wp:attachment":[{"href":"https:\/\/www.europesays.com\/fr\/wp-json\/wp\/v2\/media?parent=635806"}],"wp:term":[{"taxonomy":"category","embeddable":true,"href":"https:\/\/www.europesays.com\/fr\/wp-json\/wp\/v2\/categories?post=635806"},{"taxonomy":"post_tag","embeddable":true,"href":"https:\/\/www.europesays.com\/fr\/wp-json\/wp\/v2\/tags?post=635806"}],"curies":[{"name":"wp","href":"https:\/\/api.w.org\/{rel}","templated":true}]}}