{"id":635818,"date":"2026-01-02T08:42:10","date_gmt":"2026-01-02T08:42:10","guid":{"rendered":"https:\/\/www.europesays.com\/fr\/635818\/"},"modified":"2026-01-02T08:42:10","modified_gmt":"2026-01-02T08:42:10","slug":"catherine-pelletier-premiere-femme-a-la-direction-de-la-cpam-de-la-gironde","status":"publish","type":"post","link":"https:\/\/www.europesays.com\/fr\/635818\/","title":{"rendered":"Catherine Pelletier, premi\u00e8re femme \u00e0 la direction de la CPAM de la Gironde"},"content":{"rendered":"<p><strong>Une carri\u00e8re de dirigeante \u00e0 la S\u00e9curit\u00e9 sociale<\/strong><\/p>\n<p>Dipl\u00f4m\u00e9e de l\u2019\u00c9cole Nationale des Dirigeants de la S\u00e9curit\u00e9 Sociale (EN3S\u2009: \u00c9cole Nationale Sup\u00e9rieure de S\u00e9curit\u00e9 Sociale), Catherine Pelletier, directrice d\u2019organismes d\u2019assurance maladie depuis plus de 18 ans, a r\u00e9alis\u00e9 un parcours riche et diversifi\u00e9 au sein de la S\u00e9curit\u00e9 sociale. Elle a successivement exerc\u00e9 en Corr\u00e8ze, en Haute-Vienne et dans le Loiret o\u00f9 elle \u00e9tait depuis 2021.<\/p>\n<p>Parall\u00e8lement \u00e0 la Direction g\u00e9n\u00e9rale de la CPAM de la Gironde, Catherine Pelletier assurera \u00e9galement la mission de directrice coordinatrice de la gestion du risque de la r\u00e9gion Nouvelle-Aquitaine. \u00c0 ce titre, elle coordonnera la mise en \u0153uvre des politiques nationales de ma\u00eetrise des d\u00e9penses de sant\u00e9 de l\u2019Assurance Maladie.<\/p>\n<p>C\u2019est autour de trois priorit\u00e9s fondamentales \u00ab\u202fla solidarit\u00e9, l\u2019acc\u00e8s aux soins et la pertinence des soins\u202f\u00bb, que Catherine Pelletier entend mener sa mission \u00e0 la t\u00eate de la Caisse primaire \u00ab\u202fpour que les Girondins puissent b\u00e9n\u00e9ficier du juste soin au meilleur co\u00fbt, tout en permettant \u00e0 chacun de pr\u00e9server sa sant\u00e9\u202f\u00bb.<\/p>\n<p>\u00a0<\/p>\n<p><strong>La CPAM de la Gironde, un acteur en sant\u00e9 majeur<\/strong><\/p>\n<p>&#8211; 1\u2009460 salari\u00e9s qui g\u00e8rent les relations avec\u2009:<\/p>\n<p>&#8211; 1\u2009668\u2009500 b\u00e9n\u00e9ficiaires, soit 92,4\u202f% de la population girondine<\/p>\n<p>&#8211; 15\u2009530 professionnels de sant\u00e9 lib\u00e9raux<\/p>\n<p>&#8211; 59\u2009000 entreprises<\/p>\n<p>&#8211; 6,18\u202fmilliards d\u2019euros de prestations rembours\u00e9es (2\u2009024)<\/p>\n<p>&#8211; 233\u2009700 assur\u00e9s re\u00e7us (2024)<\/p>\n<p>&#8211; 9 accueils<\/p>\n<p>&#8211; 1 centre d\u2019examens de sant\u00e9\u2009: 6\u2009900 examens en pr\u00e9vention de sant\u00e9 r\u00e9alis\u00e9s (2024)<\/p>\n","protected":false},"excerpt":{"rendered":"Une carri\u00e8re de dirigeante \u00e0 la S\u00e9curit\u00e9 sociale Dipl\u00f4m\u00e9e de l\u2019\u00c9cole Nationale des Dirigeants de la S\u00e9curit\u00e9 Sociale&hellip;\n","protected":false},"author":2,"featured_media":635819,"comment_status":"","ping_status":"","sticky":false,"template":"","format":"standard","meta":{"footnotes":""},"categories":[2817],"tags":[1111,11,1997,1777,674,1011,27,12,2219,25],"class_list":{"0":"post-635818","1":"post","2":"type-post","3":"status-publish","4":"format-standard","5":"has-post-thumbnail","7":"category-bordeaux","8":"tag-actu","9":"tag-actualites","10":"tag-bordeaux","11":"tag-eu","12":"tag-europe","13":"tag-fr","14":"tag-france","15":"tag-news","16":"tag-nouvelle-aquitaine","17":"tag-republique-francaise"},"share_on_mastodon":{"url":"https:\/\/pubeurope.com\/@fr\/115824619873575719","error":""},"_links":{"self":[{"href":"https:\/\/www.europesays.com\/fr\/wp-json\/wp\/v2\/posts\/635818","targetHints":{"allow":["GET"]}}],"collection":[{"href":"https:\/\/www.europesays.com\/fr\/wp-json\/wp\/v2\/posts"}],"about":[{"href":"https:\/\/www.europesays.com\/fr\/wp-json\/wp\/v2\/types\/post"}],"author":[{"embeddable":true,"href":"https:\/\/www.europesays.com\/fr\/wp-json\/wp\/v2\/users\/2"}],"replies":[{"embeddable":true,"href":"https:\/\/www.europesays.com\/fr\/wp-json\/wp\/v2\/comments?post=635818"}],"version-history":[{"count":0,"href":"https:\/\/www.europesays.com\/fr\/wp-json\/wp\/v2\/posts\/635818\/revisions"}],"wp:featuredmedia":[{"embeddable":true,"href":"https:\/\/www.europesays.com\/fr\/wp-json\/wp\/v2\/media\/635819"}],"wp:attachment":[{"href":"https:\/\/www.europesays.com\/fr\/wp-json\/wp\/v2\/media?parent=635818"}],"wp:term":[{"taxonomy":"category","embeddable":true,"href":"https:\/\/www.europesays.com\/fr\/wp-json\/wp\/v2\/categories?post=635818"},{"taxonomy":"post_tag","embeddable":true,"href":"https:\/\/www.europesays.com\/fr\/wp-json\/wp\/v2\/tags?post=635818"}],"curies":[{"name":"wp","href":"https:\/\/api.w.org\/{rel}","templated":true}]}}