{"id":635820,"date":"2026-01-02T08:43:11","date_gmt":"2026-01-02T08:43:11","guid":{"rendered":"https:\/\/www.europesays.com\/fr\/635820\/"},"modified":"2026-01-02T08:43:11","modified_gmt":"2026-01-02T08:43:11","slug":"je-vois-le-desarroi-des-agriculteurs-angelique-quesnel-magistrate-en-charge-des-affaires-collectives-a-bordeaux","status":"publish","type":"post","link":"https:\/\/www.europesays.com\/fr\/635820\/","title":{"rendered":"\u00ab\u00a0Je vois le d\u00e9sarroi des agriculteurs\u00a0\u00bb : Ang\u00e9lique Quesnel, magistrate en charge des affaires collectives \u00e0 Bordeaux"},"content":{"rendered":"<p>La crise de la viticulture se mesure d\u00e9sormais dans les tribunaux. En 2025, le nombre de proc\u00e9dures au tribunal judiciaire de Bordeaux a explos\u00e9, t\u00e9moigne Ang\u00e9lique Quesnel, magistrate en charge des proc\u00e9dures collectives au tribunal judiciaire de Bordeaux.\n<\/p>\n<p>Le d\u00e9sespoir des agriculteurs, Ang\u00e9lique Quesnel le\u00a0constate \u00ab\u00a0toutes les semaines\u00a0\u00bb lors de ses audiences de proc\u00e9dures collectives au tribunal judiciaire de Bordeaux. Selon la magistrate, les viticulteurs sont \u00ab\u00a0de plus en plus nombreux\u00a0\u00bb \u00e0 atterrir devant elle. \u00ab\u00a0En 2022, on avait \u00e0 peu pr\u00e8s 70 ouvertures de dossiers par an, cette ann\u00e9e nous avons 238 ouvertures. Sachant que ces ouvertures concernent toutes les entreprises, il n&rsquo;y a pas que des agriculteurs, mais qu&rsquo;ils repr\u00e9sentent \u00e0 peu pr\u00e8s 75\u00a0% \u00e0 80\u00a0% de ces ouvertures.\u00a0\u00bb<\/p>\n<p>Ce sont souvent \u00ab\u00a0des petits viticulteurs\u00a0\u00bb, des propri\u00e9t\u00e9s familiales. \u00ab\u00a0Mais il peut y avoir, au vu du contexte \u00e9conomique, de plus en plus d&rsquo; entreprises de taille moyenne et parfois, des gros ch\u00e2teaux\u00a0\u00bb.<\/p>\n<p>\u00ab\u00a0On essaye de maintenir l&rsquo;activit\u00e9\u00a0\u00bb<\/p>\n<p>Ces viticulteurs\u00a0sont confront\u00e9s \u00e0 des difficult\u00e9s \u00ab\u00a0qui parfois peuvent exister depuis plusieurs ann\u00e9es. Souvent des dettes aupr\u00e8s des organismes bancaires, mais aussi pour des cotisations sociales, notamment aupr\u00e8s de la MSA. Quand ils viennent devant le tribunal des proc\u00e9dures collectives, c&rsquo;est qu&rsquo;ils sont en situation tr\u00e8s critique\u00a0\u00bb.<\/p>\n<p>\u00ab\u00a0Le tribunal judiciaire ne va pas forc\u00e9ment ouvrir une liquidation judiciaire\u00a0\u00bb, veut-elle rassurer. \u00ab\u00a0Au contraire, on essaie de maintenir l&rsquo;activit\u00e9. Et c&rsquo;est pour \u00e7a qu&rsquo;il faut qu&rsquo;il intervienne le plus t\u00f4t possible. D\u00e8s qu&rsquo;ils sentent qu&rsquo;ils sont en situation de tension, il faut intervenir et demander au tribunal la protection\u00a0\u00bb. Un conciliateur peut \u00eatre nomm\u00e9 pour les \u00ab\u00a0aider \u00e0 trouver des \u00e9chelonnements des dettes, m\u00eame parfois des remises de dettes. C&rsquo;est pour \u00e7a qu&rsquo;il est important d&rsquo;arriver le plus en amont possible des difficult\u00e9s\u00a0\u00bb.<\/p>\n","protected":false},"excerpt":{"rendered":"La crise de la viticulture se mesure d\u00e9sormais dans les tribunaux. En 2025, le nombre de proc\u00e9dures au&hellip;\n","protected":false},"author":2,"featured_media":635821,"comment_status":"","ping_status":"","sticky":false,"template":"","format":"standard","meta":{"footnotes":""},"categories":[2817],"tags":[1111,11,1997,1777,674,1011,27,12,2219,25],"class_list":{"0":"post-635820","1":"post","2":"type-post","3":"status-publish","4":"format-standard","5":"has-post-thumbnail","7":"category-bordeaux","8":"tag-actu","9":"tag-actualites","10":"tag-bordeaux","11":"tag-eu","12":"tag-europe","13":"tag-fr","14":"tag-france","15":"tag-news","16":"tag-nouvelle-aquitaine","17":"tag-republique-francaise"},"share_on_mastodon":{"url":"https:\/\/pubeurope.com\/@fr\/115824624003931516","error":""},"_links":{"self":[{"href":"https:\/\/www.europesays.com\/fr\/wp-json\/wp\/v2\/posts\/635820","targetHints":{"allow":["GET"]}}],"collection":[{"href":"https:\/\/www.europesays.com\/fr\/wp-json\/wp\/v2\/posts"}],"about":[{"href":"https:\/\/www.europesays.com\/fr\/wp-json\/wp\/v2\/types\/post"}],"author":[{"embeddable":true,"href":"https:\/\/www.europesays.com\/fr\/wp-json\/wp\/v2\/users\/2"}],"replies":[{"embeddable":true,"href":"https:\/\/www.europesays.com\/fr\/wp-json\/wp\/v2\/comments?post=635820"}],"version-history":[{"count":0,"href":"https:\/\/www.europesays.com\/fr\/wp-json\/wp\/v2\/posts\/635820\/revisions"}],"wp:featuredmedia":[{"embeddable":true,"href":"https:\/\/www.europesays.com\/fr\/wp-json\/wp\/v2\/media\/635821"}],"wp:attachment":[{"href":"https:\/\/www.europesays.com\/fr\/wp-json\/wp\/v2\/media?parent=635820"}],"wp:term":[{"taxonomy":"category","embeddable":true,"href":"https:\/\/www.europesays.com\/fr\/wp-json\/wp\/v2\/categories?post=635820"},{"taxonomy":"post_tag","embeddable":true,"href":"https:\/\/www.europesays.com\/fr\/wp-json\/wp\/v2\/tags?post=635820"}],"curies":[{"name":"wp","href":"https:\/\/api.w.org\/{rel}","templated":true}]}}