{"id":635826,"date":"2026-01-02T08:49:09","date_gmt":"2026-01-02T08:49:09","guid":{"rendered":"https:\/\/www.europesays.com\/fr\/635826\/"},"modified":"2026-01-02T08:49:09","modified_gmt":"2026-01-02T08:49:09","slug":"sur-la-table-du-reveillon-miser-sur-les-plantes-pour-soulager-les-exces","status":"publish","type":"post","link":"https:\/\/www.europesays.com\/fr\/635826\/","title":{"rendered":"[Sur la table du r\u00e9veillon] Miser sur les plantes pour soulager les exc\u00e8s"},"content":{"rendered":"\n<p>Tisanes, huiles essentielles ou v\u00e9g\u00e9tales, ces produits aux composants fortifiants pourraient vous r\u00e9conforter. Depuis 1815, la pharmacie du P\u00e8re Blaize est sp\u00e9cialis\u00e9e dans la phytoth\u00e9rapie, l\u2019art du traitement par les plantes, une pratique qui se perp\u00e9tue depuis 215\u00a0ans. Ici, pas de recettes magiques ou presque\u00a0: la plante est l\u2019essence m\u00eame de ce savoir-faire ancestral. \u00ab\u00a0Nous avons une approche technique, une action th\u00e9rapeutique pour aider nos patients \u00e0 se soulager\u00a0\u00bb, relate Antoine Dauvert, pharmacien.<\/p>\n<p> Produits naturels\n              <\/p>\n<p>\u00ab\u00a0Les plantes sont exp\u00e9di\u00e9es par des grossistes, majoritairement des productions europ\u00e9ennes\u00a0\u00bb, souligne le pharmacien. La r\u00e9ception se fait \u00ab\u00a0l\u00e0-haut\u00a0\u00bb, dit-il en montrant le plafond du doigt. Le froid s\u2019est install\u00e9 ces derniers jours aux portes des Marseillaises et Marseillais. \u00ab\u00a0J\u2019accompagne mes patients pour remplacer ou accompagner des m\u00e9dicaments ou, de mani\u00e8re pr\u00e9ventive, pour se faire du bien et r\u00e9sister au froid hivernal\u00a0\u00bb, estime Antoine Dauvert. Des bienfaits destin\u00e9s \u00e0 soutenir les d\u00e9fenses immunitaires.<\/p>\n<p>Les festivit\u00e9s touchent \u00e0 leur fin, et c\u2019est donc l\u2019occasion de se faire du bien. Pour cela, rien de mieux que \u00ab\u00a0l\u2019iconique\u00a0\u00bb tisane du P\u00e8re Blaize\u00a0: la tisane du centenaire. \u00ab\u00a0Cette tisane d\u2019action d\u00e9tox permet de soulager le foie apr\u00e8s une grosse p\u00e9riode festive\u00a0\u00bb, recommande le pharmacien. Ses ingr\u00e9dients, notamment \u00e0 base de centaur\u00e9e et de marrube, \u00ab\u00a0permettent de drainer le foie et la v\u00e9sicule biliaire\u00a0\u00bb, juge-t-il avec enthousiasme en attrapant un sachet pos\u00e9 sur une \u00e9tag\u00e8re.<\/p>\n<p>Pas de restriction pour l\u2019une des boissons chaudes les plus convoit\u00e9es de l\u2019hiver. \u00ab\u00a0Tout le monde peut en prendre\u00a0\u00bb, s\u2019exclame le pharmacien.<\/p>\n<p>La phytoth\u00e9rapie se pr\u00e9sente comme une alternative aux processus chimiques. \u00ab\u00a0On a un outil de travail qui nous permet de r\u00e9pondre de mani\u00e8re naturelle aux probl\u00e8mes de sant\u00e9 de nos patients\u00a0\u00bb, estime Antoine Dauvert. La pharmacie bicentenaire continue ainsi sa volont\u00e9 de r\u00e9pondre \u00e0 cette qu\u00eate de bien-\u00eatre de mani\u00e8re historique et traditionnelle.<\/p>\n","protected":false},"excerpt":{"rendered":"Tisanes, huiles essentielles ou v\u00e9g\u00e9tales, ces produits aux composants fortifiants pourraient vous r\u00e9conforter. Depuis 1815, la pharmacie du&hellip;\n","protected":false},"author":2,"featured_media":635827,"comment_status":"","ping_status":"","sticky":false,"template":"","format":"standard","meta":{"footnotes":""},"categories":[2814],"tags":[1111,11,1777,674,1011,27,884,12,882,25,74192],"class_list":{"0":"post-635826","1":"post","2":"type-post","3":"status-publish","4":"format-standard","5":"has-post-thumbnail","7":"category-marseille","8":"tag-actu","9":"tag-actualites","10":"tag-eu","11":"tag-europe","12":"tag-fr","13":"tag-france","14":"tag-marseille","15":"tag-news","16":"tag-provence-alpes-cote-dazur","17":"tag-republique-francaise","18":"tag-thibaut-carceller"},"share_on_mastodon":{"url":"https:\/\/pubeurope.com\/@fr\/115824647497807992","error":""},"_links":{"self":[{"href":"https:\/\/www.europesays.com\/fr\/wp-json\/wp\/v2\/posts\/635826","targetHints":{"allow":["GET"]}}],"collection":[{"href":"https:\/\/www.europesays.com\/fr\/wp-json\/wp\/v2\/posts"}],"about":[{"href":"https:\/\/www.europesays.com\/fr\/wp-json\/wp\/v2\/types\/post"}],"author":[{"embeddable":true,"href":"https:\/\/www.europesays.com\/fr\/wp-json\/wp\/v2\/users\/2"}],"replies":[{"embeddable":true,"href":"https:\/\/www.europesays.com\/fr\/wp-json\/wp\/v2\/comments?post=635826"}],"version-history":[{"count":0,"href":"https:\/\/www.europesays.com\/fr\/wp-json\/wp\/v2\/posts\/635826\/revisions"}],"wp:featuredmedia":[{"embeddable":true,"href":"https:\/\/www.europesays.com\/fr\/wp-json\/wp\/v2\/media\/635827"}],"wp:attachment":[{"href":"https:\/\/www.europesays.com\/fr\/wp-json\/wp\/v2\/media?parent=635826"}],"wp:term":[{"taxonomy":"category","embeddable":true,"href":"https:\/\/www.europesays.com\/fr\/wp-json\/wp\/v2\/categories?post=635826"},{"taxonomy":"post_tag","embeddable":true,"href":"https:\/\/www.europesays.com\/fr\/wp-json\/wp\/v2\/tags?post=635826"}],"curies":[{"name":"wp","href":"https:\/\/api.w.org\/{rel}","templated":true}]}}