{"id":635828,"date":"2026-01-02T08:50:12","date_gmt":"2026-01-02T08:50:12","guid":{"rendered":"https:\/\/www.europesays.com\/fr\/635828\/"},"modified":"2026-01-02T08:50:12","modified_gmt":"2026-01-02T08:50:12","slug":"le-cardinal-aveline-avec-un-rabbin-et-un-imam-pour-dire-que-la-paix-se-construit-et-sapprend","status":"publish","type":"post","link":"https:\/\/www.europesays.com\/fr\/635828\/","title":{"rendered":"le cardinal Aveline avec un rabbin et un imam pour dire que la paix \u00ab\u00a0se construit et s&rsquo;apprend\u00a0\u00bb"},"content":{"rendered":"<p>Pour commencer l&rsquo;ann\u00e9e 2026, l&rsquo;archev\u00eaque de Marseille Jean-Marc Aveline a r\u00e9uni des repr\u00e9sentants de la plupart des religions jeudi dont un rabbin et un imam au pied de Notre-Dame de la Garde car la paix \u00ab\u00a0se construit et s&rsquo;apprend\u00a0\u00bb.<\/p>\n<p>\u00ab\u00a0Nous vivons dans un monde o\u00f9 trop souvent la religion est utilis\u00e9e pour justifier les guerres et les atrocit\u00e9s\u00a0\u00bb, a commenc\u00e9 Mgr Jean-Marc Aveline, qui est aussi \u00e0 la t\u00eate de l&rsquo;Eglise de France.<\/p>\n<p>\u00ab\u00a0Quelle gr\u00e2ce de pouvoir \u00eatre ensemble. Et si on l&rsquo;est ce soir, c&rsquo;est parce qu&rsquo;on a l&rsquo;habitude de l&rsquo;\u00eatre souvent. Et que nous savons tous qu&rsquo;il est tr\u00e8s utile d&rsquo;\u00eatre sans cesse \u00e0 port\u00e9e de voix, m\u00eame quand on n&rsquo;a pas beaucoup de choses \u00e0 se dire, pour que le jour o\u00f9 on a quelque chose \u00e0 se dire et \u00e0 faire ensemble, ce soit plus facile\u00a0\u00bb, a plaid\u00e9 le cardinal, entour\u00e9 \u00e9galement de repr\u00e9sentants de l&rsquo;\u00c9glise apostolique arm\u00e9nienne, grecque-orthodoxe, du protestantisme ou du bouddhisme.<\/p>\n<p>\u00ab\u00a0La paix ne se fait pas par l&rsquo;absence des diff\u00e9rences qu&rsquo;il y a entre nous, il faut avoir une capacit\u00e9 \u00e0 faire de la place \u00e0 l&rsquo;autre malgr\u00e9 ce qui nous s\u00e9pare et parfois c&rsquo;est \u00e9norme\u00a0\u00bb, a estim\u00e9 de son c\u00f4t\u00e9 le rabbin Ha\u00efm Bendao, figure des quartiers Nord investi dans le dialogue inter-religieux \u00e0 Marseille, qui compte la 2e plus grande communaut\u00e9 juive de France apr\u00e8s Paris et d&rsquo;importantes communaut\u00e9s alg\u00e9rienne, arm\u00e9nienne ou encore comorienne.<\/p>\n<p>\u00ab\u00a0Alors que l&rsquo;ann\u00e9e 2025 s&rsquo;ach\u00e8ve dans le fracas des larmes et des d\u00e9combres de Gaza, au Soudan, du Y\u00e9men \u00e0 l&rsquo;Ukraine, nous avons vu l&rsquo;ab\u00eeme s&rsquo;ouvrir (&#8230;) Nous proclamons ici que la force ne saurait dire le droit\u00a0\u00bb, a insist\u00e9 pour sa part l&rsquo;imam Abdessalem Souiki.<\/p>\n<p>Lui embrayant le pas, le cardinal, reprenant la parole papale dans un discours tr\u00e8s politique, a appel\u00e9 \u00e0 \u00ab\u00a0ne pas c\u00e9der aux sir\u00e8nes des appels r\u00e9p\u00e9t\u00e9s \u00e0 l&rsquo;augmentation des d\u00e9penses militaires\u00a0\u00bb, \u00ab\u00a0\u00e0 ne pas b\u00e9nir le nationalisme ni justifier religieusement la violence et la lutte arm\u00e9e\u00a0\u00bb mais plut\u00f4t \u00e0 \u00ab\u00a0cultiver la m\u00e9moire\u00a0\u00bb qui \u00ab\u00a0pr\u00e9serve\u00a0\u00bb.<\/p>\n<p>Il a eu une pens\u00e9e pour Mehdi Kessaci, ce jeune de 20 ans abattu mi-novembre dans la deuxi\u00e8me ville de France et dont le seul tort \u00e9tait sans doute d&rsquo;\u00eatre le fr\u00e8re du militant antidrogue Amine Kessaci, appelant les dirigeants \u00e0 prendre les mesures pour \u00ab\u00a0sortir ces enfants des quartiers et cr\u00e9er pour eux une vraie alternative aux r\u00e9seaux\u00a0\u00bb de drogue.<\/p>\n<p>Et le rabbin de conclure par un proverbe soufi: \u00ab\u00a0celui qui porte la guerre en lui, la rencontre partout\u00a0\u00bb.<\/p>\n<p>\u00a0<\/p>\n<p>\u00a9 Agence France-Presse<\/p>\n","protected":false},"excerpt":{"rendered":"Pour commencer l&rsquo;ann\u00e9e 2026, l&rsquo;archev\u00eaque de Marseille Jean-Marc Aveline a r\u00e9uni des repr\u00e9sentants de la plupart des religions&hellip;\n","protected":false},"author":2,"featured_media":635829,"comment_status":"","ping_status":"","sticky":false,"template":"","format":"standard","meta":{"footnotes":""},"categories":[2814],"tags":[1111,11,74330,1777,674,1011,27,26519,34236,884,12,882,25],"class_list":{"0":"post-635828","1":"post","2":"type-post","3":"status-publish","4":"format-standard","5":"has-post-thumbnail","7":"category-marseille","8":"tag-actu","9":"tag-actualites","10":"tag-cardinal-marseille","11":"tag-eu","12":"tag-europe","13":"tag-fr","14":"tag-france","15":"tag-imam","16":"tag-jean-marc-aveline","17":"tag-marseille","18":"tag-news","19":"tag-provence-alpes-cote-dazur","20":"tag-republique-francaise"},"share_on_mastodon":{"url":"https:\/\/pubeurope.com\/@fr\/115824651396548969","error":""},"_links":{"self":[{"href":"https:\/\/www.europesays.com\/fr\/wp-json\/wp\/v2\/posts\/635828","targetHints":{"allow":["GET"]}}],"collection":[{"href":"https:\/\/www.europesays.com\/fr\/wp-json\/wp\/v2\/posts"}],"about":[{"href":"https:\/\/www.europesays.com\/fr\/wp-json\/wp\/v2\/types\/post"}],"author":[{"embeddable":true,"href":"https:\/\/www.europesays.com\/fr\/wp-json\/wp\/v2\/users\/2"}],"replies":[{"embeddable":true,"href":"https:\/\/www.europesays.com\/fr\/wp-json\/wp\/v2\/comments?post=635828"}],"version-history":[{"count":0,"href":"https:\/\/www.europesays.com\/fr\/wp-json\/wp\/v2\/posts\/635828\/revisions"}],"wp:featuredmedia":[{"embeddable":true,"href":"https:\/\/www.europesays.com\/fr\/wp-json\/wp\/v2\/media\/635829"}],"wp:attachment":[{"href":"https:\/\/www.europesays.com\/fr\/wp-json\/wp\/v2\/media?parent=635828"}],"wp:term":[{"taxonomy":"category","embeddable":true,"href":"https:\/\/www.europesays.com\/fr\/wp-json\/wp\/v2\/categories?post=635828"},{"taxonomy":"post_tag","embeddable":true,"href":"https:\/\/www.europesays.com\/fr\/wp-json\/wp\/v2\/tags?post=635828"}],"curies":[{"name":"wp","href":"https:\/\/api.w.org\/{rel}","templated":true}]}}