{"id":635834,"date":"2026-01-02T08:55:10","date_gmt":"2026-01-02T08:55:10","guid":{"rendered":"https:\/\/www.europesays.com\/fr\/635834\/"},"modified":"2026-01-02T08:55:10","modified_gmt":"2026-01-02T08:55:10","slug":"assassinat-daramburu-nicolas-sarkozy-explosion-rue-de-trevise-les-grands-proces-attendus-a-paris-en-2026","status":"publish","type":"post","link":"https:\/\/www.europesays.com\/fr\/635834\/","title":{"rendered":"Assassinat d&rsquo;Aramburu, Nicolas Sarkozy, explosion rue de Tr\u00e9vise&#8230; Les grands proc\u00e8s attendus \u00e0 Paris en 2026"},"content":{"rendered":"<p>                    Par<br \/>\n        <strong><br \/>\n            <a href=\"https:\/\/actu.fr\/auteur\/antoine-blanchet\" title=\"Consulter tous les articles de Antoine Blanchet\" target=\"_blank\" rel=\"noopener\">Antoine Blanchet<\/a><br \/>\n                    <\/strong><\/p>\n<p>        Publi\u00e9 le<\/p>\n<p>            2 janv. 2026 \u00e0 6h06        <\/p>\n<p>Nouvelle ann\u00e9e, nouvelles audiences. Alors que l\u2019ann\u00e9e 2025 a \u00e9t\u00e9 riche en proc\u00e8s m\u00e9diatiques \u00e0 <a href=\"https:\/\/actu.fr\/paris\/\" target=\"_blank\" rel=\"noopener\">Paris<\/a>, allant de celui de <a href=\"https:\/\/actu.fr\/ile-de-france\/paris_75056\/je-ne-suis-pas-emile-louis-lors-de-son-proces-gerard-depardieu-se-dit-fini-et-nie-toute-agression_62418575.html\" target=\"_blank\" rel=\"noopener\">G\u00e9rard Depardieu pour agressions sexuelles<\/a> \u00e0 celui de <a href=\"https:\/\/actu.fr\/ile-de-france\/paris_75056\/proces-du-meurtre-de-lola-a-paris-de-la-sorcellerie-au-chagrin-d-amour-l-insaisissable-mobile-de-dahbia-b_63329246.html\" target=\"_blank\" rel=\"noopener\">Dahbia Benkired<\/a> pour le <a href=\"https:\/\/actu.fr\/ile-de-france\/paris_75056\/toute-ma-vie-s-est-effondree-au-proces-du-meurtre-de-lola-a-paris-le-bouleversant-recit-de-sa-famille_63336119.html\" target=\"_blank\" rel=\"noopener\">meurtre effroyable de Lola Daviet<\/a>. Pour cette nouvelle ann\u00e9e \u00e0 venir, voici les grandes audiences attendues au sein du tribunal judiciaire mais aussi de la cour d\u2019appel.<\/p>\n<p>Du 13\u00a0janvier au 12\u00a0f\u00e9vrier\u2009: proc\u00e8s en appel de l\u2019affaire des assistants parlementaires du RN<\/p>\n<p class=\" wall-content\">C\u2019est un proc\u00e8s tr\u00e8s attendu \u00e0 18\u00a0mois des prochaines pr\u00e9sidentielles. <a href=\"https:\/\/actu.fr\/tag\/marine-le-pen\" target=\"_blank\" rel=\"noopener\">Marine Le Pen<\/a> et 23 autres cadres du <a href=\"https:\/\/actu.fr\/tag\/marine-le-pen\" target=\"_blank\" rel=\"noopener\">Rassemblement National<\/a> vont \u00eatre \u00e0 nouveau jug\u00e9s dans l\u2019affaire des assistants parlementaires. Dans ce dossier, <strong>un \u00ab\u2009syst\u00e8me\u2009\u00bb de d\u00e9tournement de fonds<\/strong> qui aurait \u00e9t\u00e9 pratiqu\u00e9 par le parti d\u2019extr\u00eame droite via les assistants au parlement europ\u00e9en. Le jugement en premi\u00e8re instance avait eu l\u2019effet d\u2019un coup de tonnerre. Marine Le Pen, pr\u00e9sidente du parti, avait \u00e9t\u00e9 condamn\u00e9e \u00e0 cinq ans d\u2019in\u00e9gibilit\u00e9. Si cette peine \u00e9tait confirm\u00e9e en appel, elle ne pourrait pas se pr\u00e9senter aux pr\u00e9sidentielles.<\/p>\n<p>Du 16 au 19\u00a0f\u00e9vrier\u2009: proc\u00e8s du chanteur Naps pour viol<\/p>\n<p class=\" wall-content\">Naps, alias <strong>Nabil Boukhobza<\/strong>, doit <a href=\"https:\/\/actu.fr\/ile-de-france\/paris_75056\/vise-par-une-plainte-pour-viol-depuis-2021-le-rappeur-marseillais-naps-sera-juge-pour-des-faits-commis-a-pari_61397570.html\" target=\"_blank\" rel=\"noopener\">\u00eatre jug\u00e9 pour viol<\/a> devant la cour criminelle de Paris. Le chanteur est accus\u00e9 par une jeune femme. Les faits se seraient produits en octobre 2021. Apr\u00e8s l\u2019avoir invit\u00e9e dans sa chambre d\u2019h\u00f4tel, l\u2019accus\u00e9 aurait viol\u00e9 la victime pendant son sommeil. Le chanteu nie ces faits. Pou rappel, Naps est aussi mis en examen dans un autre dossier de violences sexuelles dans le <a href=\"https:\/\/actu.fr\/provence-alpes-cote-d-azur\/var_83\" target=\"_blank\" rel=\"noopener\">Var<\/a>. Trois jeunes femmes <a href=\"https:\/\/actu.fr\/faits-divers\/le-rappeur-naps-accuse-de-viols-et-d-agressions-sexuelles-est-en-prison_61520898.html\" target=\"_blank\" rel=\"noopener\">l\u2019accusent de viols et d\u2019agressions sexuelles<\/a>.<\/p>\n<p>Du 2 au 20\u00a0mars\u2009: proc\u00e8s de Tariq Ramadan pour viols sur trois femmes<\/p>\n<p class=\" wall-content\">C\u2019est l\u2019issue d\u2019une longue enqu\u00eate. Le 20\u00a0octobre 2017, une premire femme porte plainte contre l\u2019islamologue <a href=\"https:\/\/actu.fr\/ile-de-france\/paris_75056\/la-cour-d-appel-de-paris-examine-le-renvoi-pour-viol-sur-quatre-femmes-de-tariq-ramadan_60882141.html\" target=\"_blank\" rel=\"noopener\">Tariq Ramadan<\/a> pour viol. D\u2019autres femmes vont peu \u00e0 peu d\u00e9noncer des <a href=\"https:\/\/actu.fr\/tag\/violences-sexuelles\" target=\"_blank\" rel=\"noopener\">violences sexuelles<\/a>. L\u2019accus\u00e9 a \u00e9t\u00e9 jug\u00e9 une premi\u00e8re fois en Suisse pour viol. Acquitt\u00e9 en premi\u00e8re instance, il a \u00e9t\u00e9 condamn\u00e9 en appel. Dans le dossier parisien, Tariq Ramadan est renvoy\u00e9 pour trois agressions. Une quatri\u00e8me plainte a \u00e9t\u00e9 class\u00e9e sans suite.<\/p>\n<p><strong>Du 16\u00a0mars au 3\u00a0juin\u2009: proc\u00e8s en appel de Nicolas Sarkozy pour l\u2019affaire du financement libyen<\/strong><\/p>\n<p class=\" wall-content\">C\u2019est le retour tr\u00e8s attendu de <a href=\"https:\/\/actu.fr\/tag\/nicolas-sarkozy\" target=\"_blank\" rel=\"noopener\">Nicolas Sarkozy<\/a> devant le tribunal dans l\u2019affaire du financement libyen de sa campagne. En premi\u00e8re instance, l\u2019ancien pr\u00e9sident de la R\u00e9publique avait \u00e9t\u00e9 condamn\u00e9 \u00e0 une peine de cinq ans de prison ferme. S\u2019il a fait appel de la d\u00e9cision, il a pass\u00e9 20\u00a0jours \u00e0 la prison de la Sant\u00e9. Une incarc\u00e9ration d\u2019un ancien chef d\u2019\u00c9tat in\u00e9dite sous la cinqui\u00e8me r\u00e9publique. Nicolas Sarkozy va donc compara\u00eetre devant la cour d\u2019appel.<\/p>\n<p>Du 31\u00a0mars au 17\u00a0juillet\u2009: proc\u00e8s de la loge ma\u00e7onnique Athanor<\/p>\n<p class=\" wall-content\">C\u2019est une affaire tentaculaire et impressionnante par son ampleur. \u00c0 la rentr\u00e9e 2025, 22\u00a0personnes vont \u00eatre jug\u00e9es\u00a0dans \u00ab\u2009l\u2019affaire des barbouzes\u2009\u00bb.\u00a0Parmi les accus\u00e9s, des anciens de la DGSE et de la DGSI. Ces derniers auraient fait partie<strong> d\u2019une myst\u00e9rieuse cellule criminelle<\/strong> cr\u00e9\u00e9e par deux membres d\u2019une loge ma\u00e7onnique dans les\u00a0<a href=\"https:\/\/actu.fr\/ile-de-france\/hauts-de-seine_92\" target=\"_blank\" rel=\"noopener\">Hauts-de-Seine<\/a>. En \u00e9change d\u2019argent, cette derni\u00e8re aurait commis des violences et des assassinats. Parmi les affaires\u2009: un pilote de rallye tu\u00e9 en 2019 ou encore une rivalit\u00e9 politique visant le maire de\u00a0<a href=\"https:\/\/actu.fr\/ile-de-france\/saint-maur-des-fosses_94068\" target=\"_blank\" rel=\"noopener\">Saint-Maur-des-Foss\u00e9s<\/a> (<a href=\"https:\/\/actu.fr\/ile-de-france\/val-de-marne_94\" target=\"_blank\" rel=\"noopener\">Val-de-Marne<\/a>).<\/p>\n<p>Du 7 au 25\u00a0septembre\u2009: proc\u00e8s de Lo\u00efk Le Priol et Romain Bouvier pour l\u2019assassinat de Federico Aranburu<\/p>\n<p class=\" wall-content\">L\u2019affaire avait profond\u00e9ment \u00e9mu. Le 19\u00a0mars 2022, le rugbyman argentin <a href=\"https:\/\/actu.fr\/ile-de-france\/paris_75056\/mort-du-rugbyman-federico-martin-aramburu-a-paris-la-date-du-proces-aux-assises-devoilee_63355448.html\" target=\"_blank\" rel=\"noopener\">Federico Aramburu est abattu de plusieurs balles<\/a> en plein boulevard Saint-Germain. Les auteurs pr\u00e9sum\u00e9s\u2009: deux militants d\u2019ultradroite <a href=\"https:\/\/actu.fr\/ile-de-france\/paris_75056\/paris-cinq-annees-de-prison-requises-contre-loik-le-priol-pour-violences-aggravees_51392382.html\" target=\"_blank\" rel=\"noopener\">Lo\u00efk Le Priol<\/a> et Romain Bouvier. Les deux hommes avaient pu \u00eatre interpell\u00e9s apr\u00e8s plusieurs jours de traque. Lo\u00efk Le Priol devrait \u00eatre jug\u00e9 pour <a href=\"https:\/\/actu.fr\/tag\/assassinat\" target=\"_blank\" rel=\"noopener\">assassinat<\/a>. Son comparse pour tentative d\u2019assassinat. La compagne de Le Piol, qui l\u2019avait conduit en voiture sur le lieu du crime, est quant \u00e0 elle poursuivie pour complicit\u00e9 de tentative d\u2019assassinat.<\/p>\n<p>Votre r\u00e9gion, votre actu !<\/p>\n<p>Recevez chaque jour les infos qui comptent pour vous.<\/p>\n<p>\t<a href=\"https:\/\/actu.fr\/newsletter\" class=\"ac-btn ac-btn--corner ac-btn--medium ac-btn--blue800\" target=\"_blank\" rel=\"noopener\">S&rsquo;incrire<\/a><br \/>\nDu 20\u00a0octobre au 7\u00a0d\u00e9cembre\u2009: proc\u00e8s de la Ville de Paris pour l\u2019explosion de la rue de Tr\u00e9vise<\/p>\n<p class=\" wall-content\">En janvier\u00a02019, une violente explosion de gaz avait ravag\u00e9 une partie de la rue Tr\u00e9vise Paris. Quatre personnes ont trouv\u00e9 la mort et 200 autres ont \u00e9t\u00e9 bless\u00e9es. Apr\u00e8s de longues investigations, la <a href=\"https:\/\/actu.fr\/tag\/mairie-de-paris\" target=\"_blank\" rel=\"noopener\">Ville de Paris<\/a> a \u00e9t\u00e9 renvoy\u00e9e devant le tribunal correctionnel pour <strong>homicides et blessures involontaires<\/strong>. L\u2019enqu\u00eate a en effet point\u00e9 du doigt des n\u00e9gligences de la municipalit\u00e9.<\/p>\n<p class=\" wall-content\">Personnalisez votre actualit\u00e9 en ajoutant vos villes et m\u00e9dias en favori avec <a href=\"https:\/\/moncompte.actu.fr\" title=\"D\u00e9couvez Mon Actu\" rel=\"nofollow noopener\" data-trk=\"{&quot;cta&quot;:{&quot;action&quot;:&quot;https:\\\/\\\/moncompte.actu.fr&quot;,&quot;category&quot;:&quot;mon compte&quot;,&quot;from&quot;:&quot;article footer&quot;,&quot;name&quot;:&quot;Mon actu&quot;,&quot;type&quot;:&quot;cta&quot;}}\" target=\"_blank\">Mon Actu<\/a>.<\/p>\n","protected":false},"excerpt":{"rendered":"Par Antoine Blanchet Publi\u00e9 le 2 janv. 2026 \u00e0 6h06 Nouvelle ann\u00e9e, nouvelles audiences. Alors que l\u2019ann\u00e9e 2025&hellip;\n","protected":false},"author":2,"featured_media":635835,"comment_status":"","ping_status":"","sticky":false,"template":"","format":"standard","meta":{"footnotes":""},"categories":[1888],"tags":[1111,1928,11,1927,1777,674,118,1011,27,303,12,1926,626,1925,2694,25,4595],"class_list":{"0":"post-635834","1":"post","2":"type-post","3":"status-publish","4":"format-standard","5":"has-post-thumbnail","7":"category-paris","8":"tag-actu","9":"tag-actu-paris","10":"tag-actualites","11":"tag-actualites-paris","12":"tag-eu","13":"tag-europe","14":"tag-faits-divers","15":"tag-fr","16":"tag-france","17":"tag-justice","18":"tag-news","19":"tag-news-paris","20":"tag-paris","21":"tag-paris-news","22":"tag-proces","23":"tag-republique-francaise","24":"tag-tribunal-de-paris"},"share_on_mastodon":{"url":"https:\/\/pubeurope.com\/@fr\/115824671060904936","error":""},"_links":{"self":[{"href":"https:\/\/www.europesays.com\/fr\/wp-json\/wp\/v2\/posts\/635834","targetHints":{"allow":["GET"]}}],"collection":[{"href":"https:\/\/www.europesays.com\/fr\/wp-json\/wp\/v2\/posts"}],"about":[{"href":"https:\/\/www.europesays.com\/fr\/wp-json\/wp\/v2\/types\/post"}],"author":[{"embeddable":true,"href":"https:\/\/www.europesays.com\/fr\/wp-json\/wp\/v2\/users\/2"}],"replies":[{"embeddable":true,"href":"https:\/\/www.europesays.com\/fr\/wp-json\/wp\/v2\/comments?post=635834"}],"version-history":[{"count":0,"href":"https:\/\/www.europesays.com\/fr\/wp-json\/wp\/v2\/posts\/635834\/revisions"}],"wp:featuredmedia":[{"embeddable":true,"href":"https:\/\/www.europesays.com\/fr\/wp-json\/wp\/v2\/media\/635835"}],"wp:attachment":[{"href":"https:\/\/www.europesays.com\/fr\/wp-json\/wp\/v2\/media?parent=635834"}],"wp:term":[{"taxonomy":"category","embeddable":true,"href":"https:\/\/www.europesays.com\/fr\/wp-json\/wp\/v2\/categories?post=635834"},{"taxonomy":"post_tag","embeddable":true,"href":"https:\/\/www.europesays.com\/fr\/wp-json\/wp\/v2\/tags?post=635834"}],"curies":[{"name":"wp","href":"https:\/\/api.w.org\/{rel}","templated":true}]}}