{"id":635842,"date":"2026-01-02T08:59:15","date_gmt":"2026-01-02T08:59:15","guid":{"rendered":"https:\/\/www.europesays.com\/fr\/635842\/"},"modified":"2026-01-02T08:59:15","modified_gmt":"2026-01-02T08:59:15","slug":"guerre-en-ukraine-la-russie-pensait-que-le-general-kapoustine-etait-mort-kiev-lui-avait-demande-de-simuler-pour-debusquer-des-espions","status":"publish","type":"post","link":"https:\/\/www.europesays.com\/fr\/635842\/","title":{"rendered":"Guerre en Ukraine\u00a0: la Russie pensait que le g\u00e9n\u00e9ral Kapoustine \u00e9tait mort, Kiev lui avait demand\u00e9 de simuler pour d\u00e9busquer des espions"},"content":{"rendered":"<p>\n                                                                Denis Kapoustine, chef militaire russe combattant pour Kiev, d\u00e9clar\u00e9 mort le 27\u00a0d\u00e9cembre 2025, est en r\u00e9alit\u00e9 vivant, a annonc\u00e9 Kiev le 1er\u00a0janvier 2026. Cette \u00ab\u00a0fausse mort\u00a0\u00bb a permis de d\u00e9busquer les\u00a0membres des services sp\u00e9ciaux russes qui avaient mis \u00e0 prix la t\u00eate.\n                            <\/p>\n<p>L\u2019Ukraine a affirm\u00e9 jeudi qu\u2019<a href=\"https:\/\/www.midilibre.fr\/2025\/12\/27\/guerre-en-ukraine-un-drone-fpv-la-touche-le-neonazi-denis-kapustin-et-commandant-du-corps-des-volontaires-russes-tue-a-zaporijjia-13133163.php\" target=\"_blank\" rel=\"noopener\">un chef militaire russe combattant pour Kiev, dont la mort avait \u00e9t\u00e9 annonc\u00e9e la semaine derni\u00e8re,<\/a> \u00e9tait en r\u00e9alit\u00e9 vivant et que son d\u00e9c\u00e8s a \u00e9t\u00e9 mis en sc\u00e8ne pour identifier des agents russes. Le 27\u00a0d\u00e9cembre, le Corps des volontaires russes (RDK) avait annonc\u00e9 que son commandant, Denis Kapoustine, avait tu\u00e9 au front dans le secteur de Zaporijjia (sud) lors d\u2019une attaque de drone russe.<\/p>\n<p>Les services de renseignement militaires ukrainiens (GUR) ont annonc\u00e9 jeudi que cette mort \u00e9tait fictive et faisait partie d\u2019une \u00ab\u00a0op\u00e9ration sp\u00e9ciale\u00a0\u00bb ayant \u00e9t\u00e9 men\u00e9e pendant plus d\u2019un mois. \u00ab\u00a0F\u00e9licitations pour ton retour \u00e0 la vie, cela fait toujours plaisir\u00a0\u00bb, a d\u00e9clar\u00e9 le chef du GUR, Kyrylo Boudanov, dans un \u00e9change par vid\u00e9oconf\u00e9rence avec Denis Kapoustine diffus\u00e9e par ses services.\u00a0Pour sa part, Denis Kapoustine s\u2019est dit pr\u00eat \u00e0 \u00ab\u00a0retourner dans la zone des op\u00e9rations\u00a0\u00bb sur le front et \u00e0 poursuivre le commandement de son unit\u00e9.<\/p>\n<p>Sa t\u00eate avait \u00e9t\u00e9 mise \u00e0 prix<\/p>\n<p>Selon le GUR, la simulation de ce d\u00e9c\u00e8s a permis d\u2019identifier des membres des services sp\u00e9ciaux russes qui avaient mis \u00e0 prix la t\u00eate de Denis Kapoustine et souhaitaient l\u2019assassiner. \u00ab\u00a0Nous avons \u00e9galement re\u00e7u la somme d\u2019argent allou\u00e9e par les services sp\u00e9ciaux russes pour accomplir ce crime\u00a0\u00bb, \u00e0 savoir 500\u00a0000\u00a0dollars, a affirm\u00e9 un responsable anonyme du GUR dans cette vid\u00e9o.<\/p>\n<p>Figure connue du milieu hooligan et d\u2019extr\u00eame droite en Russie, Denis Kapoustine, a \u00e9t\u00e9 accus\u00e9 par le pass\u00e9 de d\u00e9fendre des id\u00e9es n\u00e9onazies. Connu sous plusieurs pseudonymes comme Nikitine ou White Rex, il s\u2019est install\u00e9 en Ukraine avant l\u2019invasion russe de f\u00e9vrier\u00a02022, o\u00f9 il y organisait des combats de MMA et poss\u00e9dait une marque de v\u00eatements. Apr\u00e8s avoir pris les armes pour combattre pour Kiev, il avait notamment fait parler de lui au printemps 2023. Son unit\u00e9 avait alors men\u00e9 des incursions frontali\u00e8res en Russie depuis l\u2019Ukraine.<\/p>\n<p>Kiev coutimi\u00e8re de ces actions<\/p>\n<p>Ce n\u2019est pas la premi\u00e8re fois que Kiev proc\u00e8de \u00e0 ce type d\u2019op\u00e9ration. Fin mai\u00a02018, les services sp\u00e9ciaux ukrainiens avaient orchestr\u00e9 la \u00ab\u00a0fausse mort\u00a0\u00bb d\u2019un journaliste russe oppos\u00e9 au Kremlin, Arkadi Babtchenko, pour, selon les autorit\u00e9s, emp\u00eacher une tentative d\u2019assassinat de Moscou le visant.<\/p>\n<p>Les autorit\u00e9s ukrainiennes avaient simul\u00e9 son meurtre pendant 24\u00a0heures en trompant la presse, une mise en sc\u00e8ne qui avait alors \u00e9t\u00e9 tr\u00e8s critiqu\u00e9e.<\/p>\n","protected":false},"excerpt":{"rendered":"Denis Kapoustine, chef militaire russe combattant pour Kiev, d\u00e9clar\u00e9 mort le 27\u00a0d\u00e9cembre 2025, est en r\u00e9alit\u00e9 vivant, a&hellip;\n","protected":false},"author":2,"featured_media":635843,"comment_status":"","ping_status":"","sticky":false,"template":"","format":"standard","meta":{"footnotes":""},"categories":[1591],"tags":[1111,11,1887,131,74,12,1885,1886,132],"class_list":{"0":"post-635842","1":"post","2":"type-post","3":"status-publish","4":"format-standard","5":"has-post-thumbnail","7":"category-russie","8":"tag-actu","9":"tag-actualites","10":"tag-federation-de-russie","11":"tag-guerre-en-ukraine","12":"tag-monde","13":"tag-news","14":"tag-russia","15":"tag-russian-federation","16":"tag-russie"},"share_on_mastodon":{"url":"https:\/\/pubeurope.com\/@fr\/115824686843771056","error":""},"_links":{"self":[{"href":"https:\/\/www.europesays.com\/fr\/wp-json\/wp\/v2\/posts\/635842","targetHints":{"allow":["GET"]}}],"collection":[{"href":"https:\/\/www.europesays.com\/fr\/wp-json\/wp\/v2\/posts"}],"about":[{"href":"https:\/\/www.europesays.com\/fr\/wp-json\/wp\/v2\/types\/post"}],"author":[{"embeddable":true,"href":"https:\/\/www.europesays.com\/fr\/wp-json\/wp\/v2\/users\/2"}],"replies":[{"embeddable":true,"href":"https:\/\/www.europesays.com\/fr\/wp-json\/wp\/v2\/comments?post=635842"}],"version-history":[{"count":0,"href":"https:\/\/www.europesays.com\/fr\/wp-json\/wp\/v2\/posts\/635842\/revisions"}],"wp:featuredmedia":[{"embeddable":true,"href":"https:\/\/www.europesays.com\/fr\/wp-json\/wp\/v2\/media\/635843"}],"wp:attachment":[{"href":"https:\/\/www.europesays.com\/fr\/wp-json\/wp\/v2\/media?parent=635842"}],"wp:term":[{"taxonomy":"category","embeddable":true,"href":"https:\/\/www.europesays.com\/fr\/wp-json\/wp\/v2\/categories?post=635842"},{"taxonomy":"post_tag","embeddable":true,"href":"https:\/\/www.europesays.com\/fr\/wp-json\/wp\/v2\/tags?post=635842"}],"curies":[{"name":"wp","href":"https:\/\/api.w.org\/{rel}","templated":true}]}}