{"id":635846,"date":"2026-01-02T09:01:12","date_gmt":"2026-01-02T09:01:12","guid":{"rendered":"https:\/\/www.europesays.com\/fr\/635846\/"},"modified":"2026-01-02T09:01:12","modified_gmt":"2026-01-02T09:01:12","slug":"trump-repousse-dun-an-laugmentation-des-droits-de-douane-sur-lameublement","status":"publish","type":"post","link":"https:\/\/www.europesays.com\/fr\/635846\/","title":{"rendered":"Trump repousse d&rsquo;un an l&rsquo;augmentation des droits de douane sur l&rsquo;ameublement"},"content":{"rendered":"<p><img fetchpriority=\"high\" width=\"800\" height=\"556\" src=\"https:\/\/www.europesays.com\/fr\/wp-content\/uploads\/2026\/01\/Donald-Trump-2-e1745572179413.jpg\" class=\"attachment-full size-full wp-post-image\" alt=\"Trump\" data-main-img=\"1\" decoding=\"async\"\/><\/p>\n<p>\t\t\tLe pr\u00e9sident am\u00e9ricain Donald Trump a retard\u00e9 d\u2019un an l\u2019augmentation des droits de douane sur certains meubles import\u00e9s avant leur entr\u00e9e en vigueur pr\u00e9vue cette semaine.<\/p>\n<p style=\"text-align: justify;\">Les taxes douani\u00e8res de 30% sur certains meubles tapiss\u00e9s et 50% sur les am\u00e9nagements de cuisine ont \u00e9t\u00e9 repouss\u00e9es \u00e0 janvier 2027.<\/p>\n<p style=\"text-align: justify;\">\u00ab\u00a0En raison des n\u00e9gociations productives en cours concernant les importations de biens en bois, le pr\u00e9sident retarde l\u2019augmentation des droits de douane pour permettre d\u2019autres n\u00e9gociations avec d\u2019autres pays\u00a0\u00bb, a d\u00e9clar\u00e9 la Maison Blanche dans un communiqu\u00e9 annon\u00e7ant la d\u00e9cision.<\/p>\n<p style=\"text-align: justify;\"><strong><a style=\"color: #008000;\" href=\"https:\/\/maroc-diplomatique.net\/boeuf-importe-la-chine-impose-un-droit-de-douane-additionnel-de-55-au-dela-des-quotas\/\" target=\"_blank\" rel=\"noopener\">Lire aussi : B\u0153uf import\u00e9 : la Chine impose un droit de douane additionnel de 55 % au-del\u00e0 des quotas<\/a><\/strong><\/p>\n<p style=\"text-align: justify;\">Donald Trump avait impos\u00e9 en octobre de nouvelles taxes sectorielles de 10% sur le bois de construction import\u00e9 et de 25% sur les meubles et les am\u00e9nagements de cuisine pour prot\u00e9ger, selon lui, la capacit\u00e9 industrielle aux Etats-Unis.<\/p>\n<p style=\"text-align: justify;\">Le Vietnam est la principale victime des droits de douane sur l\u2019ameublement, le secteur repr\u00e9sentant pr\u00e8s de 10% de ses exportations vers les Etats-Unis.<\/p>\n<p style=\"text-align: justify;\">Donald Trump a fait des droits de douane une pierre angulaire de sa politique commerciale, mais aussi de sa diplomatie.<\/p>\n<p style=\"text-align: justify;\">Le locataire de la Maison Blanche les utilise notamment pour r\u00e9\u00e9quilibrer les \u00e9changes commerciaux des Etats-Unis avec le reste du monde.<\/p>\n<p style=\"text-align: justify;\">Avec MAP<\/p>\n","protected":false},"excerpt":{"rendered":"Le pr\u00e9sident am\u00e9ricain Donald Trump a retard\u00e9 d\u2019un an l\u2019augmentation des droits de douane sur certains meubles import\u00e9s&hellip;\n","protected":false},"author":2,"featured_media":635847,"comment_status":"","ping_status":"","sticky":false,"template":"","format":"standard","meta":{"footnotes":""},"categories":[1589],"tags":[11,7023,981,73,1866,12,467,1864,1865,1863,308],"class_list":{"0":"post-635846","1":"post","2":"type-post","3":"status-publish","4":"format-standard","5":"has-post-thumbnail","7":"category-etats-unis","8":"tag-actualites","9":"tag-ameublement","10":"tag-douane","11":"tag-etats-unis","12":"tag-etats-unis-damerique","13":"tag-news","14":"tag-trump","15":"tag-united-states","16":"tag-united-states-of-america","17":"tag-us","18":"tag-usa"},"share_on_mastodon":{"url":"https:\/\/pubeurope.com\/@fr\/115824694676603273","error":""},"_links":{"self":[{"href":"https:\/\/www.europesays.com\/fr\/wp-json\/wp\/v2\/posts\/635846","targetHints":{"allow":["GET"]}}],"collection":[{"href":"https:\/\/www.europesays.com\/fr\/wp-json\/wp\/v2\/posts"}],"about":[{"href":"https:\/\/www.europesays.com\/fr\/wp-json\/wp\/v2\/types\/post"}],"author":[{"embeddable":true,"href":"https:\/\/www.europesays.com\/fr\/wp-json\/wp\/v2\/users\/2"}],"replies":[{"embeddable":true,"href":"https:\/\/www.europesays.com\/fr\/wp-json\/wp\/v2\/comments?post=635846"}],"version-history":[{"count":0,"href":"https:\/\/www.europesays.com\/fr\/wp-json\/wp\/v2\/posts\/635846\/revisions"}],"wp:featuredmedia":[{"embeddable":true,"href":"https:\/\/www.europesays.com\/fr\/wp-json\/wp\/v2\/media\/635847"}],"wp:attachment":[{"href":"https:\/\/www.europesays.com\/fr\/wp-json\/wp\/v2\/media?parent=635846"}],"wp:term":[{"taxonomy":"category","embeddable":true,"href":"https:\/\/www.europesays.com\/fr\/wp-json\/wp\/v2\/categories?post=635846"},{"taxonomy":"post_tag","embeddable":true,"href":"https:\/\/www.europesays.com\/fr\/wp-json\/wp\/v2\/tags?post=635846"}],"curies":[{"name":"wp","href":"https:\/\/api.w.org\/{rel}","templated":true}]}}