{"id":635848,"date":"2026-01-02T09:02:30","date_gmt":"2026-01-02T09:02:30","guid":{"rendered":"https:\/\/www.europesays.com\/fr\/635848\/"},"modified":"2026-01-02T09:02:30","modified_gmt":"2026-01-02T09:02:30","slug":"france-et-royaume-uni-prets-a-deployer-une-force-en-ukraine","status":"publish","type":"post","link":"https:\/\/www.europesays.com\/fr\/635848\/","title":{"rendered":"France et Royaume-Uni pr\u00eats \u00e0 d\u00e9ployer une force en Ukraine"},"content":{"rendered":"<p>Die Welt affirme que la France et le Royaume-Uni d\u00e9ploieraient 10 000 \u00e0 15 000 soldats pour faire respecter un cessez-le-feu en Ukraine sur invitation de Kiev.<\/p>\n<p>La France et le Royaume-Uni pr\u00e9parent le terrain pour un d\u00e9ploiement de leurs forces en Ukraine, rapporte le quotidien allemand Die Welt, qui cite des sources anonymes \u00e0 Paris et \u00e0 Londres.<\/p>\n<p>Selon ces sources, les deux pays se disent pr\u00eats \u00e0 envoyer des troupes au sol pour superviser le respect d\u2019un cessez-le-feu, si un tel accord voit le jour. Le journal pr\u00e9cise que Londres et Paris seraient dispos\u00e9s \u00e0 agir d\u00e8s r\u00e9ception d\u2019une invitation des autorit\u00e9s de Kiev, sans attendre de feu vert des Nations unies ni de l\u2019Union europ\u00e9enne. Le dispositif envisag\u00e9 d\u00e9passerait largement une simple mission d\u2019observateurs et reposerait sur une force militaire \u00e0 part enti\u00e8re, habilit\u00e9e \u00e0 recourir \u00e0 la force si n\u00e9cessaire.<\/p>\n<p>Die Welt indique que des planificateurs europ\u00e9ens \u00e9tudient un contingent initial de 10 000 \u00e0 15 000 soldats pour les six premiers mois, selon les engagements des pays participants. Leur mission consisterait \u00e0 faire respecter le cessez-le-feu sur le terrain.<\/p>\n<p>Selon le quotidien, des plans d\u00e9taill\u00e9s de d\u00e9ploiement auraient d\u00e9j\u00e0 \u00e9t\u00e9 \u00e9labor\u00e9s et valid\u00e9s par les \u00e9tats-majors fran\u00e7ais et britannique. Ces documents pr\u00e9voient aussi que des pays voisins assurent la surveillance du cessez-le-feu dans les airs et en mer, la Turquie \u00e9tant pressentie pour jouer un r\u00f4le central dans ce dispositif.<\/p>\n<p>Auparavant, Volodymyr Zelensky avait annonc\u00e9 des r\u00e9unions de la coalition dite des volontaires, pr\u00e9vues les 3 et 6 janvier 2026. Il avait aussi \u00e9voqu\u00e9 une possible pr\u00e9sence de forces am\u00e9ricaines de maintien de la paix en Ukraine, sans confirmation officielle en provenance de Washington.<\/p>\n<p>La Russie, de son c\u00f4t\u00e9, s\u2019est \u00e0 plusieurs reprises oppos\u00e9e fermement \u00e0 l\u2019envoi de troupes issues de pays de l\u2019OTAN dans la zone de conflit.<\/p>\n","protected":false},"excerpt":{"rendered":"Die Welt affirme que la France et le Royaume-Uni d\u00e9ploieraient 10 000 \u00e0 15 000 soldats pour faire&hellip;\n","protected":false},"author":2,"featured_media":635849,"comment_status":"","ping_status":"","sticky":false,"template":"","format":"standard","meta":{"footnotes":""},"categories":[1588],"tags":[11,221,74331,74332,1777,674,20017,27,11229,74333,12,3521,136,473,1853,11232,16833,3496,1778,1851,220,1850,1852],"class_list":{"0":"post-635848","1":"post","2":"type-post","3":"status-publish","4":"format-standard","5":"has-post-thumbnail","7":"category-royaume-uni","8":"tag-actualites","9":"tag-cessez-le-feu","10":"tag-deploiement","11":"tag-die-welt","12":"tag-eu","13":"tag-europe","14":"tag-force","15":"tag-france","16":"tag-kiev","17":"tag-mission-de-maintien-de-la-paix","18":"tag-news","19":"tag-onu","20":"tag-otan","21":"tag-royaume-uni","22":"tag-royaume-uni-de-grande-bretagne-et-dirlande-du-nord","23":"tag-soldats","24":"tag-troupes","25":"tag-turquie","26":"tag-ue","27":"tag-uk","28":"tag-ukraine","29":"tag-united-kingdom","30":"tag-united-kingdom-of-great-britain-and-northern-ireland"},"share_on_mastodon":{"url":"https:\/\/pubeurope.com\/@fr\/115824698891807084","error":""},"_links":{"self":[{"href":"https:\/\/www.europesays.com\/fr\/wp-json\/wp\/v2\/posts\/635848","targetHints":{"allow":["GET"]}}],"collection":[{"href":"https:\/\/www.europesays.com\/fr\/wp-json\/wp\/v2\/posts"}],"about":[{"href":"https:\/\/www.europesays.com\/fr\/wp-json\/wp\/v2\/types\/post"}],"author":[{"embeddable":true,"href":"https:\/\/www.europesays.com\/fr\/wp-json\/wp\/v2\/users\/2"}],"replies":[{"embeddable":true,"href":"https:\/\/www.europesays.com\/fr\/wp-json\/wp\/v2\/comments?post=635848"}],"version-history":[{"count":0,"href":"https:\/\/www.europesays.com\/fr\/wp-json\/wp\/v2\/posts\/635848\/revisions"}],"wp:featuredmedia":[{"embeddable":true,"href":"https:\/\/www.europesays.com\/fr\/wp-json\/wp\/v2\/media\/635849"}],"wp:attachment":[{"href":"https:\/\/www.europesays.com\/fr\/wp-json\/wp\/v2\/media?parent=635848"}],"wp:term":[{"taxonomy":"category","embeddable":true,"href":"https:\/\/www.europesays.com\/fr\/wp-json\/wp\/v2\/categories?post=635848"},{"taxonomy":"post_tag","embeddable":true,"href":"https:\/\/www.europesays.com\/fr\/wp-json\/wp\/v2\/tags?post=635848"}],"curies":[{"name":"wp","href":"https:\/\/api.w.org\/{rel}","templated":true}]}}