{"id":635859,"date":"2026-01-02T09:09:19","date_gmt":"2026-01-02T09:09:19","guid":{"rendered":"https:\/\/www.europesays.com\/fr\/635859\/"},"modified":"2026-01-02T09:09:19","modified_gmt":"2026-01-02T09:09:19","slug":"on-na-pas-aime-en-2025","status":"publish","type":"post","link":"https:\/\/www.europesays.com\/fr\/635859\/","title":{"rendered":"On n&rsquo;a pas aim\u00e9 en 2025 !"},"content":{"rendered":"<p>\t\t\t\t\t\t<img width=\"770\" height=\"557\" src=\"https:\/\/www.europesays.com\/fr\/wp-content\/uploads\/2026\/01\/on-a-pas-aime-770x557.jpg\" class=\"img-responsive wp-post-image\" alt=\"\" decoding=\"async\" fetchpriority=\"high\"  \/>\t\t\t\t\t<\/p>\n<p>\t\t\t\t\t\t Partager cet article <\/p>\n<p class=\"screen-reader-text juiz_sps_maybe_hidden_text\">Partager la publication \u00ab\u00a0On n\u2019a pas aim\u00e9 en 2025 !\u00a0\u00bb<\/p>\n<p><strong>Le d\u00e9part de Victor Perez sur le LIV Golf, l\u2019impardonnable comportement du public de Bethpage vis-\u00e0-vis de l\u2019\u00e9quipe europ\u00e9enne de Ryder Cup, l\u2019absence bien trop longue de Tiger Woods\u2026 La r\u00e9daction de\u00a0Golf Plan\u00e8te\u00a0revient pour vous sur les faits \u00e0 oublier de cette ann\u00e9e 2025.<\/strong><\/p>\n<p><strong>Par G.B., N.C., D.C., D.M., F.S., E.S. et L.V.<\/strong><\/p>\n<p><strong>Le LIV Golf va-t-il enfin compter pour autre chose que pour du beurre ?<\/strong><\/p>\n<p>A quand la fin du conflit qui oppose le <strong>LIV Golf<\/strong> au <strong>OWGR<\/strong>, qui g\u00e8re le classement mondial\u00a0? Il y a 24 circuits pris en compte\u2026 mais pas le LIV. Les suiveurs ont besoin d\u2019une hi\u00e9rarchie qui a du sens avec les meilleurs joueurs du monde pr\u00e9sents au sommet du classement mondial. Sinon \u00e7a n\u2019est plus un classement mondial, mais un classement des meilleurs golfeurs des principaux circuits mondiaux.<\/p>\n<p>En 2026, le LIV a d\u00e9cid\u00e9 de passer ses tournois \u00e0 72 trous <a href=\"https:\/\/www.golfplanete.com\/actualites\/des-points-mondiaux-sur-le-liv-des-fevrier\/\" target=\"_blank\" rel=\"noopener\">pour essayer de s\u00e9duire notamment les instances de l\u2019OWGR<\/a> dirig\u00e9es par le Sud-Africain <strong>Trevor Immelman<\/strong>. Il est peut-\u00eatre temps de promouvoir la paix et de trouver des compromis. Mais il faut bien admettre que ce ne sont malheureusement pas des notions dans l\u2019air du temps\u2026<\/p>\n<p><img loading=\"lazy\" decoding=\"async\" class=\"wp-image-183328 size-large aligncenter\" src=\"data:image\/svg+xml,%3Csvg%20xmlns=\" http:=\"\" alt=\"Photo by Mike Stobe\/LIV Golf\" width=\"770\" height=\"556\" data-lazy- data-lazy- data-lazy-src=\"https:\/\/www.europesays.com\/fr\/wp-content\/uploads\/2025\/08\/mi_08_24_25_msa_5895-770x556.jpg\"\/><\/p>\n<p><strong><br \/>&#13;<br \/>\nAntoine Rozner, si pr\u00e8s, si loin\u2026<\/strong><\/p>\n<p>En terminant 148e de la FedEx Cup, <strong>Antoine Rozner<\/strong> n\u2019a pas r\u00e9ussi <a href=\"https:\/\/www.golfplanete.com\/actualites\/lexperience-a-tourne-court-sur-le-pga-tour-pour-la-promo-2024\/\" target=\"_blank\" rel=\"noopener\">sa mission de conserver ses droits de jeu au sein de l\u2019\u00e9lite<\/a> du <strong>PGA Tour<\/strong>. Pourtant, il a pass\u00e9 15 des 17 cuts lors des tournois de la saison r\u00e9guli\u00e8re. Mais il a manqu\u00e9 chaque week-end ce petit quelque chose au Racingman pour transformer de jolis d\u00e9buts de semaines en gros points. Avec ce nombre de cuts valid\u00e9s, le golfeur de 32 ans a cependant prouv\u00e9 qu\u2019il a le niveau pour ce circuit\u00a0: ce n\u2019est que partie remise pour qu\u2019il s\u2019installe durablement de l\u2019autre c\u00f4t\u00e9 de l\u2019Atlantique.<\/p>\n<p><img loading=\"lazy\" decoding=\"async\" class=\"wp-image-164209 size-large aligncenter\" src=\"data:image\/svg+xml,%3Csvg%20xmlns=\" http:=\"\" alt=\"\" width=\"770\" height=\"556\" data-lazy- data-lazy- data-lazy-src=\"https:\/\/www.europesays.com\/fr\/wp-content\/uploads\/2025\/05\/golf-pga-tour-antoine-rozner-porto-rico-open-770x556.jpg\"\/><\/p>\n<p><strong><br \/>&#13;<br \/>\nVictor Perez, le transfert qui interroge<\/strong><\/p>\n<p>C\u2019est davantage de la d\u00e9ception qu\u2019un jugement de valeur qui est exprim\u00e9 ici. Qui aurait vraiment et rationnellement refus\u00e9 des conditions pareilles pour jouer au golf ? Les fans que nous sommes r\u00eavent parfois, peut-\u00eatre de mani\u00e8re un peu na\u00efve, qu\u2019un des n\u00f4tres joue pour l\u2019amour du jeu, privil\u00e9gie l\u2019h\u00e9ritage, veuille faire grandir le golf fran\u00e7ais au travers de ses performances plut\u00f4t que de c\u00e9der aux sir\u00e8nes de l\u2019argent. Ferions-nous le m\u00eame choix dans sa situation ? Sans doute ? Sommes-nous d\u00e9\u00e7us de <a href=\"https:\/\/www.golfplanete.com\/actualites\/victor-perez-tourne-le-dos-au-pga-tour-et-met-le-cap-sur-le-liv\/\" target=\"_blank\" rel=\"noopener\">ne plus voir Victor Perez sur le PGA Tour<\/a>, moins sur le <strong>DP World Tour<\/strong> ? Assur\u00e9ment !<\/p>\n<p><img loading=\"lazy\" decoding=\"async\" class=\"wp-image-192359 size-large aligncenter\" src=\"data:image\/svg+xml,%3Csvg%20xmlns=\" http:=\"\" alt=\"\" width=\"770\" height=\"555\" data-lazy- data-lazy- data-lazy-src=\"https:\/\/www.europesays.com\/fr\/wp-content\/uploads\/2025\/11\/perezcleeks-770x555.jpg\"\/><\/p>\n<p><strong><br \/>&#13;<br \/>\nBethpage Black, public ennemi !<\/strong><\/p>\n<p>Je n\u2019ai pas aim\u00e9 l\u2019attitude d\u2019une partie du public de <strong>Bethpage<\/strong> pendant la <strong>Ryder Cup<\/strong>. Je l\u2019ai m\u00eame d\u00e9test\u00e9e. <a href=\"https:\/\/www.golfplanete.com\/actualites\/la-victoire-dune-equipe-un-dimanche-de-folie-des-incidents-en-tout-genre-notre-on-a-aime-on-na-pas-aime-de-la-ryder-cup\/\" target=\"_blank\" rel=\"noopener\">La ferveur attendue s\u2019est trop souvent transform\u00e9e en hostilit\u00e9<\/a>, assum\u00e9e en plus : hu\u00e9es sur les coups des Europ\u00e9ens, insultes personnelles visant certains joueurs (<strong>Rory McIlroy<\/strong>, <strong>Shane Lowry<\/strong> en t\u00eate), chants d\u00e9plac\u00e9s au d\u00e9part. M\u00eame la femme de Rory a \u00e9t\u00e9 chahut\u00e9e. Plusieurs Europ\u00e9ens et m\u00eame des figures du golf am\u00e9ricain ont d\u00e9nonc\u00e9 cette ambiance pesante, loin de l\u2019esprit sportif revendiqu\u00e9 par ce sport. \u00c0 Bethpage, m\u00eame si l\u2019exploit des hommes de <strong>Luke Donald<\/strong> reste immense, le jeu de golf y a laiss\u00e9 quelques plumes.<\/p>\n<p><img loading=\"lazy\" decoding=\"async\" class=\"wp-image-188109 size-large aligncenter\" src=\"data:image\/svg+xml,%3Csvg%20xmlns=\" http:=\"\" alt=\"Photo by Michael Reaves\/PGA of America\" width=\"770\" height=\"556\" data-lazy- data-lazy- data-lazy-src=\"https:\/\/www.europesays.com\/fr\/wp-content\/uploads\/2025\/10\/rc.09.28.25.mr_.mr2_5549-5728008-770x556.jpg\"\/><\/p>\n<p><strong><br \/>&#13;<br \/>\n40 ans, l\u2019\u00e2ge de la retraite pour MLV<\/strong><\/p>\n<p>\u00c0 40 ans,\u00a0<strong>Mike Lorenzo-Vera<\/strong>\u00a0a tourn\u00e9 la page d\u2019une carri\u00e8re de pr\u00e8s de vingt ans sur le\u00a0DP World Tour, <a href=\"https:\/\/www.golfplanete.com\/actualites\/mike-lorenzo-vera-tire-sa-reverence\/\" target=\"_blank\" rel=\"noopener\">apr\u00e8s une ultime apparition \u00e0 Crans Montana<\/a>. Apr\u00e8s avoir \u00e9t\u00e9 min\u00e9 par des probl\u00e8mes de sant\u00e9 mentale \u2013 sous exemption m\u00e9dicale car <a href=\"https:\/\/www.golfplanete.com\/actualites\/mike-lorenzo-vera-devoile-quil-a-eu-des-crises-de-paniques-et-a-cru-mourir\/\" target=\"_blank\" rel=\"noopener\">victime de crises de panique<\/a>, sous antid\u00e9presseurs pendant six mois \u2013, il avait effectu\u00e9 un retour r\u00e9ussi en 2025 au\u00a0<strong>Hero Dubai Desert Classic<\/strong>. Mais le Basque a fini par dire stop, expliquant qu\u2019il n\u2019a plus envie de cette vie :\u00a0\u00ab Je n\u2019ai plus le gaz mental. Voil\u00e0 ! J\u2019ai envie de faire autre chose de ma vie \u00bb,\u00a0nous avait-il expliqu\u00e9.<\/p>\n<p><img loading=\"lazy\" decoding=\"async\" class=\"wp-image-183893 size-full aligncenter\" src=\"data:image\/svg+xml,%3Csvg%20xmlns=\" http:=\"\" alt=\"Mike Lorenzo-Vera Photo by Stuart Franklin\/Getty Images\" width=\"770\" height=\"521\" data-lazy- data-lazy- data-lazy-src=\"https:\/\/www.europesays.com\/fr\/wp-content\/uploads\/2025\/08\/mike-lorenzo-vera-adieu-reverence-cadeau.jpg\"\/><\/p>\n<p><strong><br \/>&#13;<br \/>\nMais qui va payer les amendes\u00a0?<\/strong><\/p>\n<p><strong>Jon Rahm<\/strong> et <strong>Tyrrell Hatton<\/strong> feront-ils partie de la future \u00e9quipe europ\u00e9enne de <strong>Ryder Cup<\/strong> pour l\u2019\u00e9dition 2027 \u00e0 <strong>Adare Manor<\/strong>, en R\u00e9publique d\u2019Irlande\u00a0? Rien n\u2019est moins s\u00fbr. D\u2019autant que le <strong>LIV Golf<\/strong>, o\u00f9 \u00e9voluent l\u2019Espagnol et l\u2019Anglais, a d\u00e9cid\u00e9 de ne plus payer la moindre amende \u00e9manant du DP World Tour \u00e0 partir du 1er janvier 2026, condition sine qua non pour que les golfeurs ayant rejoint le Circuit saoudien conservent leur statut de membre de ce m\u00eame DP World Tour, et donc d\u2019\u00eatre \u00e9ligibles pour la Ryder Cup.<\/p>\n<p>8 \u00e0 10 millions d\u2019euros d\u2019amendes demeurent toujours \u00e0 ce jour impay\u00e9s et celles-ci correspondent peu ou prou \u00e0 <a href=\"https:\/\/www.golfplanete.com\/actualites\/jon-rahm-ne-sait-pas-quand-son-appel-lie-a-ses-amendes-impayees-sera-examine\/\" target=\"_blank\" rel=\"noopener\">l\u2019appel lanc\u00e9 conjointement par les deux golfeurs suite au jugement en avril 2023 d\u2019un Tribunal londonien<\/a> en faveur du Tour europ\u00e9en. Jusqu\u2019\u00e0 quand va durer ce bras de fer ? Le DPWT, pieds et poings li\u00e9s \u00e9conomiquement au PGA Tour, trouvera-t-il une solution \u00e0 l\u2019amiable ? <a href=\"https:\/\/www.golfplanete.com\/actualites\/une-ryder-cup-sans-hatton-et-rahm-la-menace-qui-pese-sur-le-dp-world-tour\/\" target=\"_blank\" rel=\"noopener\">Ou peut-il r\u00e9ellement se priver de deux de ses meilleurs \u00e9l\u00e9ments \u00e0 Bethpage<\/a> en septembre dernier ? Un spectacle pour le moins regrettable dont on se serait bien pass\u00e9 !<\/p>\n<p><img loading=\"lazy\" decoding=\"async\" class=\"wp-image-187186 size-large aligncenter\" src=\"data:image\/svg+xml,%3Csvg%20xmlns=\" http:=\"\" alt=\"\" width=\"770\" height=\"559\" data-lazy- data-lazy- data-lazy-src=\"https:\/\/www.europesays.com\/fr\/wp-content\/uploads\/2026\/01\/afp__20250926__2237539898__v1__highres__rydercup2025fridaymorningfoursomes-770x559.jpg\"\/><\/p>\n<p><strong><br \/>&#13;<br \/>\nTiger, le chant du cygne ?\u00a0<\/strong><\/p>\n<p>Absent des fairways depuis 2024, reverra-ton un jour <strong>Tiger Woods<\/strong> en comp\u00e9tition sur le PGA Tour ?\u00a0La question m\u00e9rite d\u2019\u00eatre pos\u00e9e car l\u2019Am\u00e9ricain, min\u00e9 par les blessures, encha\u00eene les op\u00e9rations, notamment au dos avec <a href=\"https:\/\/www.golfplanete.com\/actualites\/tiger-woods-de-nouveau-opere-du-dos-son-retour-a-nouveau-repousse\/\" target=\"_blank\" rel=\"noopener\">une 7e intervention en octobre<\/a>.\u00a0Sa derni\u00e8re apparition remonte \u00e0 l\u2019\u00e9t\u00e9 2024 dans <strong>The Open<\/strong>, \u00e0 <strong>Troon<\/strong>, et s\u2019est sold\u00e9e par un 3e cut en Majeur manqu\u00e9 cons\u00e9cutivement. Comme un symbole de ses difficult\u00e9s physiques r\u00e9currentes, il avait termin\u00e9 bon dernier du <strong>Masters<\/strong> trois mois auparavant. En 2025, ses fans ont \u00e9t\u00e9 contraints de se contenter de quelques swings ex\u00e9cut\u00e9s face \u00e0 l\u2019\u00e9cran de la <a href=\"https:\/\/www.golfplanete.com\/actualites\/alerte-spoiler-la-rentree-de-tiger-woods-dans-la-deuxieme-journee-du-tgl\/\" target=\"_blank\" rel=\"noopener\">Tomorrow Golf League<\/a>. M\u00eame sa participation symbolique au <strong>PNC Championship<\/strong> qu\u2019il dispute en d\u00e9cembre avec son fils depuis 2021 est pass\u00e9e \u00e0 la trappe.<\/p>\n<p>Pourtant, parler de \u201cfin\u201d avec Tiger Woods reste d\u00e9licat. Son histoire est faite de r\u00e9surrections improbables. Le Masters 2019 a grav\u00e9 dans le marbre l\u2019id\u00e9e qu\u2019il ne fallait jamais l\u2019enterrer trop vite. Mais cette fois, le combat n\u2019est plus seulement sportif. Interrog\u00e9 r\u00e9cemment, Woods a reconnu que sa convalescence \u00e9tait \u201cloin d\u2019\u00eatre termin\u00e9e\u201d, <a href=\"https:\/\/www.golfplanete.com\/le-fil-golf-planete\/tiger-woods-repousse-la-possibilite-dun-retour\/\" target=\"_blank\" rel=\"noopener\">sans calendrier pr\u00e9cis pour un retour en 2026<\/a>.<\/p>\n<p>Alors qu\u2019il vient de souffler <a href=\"https:\/\/www.golfplanete.com\/actualites\/50-nuances-de-tiger\/\" target=\"_blank\" rel=\"noopener\">ses 50 ans bougies<\/a>, le silence autour de son retour inqui\u00e8te et m\u00eame les plus optimistes (ou nostalgiques) commencent \u00e0 se faire \u00e0 l\u2019id\u00e9e qu\u2019on ne reverra plus jamais Tiger rivaliser avec les meilleurs.<\/p>\n<p><img loading=\"lazy\" decoding=\"async\" class=\"wp-image-137589 size-large aligncenter\" src=\"data:image\/svg+xml,%3Csvg%20xmlns=\" http:=\"\" alt=\"Tiger Woods Photo by Patrick Smith \/ GETTY IMAGES NORTH AMERICA \/ Getty Images via AFP\" width=\"770\" height=\"556\" data-lazy- data-lazy- data-lazy-src=\"https:\/\/www.europesays.com\/fr\/wp-content\/uploads\/2025\/08\/tiger-woods-pga-championship-rory-mcilroy-scottie-scheffler-record-xander-schauffele-valhalla-770x55.jpeg\"\/><\/p>\n<p>&#13;<br \/>\nPhotos : Mike Stobe \/ LIV Golf ; Emilee Chinn \/ GETTY IMAGES NORTH AMERICA \/ Getty Images via AFP ; LIV Golf ; Stuart Franklin\/ Getty Images ; Andrew Redington \/ GETTY IMAGES NORTH AMERICA \/ Getty Images via AFP ; Patrick Smith \/ GETTY IMAGES NORTH AMERICA \/ Getty Images via AFP<\/p>\n","protected":false},"excerpt":{"rendered":"Partager cet article Partager la publication \u00ab\u00a0On n\u2019a pas aim\u00e9 en 2025 !\u00a0\u00bb Le d\u00e9part de Victor Perez&hellip;\n","protected":false},"author":2,"featured_media":635860,"comment_status":"","ping_status":"","sticky":false,"template":"","format":"standard","meta":{"footnotes":""},"categories":[1418],"tags":[1011,27,1472,60],"class_list":{"0":"post-635859","1":"post","2":"type-post","3":"status-publish","4":"format-standard","5":"has-post-thumbnail","7":"category-golf","8":"tag-fr","9":"tag-france","10":"tag-golf","11":"tag-sports"},"share_on_mastodon":{"url":"https:\/\/pubeurope.com\/@fr\/115824726097533227","error":""},"_links":{"self":[{"href":"https:\/\/www.europesays.com\/fr\/wp-json\/wp\/v2\/posts\/635859","targetHints":{"allow":["GET"]}}],"collection":[{"href":"https:\/\/www.europesays.com\/fr\/wp-json\/wp\/v2\/posts"}],"about":[{"href":"https:\/\/www.europesays.com\/fr\/wp-json\/wp\/v2\/types\/post"}],"author":[{"embeddable":true,"href":"https:\/\/www.europesays.com\/fr\/wp-json\/wp\/v2\/users\/2"}],"replies":[{"embeddable":true,"href":"https:\/\/www.europesays.com\/fr\/wp-json\/wp\/v2\/comments?post=635859"}],"version-history":[{"count":0,"href":"https:\/\/www.europesays.com\/fr\/wp-json\/wp\/v2\/posts\/635859\/revisions"}],"wp:featuredmedia":[{"embeddable":true,"href":"https:\/\/www.europesays.com\/fr\/wp-json\/wp\/v2\/media\/635860"}],"wp:attachment":[{"href":"https:\/\/www.europesays.com\/fr\/wp-json\/wp\/v2\/media?parent=635859"}],"wp:term":[{"taxonomy":"category","embeddable":true,"href":"https:\/\/www.europesays.com\/fr\/wp-json\/wp\/v2\/categories?post=635859"},{"taxonomy":"post_tag","embeddable":true,"href":"https:\/\/www.europesays.com\/fr\/wp-json\/wp\/v2\/tags?post=635859"}],"curies":[{"name":"wp","href":"https:\/\/api.w.org\/{rel}","templated":true}]}}