{"id":635871,"date":"2026-01-02T09:19:23","date_gmt":"2026-01-02T09:19:23","guid":{"rendered":"https:\/\/www.europesays.com\/fr\/635871\/"},"modified":"2026-01-02T09:19:23","modified_gmt":"2026-01-02T09:19:23","slug":"je-rends-hommage-au-plus-beau-chateau-du-monde-un-photographe-audois-expose-ses-photos-a-carcassonne","status":"publish","type":"post","link":"https:\/\/www.europesays.com\/fr\/635871\/","title":{"rendered":"\u00ab Je rends hommage au plus beau ch\u00e2teau du monde \u00bb, un photographe audois expose ses photos \u00e0 Carcassonne"},"content":{"rendered":"<p>                    Par<br \/>\n        <strong><br \/>\n            <a href=\"https:\/\/actu.fr\/auteur\/charles-dossantos\" title=\"Consulter tous les articles de Charles Dos Santos\" target=\"_blank\" rel=\"noopener\">Charles Dos Santos<\/a><br \/>\n                    <\/strong><\/p>\n<p>        Publi\u00e9 le<\/p>\n<p>            1 janv. 2026 \u00e0 13h02        <\/p>\n<p>Natif de <a href=\"https:\/\/actu.fr\/toulouse\/dernieres-actus\" target=\"_blank\" rel=\"noopener\"><strong>Toulouse<\/strong> <\/a>mais ayant pass\u00e9 la majeure partie de sa vie \u00e0 <a href=\"https:\/\/actu.fr\/occitanie\/carcassonne_11069\" target=\"_blank\" rel=\"noopener\"><strong>Carcassonne<\/strong><\/a> (<a href=\"https:\/\/actu.fr\/occitanie\/aude_11\" target=\"_blank\" rel=\"noopener\"><strong>Aude<\/strong><\/a>) et auteur r\u00e9cemment d\u2019un <a href=\"https:\/\/actu.fr\/occitanie\/carcassonne_11069\/coup-de-foudre-sur-la-cite-de-carcassonne-un-cliche-comme-celui-la-c-est-rarissime_63589678.html\" target=\"_blank\" rel=\"noopener\"><strong>incroyable clich\u00e9<\/strong><\/a> au-dessus de la Cit\u00e9 M\u00e9di\u00e9vale, David Benzerien Artes, photographe amateur \u00e2g\u00e9 de <strong>40\u00a0ans<\/strong>, a depuis le 10\u00a0octobre dernier, les honneurs d\u2019une exposition in\u00e9dite au c\u0153ur m\u00eame du <strong>site class\u00e9 \u00e0 l\u2019Unesco<\/strong>.<\/p>\n<p>La Cit\u00e9 sous tous les angles<\/p>\n<p class=\" wall-content\">Sollicit\u00e9 par <a href=\"https:\/\/actu.fr\/occitanie\/aude_11\/loisirs-culture\" target=\"_blank\" rel=\"noopener\">Actu Occitanie<\/a>, le quadrag\u00e9naire revient sur cette exposition in\u00e9dite et qui constitue \u00ab\u2009<strong>un sublime r\u00eave<\/strong> qui se r\u00e9alise\u2009\u00bb pour ce quadrag\u00e9naire hyperactif.<\/p>\n<p class=\" wall-content\">\u00ab\u2009Je m\u2019int\u00e9resse depuis de tr\u00e8s nombreuses ann\u00e9es \u00e0 ce site magique, \u00e0 son Histoire, \u00e0 <strong>sa conservation au fil des si\u00e8cles<\/strong>\u2009\u00bb, entame l\u2019artiste.<\/p>\n<blockquote class=\"ac-article-quote wall-content\">\n<p>La photographie constitue, selon moi, une mani\u00e8re de figer pour l&rsquo;\u00e9ternit\u00e9, le temps qui passe inexorablement.<\/p>\n<p>    <strong>David Benzerien Artes<\/strong><br \/>\n        Photographe    <\/p><\/blockquote>\n<p>    <img   decoding=\"async\" loading=\"lazy\" src=\"https:\/\/www.europesays.com\/fr\/wp-content\/uploads\/2026\/01\/cite-carcassonne-pluie-vue-rue-interieure-960x640.jpg\" alt=\"A\" width=\"960\" height=\"640\"\/><br \/>\n    Prise sous l\u2019orage en 2023, cette photo est \u00e0 d\u00e9couvrir avec une douzaine d\u2019autres au Ch\u00e2teau Comtal de la Cit\u00e9 de Carcassonne (Aude) (\u00a9DBA Photography).Vid\u00e9os : en ce moment sur ActuD\u2019intenses \u00e9motions<\/p>\n<p class=\" wall-content\">Reconnaissant sans difficult\u00e9 \u00eatre un \u00ab\u2009v\u00e9ritable <strong>amoureux de la Cit\u00e9<\/strong>\u2009\u00bb, l\u2019artiste a d\u00e9j\u00e0 r\u00e9alis\u00e9 plusieurs dizaines de photos de ce site mondialement connu, par tous les temps. Le public peut d\u00e9couvrir sur place <strong>une quinzaine de ces clich\u00e9s uniques<\/strong>.<\/p>\n<p>Votre r\u00e9gion, votre actu !<\/p>\n<p>Recevez chaque jour les infos qui comptent pour vous.<\/p>\n<p>\t<a href=\"https:\/\/actu.fr\/newsletter\" class=\"ac-btn ac-btn--corner ac-btn--medium ac-btn--blue800\" target=\"_blank\" rel=\"noopener\">S&rsquo;incrire<\/a><\/p>\n<p class=\" wall-content\">\u00ab\u2009Chacune suscite chez moi, <strong>une \u00e9motion intense et particuli\u00e8re<\/strong>, un <strong>souvenir pr\u00e9cis<\/strong> d\u2019un moment d\u00e9finitivement captur\u00e9, quel que soit la m\u00e9t\u00e9o et la fr\u00e9quentation du lieu\u2009\u00bb, assure le photographe, ajoutant que ces \u00ab\u2009fameuses \u00e9motions seront, je l\u2019esp\u00e8re, partag\u00e9es par les visiteurs\u2009\u00bb.<\/p>\n<p>    <a href=\"https:\/\/www.facebook.com\/plugins\/post.php?href=https%3A%2F%2Fwww.facebook.com%2Fdbaphotography11%2Fposts%2Fpfbid0UkMdiB2aMprxpSwjRyBwHQEDMzD4sHbthciHpovUSDUahAc3bSrY69nGU4K6so3Rl&amp;show_text=true&amp;width=350\" title=\"Ouvrie le lien\" target=\"_blank\" rel=\"noopener\">Cliquez ici pour visualiser le contenu<\/a><\/p>\n<blockquote class=\"ac-article-quote wall-content\">\n<p>Clairement, ce lieu est unique ! Ce que j&rsquo;adore ici, c\u2019est qu\u2019il n\u2019y a jamais la m\u00eame ambiance, ni la m\u00eame lumi\u00e8re.<\/p>\n<p>    <strong>David Benzerien Artes<\/strong><br \/>\n        Photographe     <\/p><\/blockquote>\n<p class=\" wall-content\">L\u2019exposition est \u00e0 d\u00e9couvrir au sein m\u00eame du Ch\u00e2teau comtal, dans la Cit\u00e9, jusqu\u2019au <strong>5\u00a0janvier 2026<\/strong>.<\/p>\n<p>Exposition de photos \u00ab\u2009La Cit\u00e9 Moments suspendus\u2009\u00bb au sein du Ch\u00e2teau Comtal de la Cit\u00e9 de Carcassonne (Aude). Ouverte tous les jours de 9h30 \u00e0 17 heures, du 11 octobre 2025 au 5 janvier 2026. Plus d\u2019informations \u00e0 retrouver <a href=\"https:\/\/www.remparts-carcassonne.fr\/agenda\/la-cite-moments-suspendus\" target=\"_blank\" rel=\"noopener\">ici<\/a>.<\/p>\n<p class=\" wall-content\">Personnalisez votre actualit\u00e9 en ajoutant vos villes et m\u00e9dias en favori avec <a href=\"https:\/\/moncompte.actu.fr\" title=\"D\u00e9couvez Mon Actu\" rel=\"nofollow noopener\" data-trk=\"{&quot;cta&quot;:{&quot;action&quot;:&quot;https:\\\/\\\/moncompte.actu.fr&quot;,&quot;category&quot;:&quot;mon compte&quot;,&quot;from&quot;:&quot;article footer&quot;,&quot;name&quot;:&quot;Mon actu&quot;,&quot;type&quot;:&quot;cta&quot;}}\" target=\"_blank\">Mon Actu<\/a>.<\/p>\n","protected":false},"excerpt":{"rendered":"Par Charles Dos Santos Publi\u00e9 le 1 janv. 2026 \u00e0 13h02 Natif de Toulouse mais ayant pass\u00e9 la&hellip;\n","protected":false},"author":2,"featured_media":635872,"comment_status":"","ping_status":"","sticky":false,"template":"","format":"standard","meta":{"footnotes":""},"categories":[1358],"tags":[1348,1384,1385,74334,1386,58,59,1349,1011,27,1652,2551,1756],"class_list":{"0":"post-635871","1":"post","2":"type-post","3":"status-publish","4":"format-standard","5":"has-post-thumbnail","7":"category-arts-et-design","8":"tag-arts","9":"tag-arts-and-design","10":"tag-arts-et-design","11":"tag-cite-de-carcassonne","12":"tag-design","13":"tag-divertissement","14":"tag-entertainment","15":"tag-expositions","16":"tag-fr","17":"tag-france","18":"tag-loisirs-culture","19":"tag-patrimoine","20":"tag-photographie"},"share_on_mastodon":{"url":"https:\/\/pubeurope.com\/@fr\/115824765423291459","error":""},"_links":{"self":[{"href":"https:\/\/www.europesays.com\/fr\/wp-json\/wp\/v2\/posts\/635871","targetHints":{"allow":["GET"]}}],"collection":[{"href":"https:\/\/www.europesays.com\/fr\/wp-json\/wp\/v2\/posts"}],"about":[{"href":"https:\/\/www.europesays.com\/fr\/wp-json\/wp\/v2\/types\/post"}],"author":[{"embeddable":true,"href":"https:\/\/www.europesays.com\/fr\/wp-json\/wp\/v2\/users\/2"}],"replies":[{"embeddable":true,"href":"https:\/\/www.europesays.com\/fr\/wp-json\/wp\/v2\/comments?post=635871"}],"version-history":[{"count":0,"href":"https:\/\/www.europesays.com\/fr\/wp-json\/wp\/v2\/posts\/635871\/revisions"}],"wp:featuredmedia":[{"embeddable":true,"href":"https:\/\/www.europesays.com\/fr\/wp-json\/wp\/v2\/media\/635872"}],"wp:attachment":[{"href":"https:\/\/www.europesays.com\/fr\/wp-json\/wp\/v2\/media?parent=635871"}],"wp:term":[{"taxonomy":"category","embeddable":true,"href":"https:\/\/www.europesays.com\/fr\/wp-json\/wp\/v2\/categories?post=635871"},{"taxonomy":"post_tag","embeddable":true,"href":"https:\/\/www.europesays.com\/fr\/wp-json\/wp\/v2\/tags?post=635871"}],"curies":[{"name":"wp","href":"https:\/\/api.w.org\/{rel}","templated":true}]}}