{"id":635873,"date":"2026-01-02T09:21:14","date_gmt":"2026-01-02T09:21:14","guid":{"rendered":"https:\/\/www.europesays.com\/fr\/635873\/"},"modified":"2026-01-02T09:21:14","modified_gmt":"2026-01-02T09:21:14","slug":"prodiges-2025-lyam-violoncelliste-de-16-ans-remporte-la-finale-de-la-saison-12","status":"publish","type":"post","link":"https:\/\/www.europesays.com\/fr\/635873\/","title":{"rendered":"Prodiges 2025\u00a0: Lyam, violoncelliste de 16 ans, remporte la finale de la saison 12"},"content":{"rendered":"<p>\n                                                                    l&rsquo;essentiel<br \/>\n                                                                Douze enfants et adolescents \u00e9taient en comp\u00e9tition pour la finale de \u00ab\u00a0Prodiges\u00a0\u00bb jeudi soir, dans l\u2019\u00e9mission de Faustine Bollaert, sur France 2. Le jury a d\u00e9sign\u00e9 le vainqueur\u00a0: un jeune musicien de 16 ans.\n                            <\/p>\n<p>Douze petits g\u00e9nies pour une seule place de gagnant. <a href=\"https:\/\/www.france.tv\/france-2\/prodiges\/prodiges-saison-12\/8004828-la-grande-finale.html#at_medium=7&amp;at_campaign=rs&amp;at_compte=france5&amp;at_genre=div\" target=\"_blank\" rel=\"noopener\">Dans la finale de \u00ab\u00a0Prodiges\u00a0\u00bb<\/a>, douze jeunes talents \u00e9taient en comp\u00e9tition, jeudi soir, sur France 2. La cat\u00e9gorie \u00ab\u00a0chant\u00a0\u00bb r\u00e9unissait Lola, Nelson, Thalia et Mina. En cat\u00e9gorie \u00ab\u00a0instrument\u00a0\u00bb, Francesco, Lyam, Xiaorao et Maya se sont affront\u00e9s. En danse, les finalistes se nommaient Lily-Rose, C\u00e9sar, Tylan et Tim\u00e9a.<\/p>\n<p>Pour les conseiller apr\u00e8s leurs prestations, mais aussi choisir les meilleurs, le jury \u00e9tait compos\u00e9 du violoncelliste Gauthier Capu\u00e7on, de la danseuse et chor\u00e9graphe Marie-Claude Pi\u00e9tragalla et de chanteuse soprano Julie Fuchs.<\/p>\n<p>Chaque petit candidat a donn\u00e9 le meilleur de lui-m\u00eame mais le jury a d\u00fb faire un choix. Cat\u00e9gorie par cat\u00e9gorie, la victoire est revenue \u00e0 Tim\u00e9a, <a href=\"https:\/\/www.ladepeche.fr\/2026\/01\/01\/place-a-la-finale-de-prodiges-pour-timea-werzynski-rames-13139283.php\" target=\"_blank\" rel=\"noopener\">jeune danseuse de 14 ans de l\u2019Aveyron<\/a>, en cat\u00e9gorie \u00ab\u00a0danse\u00a0\u00bb. En \u00ab\u00a0chant\u00a0\u00bb, c\u2019est Lola, 16 ans, qui a \u00e9t\u00e9 d\u00e9sign\u00e9e vainqueure et Lyam, 15 ans, a \u00e9t\u00e9 d\u00e9sign\u00e9 dans la cat\u00e9gorie \u00ab\u00a0instruments\u00a0\u00bb. La victoire finale est revenue \u00e0 Lyam, violoncelliste de 16\u00a0ans.<\/p>\n<p>Un adolescent de 16 ans<\/p>\n<p>Lyam Chenaux est un gar\u00e7on de 16 ans. Il est originaire de Lausanne en Suisse. Il est scolaris\u00e9 dans l\u2019\u00e9quivalent de la terminale avec des horaires am\u00e9nag\u00e9s et a deux ans d\u2019avance.<\/p>\n<p>Il aime le violoncelle depuis ses 5 ans<\/p>\n<p>Quand il avait 5 ans, ses parents l\u2019avaient amen\u00e9 aux portes ouvertes du conservatoire de Lausanne. Le petit gar\u00e7on essaie plusieurs instruments mais a \u00ab\u00a0un coup de c\u0153ur\u00a0\u00bb pour le violoncelle. Cet amour pour l\u2019instrument ne l\u2019a plus quitt\u00e9. Il est entr\u00e9 au conservatoire.<\/p>\n<p>Il va sortir un disque<\/p>\n<p>Lyam esp\u00e8re sortir prochainement un disque. Il confie dans une interview au <a href=\"https:\/\/www.leparisien.fr\/culture-loisirs\/tv\/lyam-chenaux-vainqueur-de-prodiges-sur-france-2-jaimerais-integrer-un-orchestre-philharmonique-02-01-2026-7GT5ONSEWZFZFJ6IHQ2YINNBIQ.php\" target=\"_blank\" rel=\"noopener\">Parisien<\/a>\u00a0: \u00ab\u00a0Je compte sortir un disque, qui va avec la bourse, mais je ne peux rien dire pour l\u2019instant, c\u2019est confidentiel\u00a0\u00bb.\u00a0La victoire dans \u00ab\u00a0Prodiges\u00a0\u00bb lui permet de remporter une bourse d\u2019\u00e9tudes de 10\u00a0000\u00a0euros.<\/p>\n<p>Son musicien pr\u00e9f\u00e9r\u00e9 est Chostakovitch<\/p>\n<p>Quand on lui demande quel est son musicien pr\u00e9f\u00e9r\u00e9, Lyam r\u00e9pond Dmitri Chostakovitch, un musicien russe du XXe\u00a0si\u00e8cle auteur de quinze symphonies, six concertos, de musique de chambre, trois op\u00e9ras et ballets.<\/p>\n<p>Il veut devenir musicien professionnel<\/p>\n<p>Lyam veut faire de la musique classique son m\u00e9tier. Il a entam\u00e9 un Bachelor \u00e0 la Haute \u00e9cole de musique de Gen\u00e8ve Neufch\u00e2tel. Il aimerait int\u00e9grer un orchestre philharmonique.<\/p>\n<p>L\u2019audience de la finale n\u2019\u00e9tait pas encore connue en d\u00e9but de journ\u00e9e. L\u2019\u00e9mission du jour de No\u00ebl avait r\u00e9uni 2,12\u00a0millions de t\u00e9l\u00e9spectateurs, l\u2019\u00e9mission du 18\u00a0d\u00e9cembre 2,42\u00a0millions de t\u00e9l\u00e9spectateurs. La finale sera rediffus\u00e9e ce vendredi 2\u00a0janvier sur France 4 \u00e0 partir de 18h30.<\/p>\n","protected":false},"excerpt":{"rendered":"l&rsquo;essentiel Douze enfants et adolescents \u00e9taient en comp\u00e9tition pour la finale de \u00ab\u00a0Prodiges\u00a0\u00bb jeudi soir, dans l\u2019\u00e9mission de&hellip;\n","protected":false},"author":2,"featured_media":635874,"comment_status":"","ping_status":"","sticky":false,"template":"","format":"standard","meta":{"footnotes":""},"categories":[1356],"tags":[58,59,1011,27,252,68925,1364],"class_list":{"0":"post-635873","1":"post","2":"type-post","3":"status-publish","4":"format-standard","5":"has-post-thumbnail","7":"category-television","8":"tag-divertissement","9":"tag-entertainment","10":"tag-fr","11":"tag-france","12":"tag-television","13":"tag-tu00e9lu00e9-mu00e9dias","14":"tag-tv"},"share_on_mastodon":{"url":"https:\/\/pubeurope.com\/@fr\/115824773282409998","error":""},"_links":{"self":[{"href":"https:\/\/www.europesays.com\/fr\/wp-json\/wp\/v2\/posts\/635873","targetHints":{"allow":["GET"]}}],"collection":[{"href":"https:\/\/www.europesays.com\/fr\/wp-json\/wp\/v2\/posts"}],"about":[{"href":"https:\/\/www.europesays.com\/fr\/wp-json\/wp\/v2\/types\/post"}],"author":[{"embeddable":true,"href":"https:\/\/www.europesays.com\/fr\/wp-json\/wp\/v2\/users\/2"}],"replies":[{"embeddable":true,"href":"https:\/\/www.europesays.com\/fr\/wp-json\/wp\/v2\/comments?post=635873"}],"version-history":[{"count":0,"href":"https:\/\/www.europesays.com\/fr\/wp-json\/wp\/v2\/posts\/635873\/revisions"}],"wp:featuredmedia":[{"embeddable":true,"href":"https:\/\/www.europesays.com\/fr\/wp-json\/wp\/v2\/media\/635874"}],"wp:attachment":[{"href":"https:\/\/www.europesays.com\/fr\/wp-json\/wp\/v2\/media?parent=635873"}],"wp:term":[{"taxonomy":"category","embeddable":true,"href":"https:\/\/www.europesays.com\/fr\/wp-json\/wp\/v2\/categories?post=635873"},{"taxonomy":"post_tag","embeddable":true,"href":"https:\/\/www.europesays.com\/fr\/wp-json\/wp\/v2\/tags?post=635873"}],"curies":[{"name":"wp","href":"https:\/\/api.w.org\/{rel}","templated":true}]}}