{"id":635875,"date":"2026-01-02T09:22:10","date_gmt":"2026-01-02T09:22:10","guid":{"rendered":"https:\/\/www.europesays.com\/fr\/635875\/"},"modified":"2026-01-02T09:22:10","modified_gmt":"2026-01-02T09:22:10","slug":"actus-champagne-fm-une-femme-decedee-ce-matin-a-reims","status":"publish","type":"post","link":"https:\/\/www.europesays.com\/fr\/635875\/","title":{"rendered":"Actus &#8211; Champagne FM &#8211; Une femme d\u00e9c\u00e9d\u00e9e ce matin \u00e0 Reims."},"content":{"rendered":"\n<p>Un drame s&rsquo;est produit ce vendredi 2 janvier vers 6h \u00e0 Reims.\u00a0<\/p>\n<p>Selon le SDIS de la Marne, <strong>une femme aurait chut\u00e9 d\u2019un pont avant d\u2019\u00eatre percut\u00e9e par un v\u00e9hicule<\/strong> circulant sur la travers\u00e9e urbaine de Reims, \u00e0 hauteur de la sortie Saint-Remi.<\/p>\n<p>Nous ignorons pour le moment l&rsquo;\u00e2ge et l&rsquo;identit\u00e9 de la victime.<\/p>\n<p><strong>La piste du suicide est privil\u00e9gi\u00e9e.\u00a0<\/strong><\/p>\n<p>La circulation a \u00e9t\u00e9 quelques peu perturb\u00e9e durant l&rsquo;intervention des secours.\u00a0<\/p>\n<p>\u00a0<\/p>\n<p>!function(f,b,e,v,n,t,s)<br \/>\n{if(f.fbq)return;n=f.fbq=function(){n.callMethod?<br \/>\nn.callMethod.apply(n,arguments):n.queue.push(arguments)};<br \/>\nif(!f._fbq)f._fbq=n;n.push=n;n.loaded=!0;n.version=&rsquo;2.0&prime;;<br \/>\nn.queue=[];t=b.createElement(e);t.async=!0;<br \/>\nt.src=v;s=b.getElementsByTagName(e)[0];<br \/>\ns.parentNode.insertBefore(t,s)}(window, document,&rsquo;script&rsquo;,<br \/>\n&lsquo;https:\/\/connect.facebook.net\/en_US\/fbevents.js&rsquo;);<br \/>\nfbq(&lsquo;init&rsquo;, &lsquo;804989127308002&rsquo;);<br \/>\nfbq(&lsquo;track&rsquo;, &lsquo;PageView&rsquo;);<\/p>\n","protected":false},"excerpt":{"rendered":"Un drame s&rsquo;est produit ce vendredi 2 janvier vers 6h \u00e0 Reims.\u00a0 Selon le SDIS de la Marne,&hellip;\n","protected":false},"author":2,"featured_media":629552,"comment_status":"","ping_status":"","sticky":false,"template":"","format":"standard","meta":{"footnotes":""},"categories":[1355],"tags":[11,3723,65455,5591,52029,65464,65463,65459,58,59,65456,1011,27,876,38839,30237,37289,37290,1114,4537,23664,12650,1361,873,12,1825,4243,65457,65461,65462,65458,56304,1964,65460],"class_list":{"0":"post-635875","1":"post","2":"type-post","3":"status-publish","4":"format-standard","5":"has-post-thumbnail","7":"category-musique","8":"tag-actualites","9":"tag-actus","10":"tag-ardennes","11":"tag-aube","12":"tag-chalons","13":"tag-champagne-ardennes","14":"tag-champagne-fm","15":"tag-charleville-mezieres","16":"tag-divertissement","17":"tag-entertainment","18":"tag-epernay","19":"tag-fr","20":"tag-france","21":"tag-france-3","22":"tag-france-bleu","23":"tag-haute-marne","24":"tag-info-locale","25":"tag-info-regionale","26":"tag-infos","27":"tag-lunion","28":"tag-la-voix-du-nord","29":"tag-marne","30":"tag-music","31":"tag-musique","32":"tag-news","33":"tag-radio","34":"tag-reims","35":"tag-rethel","36":"tag-romilly","37":"tag-sainte-menehould","38":"tag-sedan","39":"tag-sezanne","40":"tag-troyes","41":"tag-vouziers"},"share_on_mastodon":{"url":"https:\/\/pubeurope.com\/@fr\/115824777242322694","error":""},"_links":{"self":[{"href":"https:\/\/www.europesays.com\/fr\/wp-json\/wp\/v2\/posts\/635875","targetHints":{"allow":["GET"]}}],"collection":[{"href":"https:\/\/www.europesays.com\/fr\/wp-json\/wp\/v2\/posts"}],"about":[{"href":"https:\/\/www.europesays.com\/fr\/wp-json\/wp\/v2\/types\/post"}],"author":[{"embeddable":true,"href":"https:\/\/www.europesays.com\/fr\/wp-json\/wp\/v2\/users\/2"}],"replies":[{"embeddable":true,"href":"https:\/\/www.europesays.com\/fr\/wp-json\/wp\/v2\/comments?post=635875"}],"version-history":[{"count":0,"href":"https:\/\/www.europesays.com\/fr\/wp-json\/wp\/v2\/posts\/635875\/revisions"}],"wp:featuredmedia":[{"embeddable":true,"href":"https:\/\/www.europesays.com\/fr\/wp-json\/wp\/v2\/media\/629552"}],"wp:attachment":[{"href":"https:\/\/www.europesays.com\/fr\/wp-json\/wp\/v2\/media?parent=635875"}],"wp:term":[{"taxonomy":"category","embeddable":true,"href":"https:\/\/www.europesays.com\/fr\/wp-json\/wp\/v2\/categories?post=635875"},{"taxonomy":"post_tag","embeddable":true,"href":"https:\/\/www.europesays.com\/fr\/wp-json\/wp\/v2\/tags?post=635875"}],"curies":[{"name":"wp","href":"https:\/\/api.w.org\/{rel}","templated":true}]}}