{"id":635878,"date":"2026-01-02T09:24:09","date_gmt":"2026-01-02T09:24:09","guid":{"rendered":"https:\/\/www.europesays.com\/fr\/635878\/"},"modified":"2026-01-02T09:24:09","modified_gmt":"2026-01-02T09:24:09","slug":"un-ado-de-13-ans-atteint-par-une-maladie-tellement-rare-quelle-na-pas-de-nom","status":"publish","type":"post","link":"https:\/\/www.europesays.com\/fr\/635878\/","title":{"rendered":"Un ado de 13 ans atteint par une maladie tellement rare qu\u2019elle n\u2019a pas de nom"},"content":{"rendered":"<p>\u00c0 13 ans, <strong>Mikey Strachan a des r\u00eaves d\u2019enfant<\/strong><br \/>\ntout \u00e0 fait ordinaires. Des envies simples, universelles. Pourtant,<br \/>\npour cet adolescent britannique, ces aventures n\u2019existent qu\u2019\u00e0<br \/>\ntravers un casque de r\u00e9alit\u00e9 virtuelle. La raison est vertigineuse<br \/>\n: Mikey souffre <a href=\"https:\/\/www.closermag.fr\/vecu\/atteinte-dune-maladie-rare-ses-membres-deformes-lont-poussee-au-pire-3495960\" target=\"_blank\" rel=\"noopener\"><br \/>\nd\u2019une pathologie si exceptionnelle<\/a> qu\u2019aucun m\u00e9decin n\u2019est<br \/>\naujourd\u2019hui capable de lui donner un nom. Originaire de Fareham,<br \/>\ndans le Hampshire, l&rsquo;enfant vit avec des besoins m\u00e9dicaux d\u2019une<br \/>\nextr\u00eame complexit\u00e9.<\/p>\n<p>Presque en permanence reli\u00e9 \u00e0 un respirateur artificiel,<br \/>\n<strong>il ne peut ni aller \u00e0 l\u2019\u00e9cole, ni voyager,<\/strong> ni<br \/>\njouer librement avec d\u2019autres enfants. Son quotidien est rythm\u00e9 par<br \/>\nles soins, la surveillance constante et les urgences potentielles.<br \/>\nSa m\u00e8re, Chevonne Newlands, 43 ans, raconte au <a href=\"https:\/\/www.mirror.co.uk\/news\/real-life-stories\/mirror-christmas-appeal-mikey-lifelites-36425421\" target=\"_blank\" rel=\"nofollow noopener\">Mirror<\/a> combien<br \/>\ncette r\u00e9alit\u00e9 a boulevers\u00e9 toute la famille. \u201cAvec la r\u00e9alit\u00e9<br \/>\nvirtuelle, il redevient un adolescent comme les autres. Cela a<br \/>\nouvert de nouveaux horizons et lui permet, le temps d&rsquo;un instant,<br \/>\nd&rsquo;oublier ses probl\u00e8mes de sant\u00e9. C&rsquo;est une v\u00e9ritable<br \/>\nr\u00e9volution\u201d, confie-t-elle. <a href=\"https:\/\/www.closermag.fr\/vecu\/a-six-ans-elle-est-la-seule-au-monde-a-etre-atteinte-de-cette-maladie-genetique-3464101\" target=\"_blank\" rel=\"noopener\"><br \/>\nLa maladie<\/a> de Mikey est si rare que les sp\u00e9cialistes pensent<br \/>\nqu\u2019il pourrait <strong>\u00eatre le seul patient au monde \u00e0 en \u00eatre<br \/>\natteint.\u00a0<\/strong><\/p>\n<p>Cet adolescent ne peut avoir une vie normale \u00e0 cause de sa<br \/>\nmaladie<\/p>\n<p>D\u00e8s sa naissance, les signaux \u00e9taient alarmants. \u201cPeu apr\u00e8s<br \/>\nsa naissance, Mikey avait du mal \u00e0 respirer. Les m\u00e9decins nous ont<br \/>\ndit qu\u2019il ne pourrait jamais s\u2019asseoir ni communiquer avec nous,<br \/>\n<strong>c\u2019\u00e9tait terrible\u201d<\/strong><strong>,<\/strong> se<br \/>\nsouvient sa m\u00e8re. \u00c0 seulement neuf mois, une trach\u00e9otomie a \u00e9t\u00e9<br \/>\nn\u00e9cessaire pour l\u2019aider \u00e0 respirer. Depuis, son \u00e9tat exige une<br \/>\npr\u00e9sence qualifi\u00e9e 24 heures sur 24, car il peut cesser de respirer<br \/>\n\u00e0 tout moment. Les ann\u00e9es ont \u00e9t\u00e9 marqu\u00e9es par des centaines<br \/>\nd\u2019examens, d\u2019hospitalisations et d\u2019interventions chirurgicales,<br \/>\nsans r\u00e9ponse d\u00e9finitive.<\/p>\n<p>La famille a parcouru <a href=\"https:\/\/www.closermag.fr\/vecu\/atteinte-dune-maladie-gravissime-elle-na-rien-mange-depuis-plus-de-10-ans-3522532\" target=\"_blank\" rel=\"noopener\"><br \/>\nle monde \u00e0 la recherche<\/a> d\u2019un diagnostic. Mikey participe<br \/>\nactuellement \u00e0 une vaste \u00e9tude g\u00e9n\u00e9tique internationale men\u00e9e \u00e0<br \/>\nBoston. \u201cIls disent qu&rsquo;il a un syndrome, mais ils ne savent pas<br \/>\nlequel. Une fois qu&rsquo;ils le sauront, <strong>il pourrait m\u00eame porter<br \/>\nson nom<\/strong>\u201d, explique Chevonne. Elle ajoute avec<br \/>\nlucidit\u00e9 : \u201cM\u00eame si on avait un diagnostic, il n&rsquo;y aurait pas<br \/>\nde traitement et \u00e7a ne changerait rien \u00e0 la fa\u00e7on dont on prend<br \/>\nsoin de Mikey. On veut juste qu&rsquo;il ait la meilleure qualit\u00e9 de vie<br \/>\npossible\u201d.\u00a0<\/p>\n<p>Depuis sa naissance, il souffre d&rsquo;un<br \/>\nsyndrome rare<\/p>\n<p>Cette qualit\u00e9 de vie, Mikey la retrouve gr\u00e2ce \u00e0 la technologie<br \/>\nd\u00e9velopp\u00e9e par l\u2019association Lifelites, qui accompagne aujourd\u2019hui<br \/>\npr\u00e8s de 15 000 enfants gravement malades ou handicap\u00e9s. Gr\u00e2ce \u00e0 des<br \/>\noutils sensoriels et immersifs, et notamment un casque Meta Quest<br \/>\n3, Mikey peut explorer des mondes, jouer, communiquer et rester en<br \/>\nlien avec ses amis.<\/p>\n<p>Bien qu\u2019il ne puisse pas parler, il s\u2019exprime par des sons, le<br \/>\nlangage des signes Makaton et les technologies num\u00e9riques.<br \/>\nScolaris\u00e9 un temps dans un \u00e9tablissement classique en raison de<br \/>\ncapacit\u00e9s cognitives intactes, Mikey a d\u00fb arr\u00eater l\u2019\u00e9cole faute de<br \/>\npersonnel m\u00e9dical suffisant. Une rupture douloureuse. \u201cC&rsquo;\u00e9tait<br \/>\ndifficile pour lui, car il a beaucoup d&rsquo;amis, mais il peut toujours<br \/>\ngarder le contact avec eux gr\u00e2ce <strong>aux jeux en r\u00e9alit\u00e9<br \/>\nvirtuelle<\/strong><strong>\u201d<\/strong>, explique sa m\u00e8re.<br \/>\nSoutenu depuis plusieurs ann\u00e9es par le centre de soins palliatifs<br \/>\np\u00e9diatriques Chestnut Tree House, Mikey continue de vivre entour\u00e9,<br \/>\naim\u00e9 et stimul\u00e9. Sa maladie reste un myst\u00e8re m\u00e9dical.<\/p>\n","protected":false},"excerpt":{"rendered":"\u00c0 13 ans, Mikey Strachan a des r\u00eaves d\u2019enfant tout \u00e0 fait ordinaires. Des envies simples, universelles. Pourtant,&hellip;\n","protected":false},"author":2,"featured_media":635879,"comment_status":"","ping_status":"","sticky":false,"template":"","format":"standard","meta":{"footnotes":""},"categories":[10],"tags":[21303,1011,27,72,70426,71],"class_list":{"0":"post-635878","1":"post","2":"type-post","3":"status-publish","4":"format-standard","5":"has-post-thumbnail","7":"category-sante","8":"tag-buzz_nonli","9":"tag-fr","10":"tag-france","11":"tag-health","12":"tag-marfeel_news","13":"tag-sante"},"share_on_mastodon":{"url":"https:\/\/pubeurope.com\/@fr\/115824785079082842","error":""},"_links":{"self":[{"href":"https:\/\/www.europesays.com\/fr\/wp-json\/wp\/v2\/posts\/635878","targetHints":{"allow":["GET"]}}],"collection":[{"href":"https:\/\/www.europesays.com\/fr\/wp-json\/wp\/v2\/posts"}],"about":[{"href":"https:\/\/www.europesays.com\/fr\/wp-json\/wp\/v2\/types\/post"}],"author":[{"embeddable":true,"href":"https:\/\/www.europesays.com\/fr\/wp-json\/wp\/v2\/users\/2"}],"replies":[{"embeddable":true,"href":"https:\/\/www.europesays.com\/fr\/wp-json\/wp\/v2\/comments?post=635878"}],"version-history":[{"count":0,"href":"https:\/\/www.europesays.com\/fr\/wp-json\/wp\/v2\/posts\/635878\/revisions"}],"wp:featuredmedia":[{"embeddable":true,"href":"https:\/\/www.europesays.com\/fr\/wp-json\/wp\/v2\/media\/635879"}],"wp:attachment":[{"href":"https:\/\/www.europesays.com\/fr\/wp-json\/wp\/v2\/media?parent=635878"}],"wp:term":[{"taxonomy":"category","embeddable":true,"href":"https:\/\/www.europesays.com\/fr\/wp-json\/wp\/v2\/categories?post=635878"},{"taxonomy":"post_tag","embeddable":true,"href":"https:\/\/www.europesays.com\/fr\/wp-json\/wp\/v2\/tags?post=635878"}],"curies":[{"name":"wp","href":"https:\/\/api.w.org\/{rel}","templated":true}]}}