{"id":635886,"date":"2026-01-02T09:29:08","date_gmt":"2026-01-02T09:29:08","guid":{"rendered":"https:\/\/www.europesays.com\/fr\/635886\/"},"modified":"2026-01-02T09:29:08","modified_gmt":"2026-01-02T09:29:08","slug":"attaque-presumee-contre-une-residence-de-vladimir-poutine-un-rapport-de-la-cia-dement-la-version-russe-sud-ouest","status":"publish","type":"post","link":"https:\/\/www.europesays.com\/fr\/635886\/","title":{"rendered":"Attaque pr\u00e9sum\u00e9e contre une r\u00e9sidence de Vladimir Poutine : un rapport de la CIA d\u00e9ment la version russe &#8211; Sud Ouest"},"content":{"rendered":"<ol>\n<li><a href=\"https:\/\/news.google.com\/rss\/articles\/CBMi_AFBVV95cUxQNkktd0RLZ0Z6TWFGMGZXNl9nWTRhN2s4Zmg5UjRRWk5iMnlKZkVEckdBaE1BZXN4SDZtT291dW9EQ3owMXFYUmI2b0ZWQ1FfdVJITGdKTjFzcnprXzFiQ1A0TUFzTUJZMWEzUnJ2cmRLdHlXY0tSTVJLQnVJSWpONUlMN01YVzVXNHZKTWZMNUtpc054c1lYMmF5UDQ2MDBpY2FZQ2VjSDVfV0lfa1A0Z0pMOER1S1d4bHc3YkRXYW8zREhZZk9yTjRKUTVYLXQyb1NBWFc0RVdVZ0dWVmJ4SWJxT05ZZXFvRzl4di1wOWN6ZWRKSmowZmVBX2I?oc=5\" target=\"_blank\" rel=\"noopener\">Attaque pr\u00e9sum\u00e9e contre une r\u00e9sidence de Vladimir Poutine : un rapport de la CIA d\u00e9ment la version russe<\/a>&nbsp;&nbsp;Sud Ouest<\/li>\n<li><a href=\"https:\/\/news.google.com\/rss\/articles\/CBMipAJBVV95cUxQbGxMVnY2ZUo2enB6X1FPb090ZVhuRTNvZVRyVExGRVk4TUpOSV9lbGVHTFg5RjFNZ2p1WF9NalhLQzgtOU5MSVFwVHBlODNfcmtONnNVeXpKMW52blVKMzcxLXNkdWNRcTBrRmNZZ2xhSkxNSXhYclNZOUNlOEtXUGoxb3VEMWFtX1Q2V0JDYVg0U2RzYjVyV3EzRC1YdE92NUZ0RU9GMFNSSTdoS1dPNWZfNFJVcTZqaDZ0dTAtZ2tET2VJQnlvd1diaE5HeV8tcWtvRW5iX0pVVkdPQTVKZFY1SnBaWW9pQkl6QUlGRUlzeGZnekJMUlR2WGJIdGhpS0E0aVBab3NTSXFKTFg2d1BtTU5JZHRGWUhobjNrZWFkMm5r?oc=5\" target=\"_blank\" rel=\"noopener\">EN DIRECT, guerre en Ukraine : l\u2019arm\u00e9e ukrainienne d\u00e9ment avoir pris pour cible des civils dans la partie sous occupation russe de l\u2019oblast de Kherson<\/a>&nbsp;&nbsp;Le Monde.fr<\/li>\n<li><a href=\"https:\/\/news.google.com\/rss\/articles\/CBMi2AFBVV95cUxOMjdxWjVBZ3JOM1NiSXVBNk85NkVCbG5iOXJOMWpJdDhGZzNTRXljaXJHVklyc3N2alR1UDVwQ2l5Zm10Q2ozRlBWR2JoWUpvNmQxOEt5b2piSnJRQnRiNzE0MVJGZmlxVnJRUjJYWXdhNnJaSGNpX2hhbWxMendteExoa0ExaXR2SjAxbGV1Vk9kaGpDdjBXRjYxaVE0dWhURVQtRHNQc0k0ZTE4WTdhTjRPSHRDbHNlYUdJZnpXaEItVDJwT3Bvenh1RG1ZUVdxZXZoWV9SSzk?oc=5\" target=\"_blank\" rel=\"noopener\">EN DIRECT Guerre en Ukraine : Moscou accuse Kiev d\u2019avoir tu\u00e9 24 personnes avec des drones la nuit du Nouvel An\u2026<\/a>&nbsp;&nbsp;20 Minutes<\/li>\n<li><a href=\"https:\/\/news.google.com\/rss\/articles\/CBMipAJBVV95cUxOcTM4aVFSekt1NlE5RW5QTEFFb3lpVy1wdHQtal9TejFSTE5zVHNrcWZZZWdpcGs1N1R6ZWVoakpwblYtbXpKTFRRYl9ldkFYbEZsWWFZUVlDaWlMZ3ZJT21aTExaNWhpTWNkb2NNNDE2akpKMGZBYVFTS19oVmFad2hZR0VwQzFsTW5JNHN4ZDZ2c2w4SVNIY0VjR3RSWWs2clhKQWFVZFhBc3hxZXc3OTZiSEFMeGx3SkpjcnFqNlhSZlUzMGNZeGZGUm13NHM5ZnZJckgtSmhYTzFqb01KZ0RtUXpvck9MclNEWDZHN3hBZ3VGVktkbzBVdndCeXRwdVJ6SkUyUWNDb3ZMMW9yczhRMHZkNDhWQV9EWXhxVUJsUU4z?oc=5\" target=\"_blank\" rel=\"noopener\">Guerre en Ukraine : la Russie fait \u00e9tat d&rsquo;au moins 20 morts apr\u00e8s une frappe de drone ukrainienne dans la r\u00e9gion de Kherson<\/a>&nbsp;&nbsp;Franceinfo<\/li>\n<li><a href=\"https:\/\/news.google.com\/rss\/articles\/CBMiwwJBVV95cUxQV1g0bEdNVS1hMWV6SlFhLWNZZzRPanVtcXEyNWJJWk13OHo0SU1IYTFiSGhKV1VBSFJsdFBLRDFrem9JSzl5MWpLakJjZFNfT1NLdWYtS3BlbmNhNVN4S1ZKaU0tNzZ6TGwwaEZNbkhtSVVhTTlISDFxT3dmcGJqRk1ISGVvSWNLYXBUVHhjaDZCRmZqb1ZIVWhUM1VWVFdLdW5Fd3ZCNjV6RXE0SGxlVjU0NkFhbU16YUM1c19wWDc2ZnIwRm1Ic3dBazNfeHdrdTkzcS15X0l0ZzluQ2JtRm5XN0k4N1pGNmJ4RENiTDBHdmFvTnBkRmNzY3N1eVdWU3pqeVNmNlo4ZlV2Skk1ckYwaDZFMDhnUVJpamk1ZTRNMThQODA4cWFGbnY1b1BqSVllNnVpYVc2dF9wS0MxRGw2Yw?oc=5\" target=\"_blank\" rel=\"noopener\">Pas de tr\u00eave de Nouvel an en Ukraine o\u00f9 la guerre d&rsquo;usure se poursuit \u00e0 grand renfort de drones : \u00ab\u00a0Une fois, il en a fallu 13 pour tuer un seul soldat\u00a0\u00bb<\/a>&nbsp;&nbsp;La Libre.be<\/li>\n<\/ol>\n","protected":false},"excerpt":{"rendered":"Attaque pr\u00e9sum\u00e9e contre une r\u00e9sidence de Vladimir Poutine : un rapport de la CIA d\u00e9ment la version russe&nbsp;&nbsp;Sud&hellip;\n","protected":false},"author":2,"featured_media":395849,"comment_status":"","ping_status":"","sticky":false,"template":"","format":"standard","meta":{"footnotes":""},"categories":[5],"tags":[11,1011,27,14,12,28],"class_list":{"0":"post-635886","1":"post","2":"type-post","3":"status-publish","4":"format-standard","5":"has-post-thumbnail","7":"category-international","8":"tag-actualites","9":"tag-fr","10":"tag-france","11":"tag-international","12":"tag-news","13":"tag-world"},"share_on_mastodon":{"url":"https:\/\/pubeurope.com\/@fr\/115824804756759324","error":""},"_links":{"self":[{"href":"https:\/\/www.europesays.com\/fr\/wp-json\/wp\/v2\/posts\/635886","targetHints":{"allow":["GET"]}}],"collection":[{"href":"https:\/\/www.europesays.com\/fr\/wp-json\/wp\/v2\/posts"}],"about":[{"href":"https:\/\/www.europesays.com\/fr\/wp-json\/wp\/v2\/types\/post"}],"author":[{"embeddable":true,"href":"https:\/\/www.europesays.com\/fr\/wp-json\/wp\/v2\/users\/2"}],"replies":[{"embeddable":true,"href":"https:\/\/www.europesays.com\/fr\/wp-json\/wp\/v2\/comments?post=635886"}],"version-history":[{"count":0,"href":"https:\/\/www.europesays.com\/fr\/wp-json\/wp\/v2\/posts\/635886\/revisions"}],"wp:featuredmedia":[{"embeddable":true,"href":"https:\/\/www.europesays.com\/fr\/wp-json\/wp\/v2\/media\/395849"}],"wp:attachment":[{"href":"https:\/\/www.europesays.com\/fr\/wp-json\/wp\/v2\/media?parent=635886"}],"wp:term":[{"taxonomy":"category","embeddable":true,"href":"https:\/\/www.europesays.com\/fr\/wp-json\/wp\/v2\/categories?post=635886"},{"taxonomy":"post_tag","embeddable":true,"href":"https:\/\/www.europesays.com\/fr\/wp-json\/wp\/v2\/tags?post=635886"}],"curies":[{"name":"wp","href":"https:\/\/api.w.org\/{rel}","templated":true}]}}