{"id":635891,"date":"2026-01-02T09:32:10","date_gmt":"2026-01-02T09:32:10","guid":{"rendered":"https:\/\/www.europesays.com\/fr\/635891\/"},"modified":"2026-01-02T09:32:10","modified_gmt":"2026-01-02T09:32:10","slug":"sncf-trafic-interrompu-entre-saint-etienne-et-roanne","status":"publish","type":"post","link":"https:\/\/www.europesays.com\/fr\/635891\/","title":{"rendered":"SNCF : trafic interrompu entre Saint-Etienne et Roanne"},"content":{"rendered":"<p>Les trains sont \u00e0 l&rsquo;arr\u00eat ce vendredi matin entre Saint-Etienne et Roanne. La reprise du trafic est pr\u00e9vue vers 10h.<\/p>\n<p>Patience si vous deviez prendre le train ce matin entre Saint-Etienne et Roanne. <b>Le trafic est interrompu dans les deux sens<\/b> de circulation \u00e0 cause d&rsquo;un incident sur un train de marchandises, pr\u00e8s de Saint-Jodard. <\/p>\n<p>\u00ab\u00a0Nous mettons tout en oeuvre pour r\u00e9tablir la circulation au plus vite\u00a0\u00bb, indique la SNCF.\u00a0<br \/>La reprise normale du trafic est pr\u00e9vue vers <b>10h<\/b>.<\/p>\n<p><img loading=\"lazy\" decoding=\"async\" src=\"https:\/\/www.europesays.com\/fr\/wp-content\/uploads\/2026\/01\/img.png\" width=\"350\" height=\"200\" border=\"0\" title=\"Le protoxyde d'azote est interdit dans le Rh\u00c3\u00b4ne\"\/><\/p>\n<p>\u25baPolice &#8211; Justice<\/p>\n<p style=\"font-size: 22px;\"><b>Lig\u00e9rienne tu\u00e9e dans un accident \u00e0 Lyon : le chauffard avait inhal\u00e9 du protoxyde d&rsquo;azote<\/b><\/p>\n<p>Une vitesse excessive et la consommation de protoxyde&#8230;<\/p>\n<p><\/p>\n","protected":false},"excerpt":{"rendered":"Les trains sont \u00e0 l&rsquo;arr\u00eat ce vendredi matin entre Saint-Etienne et Roanne. La reprise du trafic est pr\u00e9vue&hellip;\n","protected":false},"author":2,"featured_media":386200,"comment_status":"","ping_status":"","sticky":false,"template":"","format":"standard","meta":{"footnotes":""},"categories":[9653],"tags":[1111,11,16433,74338,2430,1777,674,1011,27,5146,12,10899,25,9838,4001,2215,6472,1097,5811],"class_list":{"0":"post-635891","1":"post","2":"type-post","3":"status-publish","4":"format-standard","5":"has-post-thumbnail","7":"category-saint-etienne","8":"tag-actu","9":"tag-actualites","10":"tag-arret","11":"tag-arrpet","12":"tag-auvergne-rhone-alpes","13":"tag-eu","14":"tag-europe","15":"tag-fr","16":"tag-france","17":"tag-interrompu","18":"tag-news","19":"tag-panne","20":"tag-republique-francaise","21":"tag-roanne","22":"tag-saint-etienne","23":"tag-sncf","24":"tag-ter","25":"tag-trafic","26":"tag-trains"},"share_on_mastodon":{"url":"https:\/\/pubeurope.com\/@fr\/115824816685132976","error":""},"_links":{"self":[{"href":"https:\/\/www.europesays.com\/fr\/wp-json\/wp\/v2\/posts\/635891","targetHints":{"allow":["GET"]}}],"collection":[{"href":"https:\/\/www.europesays.com\/fr\/wp-json\/wp\/v2\/posts"}],"about":[{"href":"https:\/\/www.europesays.com\/fr\/wp-json\/wp\/v2\/types\/post"}],"author":[{"embeddable":true,"href":"https:\/\/www.europesays.com\/fr\/wp-json\/wp\/v2\/users\/2"}],"replies":[{"embeddable":true,"href":"https:\/\/www.europesays.com\/fr\/wp-json\/wp\/v2\/comments?post=635891"}],"version-history":[{"count":0,"href":"https:\/\/www.europesays.com\/fr\/wp-json\/wp\/v2\/posts\/635891\/revisions"}],"wp:featuredmedia":[{"embeddable":true,"href":"https:\/\/www.europesays.com\/fr\/wp-json\/wp\/v2\/media\/386200"}],"wp:attachment":[{"href":"https:\/\/www.europesays.com\/fr\/wp-json\/wp\/v2\/media?parent=635891"}],"wp:term":[{"taxonomy":"category","embeddable":true,"href":"https:\/\/www.europesays.com\/fr\/wp-json\/wp\/v2\/categories?post=635891"},{"taxonomy":"post_tag","embeddable":true,"href":"https:\/\/www.europesays.com\/fr\/wp-json\/wp\/v2\/tags?post=635891"}],"curies":[{"name":"wp","href":"https:\/\/api.w.org\/{rel}","templated":true}]}}