{"id":635902,"date":"2026-01-02T09:39:13","date_gmt":"2026-01-02T09:39:13","guid":{"rendered":"https:\/\/www.europesays.com\/fr\/635902\/"},"modified":"2026-01-02T09:39:13","modified_gmt":"2026-01-02T09:39:13","slug":"sortir-a-montpellier-soulages-bibliotheque-magique-secrets-du-ballet-des-idees-pour-ce-samedi-3-janvier","status":"publish","type":"post","link":"https:\/\/www.europesays.com\/fr\/635902\/","title":{"rendered":"Sortir \u00e0 Montpellier\u00a0: Soulages, Biblioth\u00e8que magique, Secrets du Ballet\u2026 des id\u00e9es pour ce samedi 3\u00a0janvier"},"content":{"rendered":"<p>\n                                                                Soulages au mus\u00e9e Fabre, La Biblioth\u00e8que magique au\u00a0th\u00e9\u00e2tre Beaux-Arts Tabard, spectacle et courts-m\u00e9trages au Diagonal, visite guid\u00e9e \u00e0 Pignan, Azur et Asmar au cin\u00e9ma Nestor-Burma, karaok\u00e9 Goldstar au village de No\u00ebl de Palavas, ou\u00a0Secrets du Ballet \u00e0 l\u2019Op\u00e9ra Berlioz.\n                            <\/p>\n<p>D\u00e9couvrez notre s\u00e9lection de sorties pour ce samedi 3\u00a0janvier du c\u00f4t\u00e9 de <a href=\"https:\/\/www.midilibre.fr\/herault\/montpellier\/\" target=\"_blank\" rel=\"noopener\">Montpellier<\/a> et faites le plein d\u2019id\u00e9es avec notre <a href=\"https:\/\/www.midilibre.fr\/agenda\/?path=&amp;q=&amp;where=herault%3Amontpellier&amp;insee=34172&amp;from=2026-01-03&amp;to=2026-01-03&amp;agendapg=7#4192487\" target=\"_blank\" rel=\"noopener\">agenda en ligne<\/a>.<\/p>\n<p>Soulages\u00a0: La Rencontre<\/p>\n<p><strong>Exposition.<\/strong>\u00a0D\u00e8s 1941, l\u2019artiste d\u00e9couvrait le mus\u00e9e Fabre et ses collections, alors qu\u2019il pr\u00e9parait le professorat de dessin \u00e0 l\u2019\u00e9cole des beaux-arts. La port\u00e9e de cette rencontre \u2013 \u00ab\u00a0plus que tout autre, ce mus\u00e9e a compt\u00e9 pour moi\u00a0\u00bb \u00e9crira le peintre \u2013 s\u2019est mat\u00e9rialis\u00e9e en 2005 \u00e0 travers la donation de 20 \u0153uvres \u00e0 la ville, et le d\u00e9p\u00f4t de 10 toiles. L\u2019exposition r\u00e9unit environ 120 toiles et donnera \u00e0 voir les rencontres de Soulages avec l\u2019histoire de l\u2019art et l\u2019art de son temps.<\/p>\n<p>&gt;\u00a0Du mardi au dimanche jusqu\u2019\u00e0 ce dimanche 4\u00a0janvier de<strong> 10\u00a0h \u00e0 18\u00a0heures <\/strong>au <a href=\"https:\/\/www.museefabre.fr\/\" target=\"_blank\" rel=\"noopener\">mus\u00e9e Fabre<\/a>, 39 boulevard Bonnes-Nouvelles \u00e0 <a href=\"https:\/\/www.midilibre.fr\/herault\/montpellier\/\" target=\"_blank\" rel=\"noopener\">Montpellier.<\/a> Plein tarif 12\u00a0\u20ac, r\u00e9duit 9\u00a0\u20ac. Contact au\u00a004\u00a067\u00a014\u00a083\u00a000.<\/p>\n<p>La Biblioth\u00e8que magique<\/p>\n<p>        <img decoding=\"async\" class=\"std-img__img responsive-img\" src=\"https:\/\/www.europesays.com\/fr\/wp-content\/uploads\/2026\/01\/1767346752_56_image.jpg\" alt=\"Avec le magicien Olivier Floret.\"\/><\/p>\n<p>                Avec le magicien Olivier Floret.<br \/>\n                                    D.R.<\/p>\n<p><strong>Spectacle.<\/strong> La biblioth\u00e8que fantastique du magicien Oliflo regorge de tr\u00e9sors cach\u00e9s\u2026 Saurez-vous les trouver\u00a0? Les enfants ont tous de merveilleuses qualit\u00e9s en eux, comme le courage, la pers\u00e9v\u00e9rance, la d\u00e9termination. Oliflo explique aux enfants le pouvoir des mots et de l\u2019imagination.<\/p>\n<p>&gt;\u00a0Vendredi\u00a02, ce samedi\u00a03 et dimanche 4\u00a0janvier, \u00e0 <strong>10\u00a0h\u00a030<\/strong> pour les 3-6 ans, et \u00e0 <strong>14\u00a0h\u00a030 <\/strong>pour les 5-12 ans, au <a href=\"https:\/\/beauxartstabard.fr\/\" target=\"_blank\" rel=\"noopener\">th\u00e9\u00e2tre Beaux-Arts Tabard<\/a>, 17 rue Ferdinand-Fabre \u00e0 <a href=\"https:\/\/www.midilibre.fr\/herault\/montpellier\/\" target=\"_blank\" rel=\"noopener\">Montpellier<\/a>. Tarif unique 8\u00a0\u20ac. Contact au\u00a004\u00a099\u00a062\u00a083\u00a013.<\/p>\n<p>Spectacle et courts-m\u00e9trages<\/p>\n<p>        <img decoding=\"async\" class=\"std-img__img responsive-img\" src=\"https:\/\/www.europesays.com\/fr\/wp-content\/uploads\/2026\/01\/1767346753_850_image.jpg\" alt=\"Un spectacle propos\u00e9 dans le cadre du Festival du Cin\u00e9 des enfants.\"\/><\/p>\n<p>                Un spectacle propos\u00e9 dans le cadre du Festival du Cin\u00e9 des enfants.<br \/>\n                                    D.R.<\/p>\n<p><strong>Cin\u00e9 des enfants. <\/strong>Un spectacle \u00e0 la crois\u00e9e des cultures europ\u00e9ennes oubli\u00e9es, entre fantastique et com\u00e9die, entre th\u00e9\u00e2tre d\u2019ombres et marionnettes. Suivi de deux courts-m\u00e9trages. \u00ab\u00a0Juliette oublie les recommandations de sa grand-m\u00e8re lorsque le chat islandais Jolakoturinn l\u2019invite \u00e0 entrer dans la malle. Elle d\u00e9couvre alors un autre Monde, peupl\u00e9 de personnages surprenants, dr\u00f4les et parfois grin\u00e7ants\u2026\u00a0\u00bb<\/p>\n<p>&gt;\u00a0Ce\u00a0samedi 3\u00a0janvier \u00e0 <strong>11\u00a0h\u00a030<\/strong> au <a href=\"https:\/\/www.cinediagonal.com\/\" target=\"_blank\" rel=\"noopener\">cin\u00e9ma Diagonal<\/a>, 5 rue de Verdun \u00e0 <a href=\"https:\/\/www.midilibre.fr\/herault\/montpellier\/\" target=\"_blank\" rel=\"noopener\">Montpellier<\/a>. Tarif matin et moins de 14 ans 5\u00a0\u20ac. Contact au\u00a004\u00a067\u00a058\u00a058\u00a010.<\/p>\n<p>L\u2019ensemble m\u00e9di\u00e9val de Pignan<\/p>\n<p><strong>Visite guid\u00e9e.<\/strong>\u00a0Un village, trois facettes. Pignan, c\u2019est d\u2019abord un c\u0153ur m\u00e9di\u00e9val d\u2019o\u00f9 se d\u00e9tachent les tours du ch\u00e2teau des comtes de Turenne. C\u2019est ensuite une deuxi\u00e8me enceinte o\u00f9 se cachent de belles constructions classiques. Puis, au-del\u00e0 de la tour de l\u2019horloge, s\u2019\u00e9tend la belle architecture vigneronne typique des villages languedociens.<\/p>\n<p>&gt;\u00a0Ce samedi 3\u00a0janvier de <strong>15\u00a0h \u00e0 16\u00a0h\u00a030<\/strong> au d\u00e9part du Ch\u00e2teau-mairie de <a href=\"https:\/\/www.midilibre.fr\/herault\/pignan\/\" target=\"_blank\" rel=\"noopener\">Pignan<\/a>, place de l\u2019h\u00f4tel de ville.\u00a0Plein tarif 12\u00a0\u20ac, r\u00e9duit 10\u00a0\u20ac, sur <a href=\"https:\/\/www.montpellier-tourisme.fr\/agenda\/tout-l-agenda\/lensemble-medieval-de-pignan-pignan-fr-5976415\/\" target=\"_blank\" rel=\"noopener\">r\u00e9servation obligatoire<\/a> aupr\u00e8s de l\u2019<a href=\"https:\/\/www.montpellier-tourisme.fr\/\" target=\"_blank\" rel=\"noopener\">office de tourisme de Montpellier M\u00e9diterran\u00e9e M\u00e9tropole<\/a>. Contact au\u00a004\u00a067\u00a060\u00a060\u00a060. <\/p>\n<p>Azur et Asmar<\/p>\n<p><strong>\u00c9cran des enfants.<\/strong>\u00a0Animation, famille \u00e0 partir de 8 ans (1h39, 2006) de Michel Ocelot.\u00a0Il y a bien longtemps, deux enfants \u00e9taient berc\u00e9s par la m\u00eame femme. Azur, blond aux yeux bleus, fils du ch\u00e2telain, et Asmar, brun aux yeux noirs, fils de la nourrice. \u00c9lev\u00e9s comme deux fr\u00e8res, les enfants sont s\u00e9par\u00e9s brutalement.<\/p>\n<p>&gt;\u00a0Ce samedi 3\u00a0janvier \u00e0 <strong>16\u00a0h\u00a015<\/strong> au <a href=\"https:\/\/burma.montpellier.fr\/\" target=\"_blank\" rel=\"noopener\">cin\u00e9ma Nestor-Burma<\/a>, 2 rue Marcellin-Albert \u00e0 <a href=\"https:\/\/www.midilibre.fr\/herault\/montpellier\/\" target=\"_blank\" rel=\"noopener\">Montpellier<\/a>. Tarif unique 3,50\u00a0\u20ac. Contact au\u00a004\u00a067\u00a061\u00a009\u00a062.<\/p>\n<p>Karaok\u00e9<\/p>\n<p><strong>Spectacle.<\/strong> Karaok\u00e9 avec l\u2019orchestre Goldstar.<\/p>\n<p>&gt;\u00a0Ce samedi 3\u00a0janvier \u00e0 <strong>17\u00a0heures<\/strong> au village de No\u00ebl, boulevard Mar\u00e9chal-Joffre \u00e0 <a href=\"https:\/\/www.midilibre.fr\/herault\/palavas-les-flots\/\" target=\"_blank\" rel=\"noopener\">Palavas-les-Flots<\/a>. Gratuit.<\/p>\n<p>Myst\u00e8res du Ballet<\/p>\n<p><strong>Danse.\u00a0<\/strong>Secrets du Ballet, \u00e9pisode III\u00a0: chaque \u00e9pisode entrem\u00eale pi\u00e8ces du r\u00e9pertoire et explications dans\u00e9es qui, en r\u00e9v\u00e9lant leurs nuances cach\u00e9es, font d\u00e9couvrir les \u0153uvres et leurs interpr\u00e8tes sous un nouveau jour. Au programme\u00a0: excellence, humour, mais surtout une nouvelle collection d\u2019extraits de chefs-d\u2019\u0153uvre illustres (le Lac des Cygnes, la Bayad\u00e8re, Diane et Act\u00e9on\u2026), associ\u00e9s \u00e0 des joyaux chor\u00e9graphiques plus rares.<\/p>\n<p>&gt;\u00a0Ce samedi 3\u00a0janvier \u00e0 <strong>20\u00a0heures<\/strong> et dimanche 4\u00a0janvier \u00e0 17\u00a0heures \u00e0 l\u2019<a href=\"https:\/\/www.corum-montpellier.com\/fr\/agenda\/concert-spectacles-corum\/mysteres-du-ballet-3janv\" target=\"_blank\" rel=\"noopener\">Op\u00e9ra Berlioz<\/a>, au Corum de <a href=\"https:\/\/www.midilibre.fr\/herault\/montpellier\/\" target=\"_blank\" rel=\"noopener\">Montpellier<\/a>. De 16\u00a0\u20ac \u00e0 68\u00a0\u20ac.<\/p>\n","protected":false},"excerpt":{"rendered":"Soulages au mus\u00e9e Fabre, La Biblioth\u00e8que magique au\u00a0th\u00e9\u00e2tre Beaux-Arts Tabard, spectacle et courts-m\u00e9trages au Diagonal, visite guid\u00e9e \u00e0&hellip;\n","protected":false},"author":2,"featured_media":635903,"comment_status":"","ping_status":"","sticky":false,"template":"","format":"standard","meta":{"footnotes":""},"categories":[9599],"tags":[1111,11,872,1777,674,1011,27,7089,2208,12,2680,25],"class_list":{"0":"post-635902","1":"post","2":"type-post","3":"status-publish","4":"format-standard","5":"has-post-thumbnail","7":"category-montpellier","8":"tag-actu","9":"tag-actualites","10":"tag-culture-et-loisirs","11":"tag-eu","12":"tag-europe","13":"tag-fr","14":"tag-france","15":"tag-herault","16":"tag-montpellier","17":"tag-news","18":"tag-occitanie","19":"tag-republique-francaise"},"share_on_mastodon":{"url":"https:\/\/pubeurope.com\/@fr\/115824844378628944","error":""},"_links":{"self":[{"href":"https:\/\/www.europesays.com\/fr\/wp-json\/wp\/v2\/posts\/635902","targetHints":{"allow":["GET"]}}],"collection":[{"href":"https:\/\/www.europesays.com\/fr\/wp-json\/wp\/v2\/posts"}],"about":[{"href":"https:\/\/www.europesays.com\/fr\/wp-json\/wp\/v2\/types\/post"}],"author":[{"embeddable":true,"href":"https:\/\/www.europesays.com\/fr\/wp-json\/wp\/v2\/users\/2"}],"replies":[{"embeddable":true,"href":"https:\/\/www.europesays.com\/fr\/wp-json\/wp\/v2\/comments?post=635902"}],"version-history":[{"count":0,"href":"https:\/\/www.europesays.com\/fr\/wp-json\/wp\/v2\/posts\/635902\/revisions"}],"wp:featuredmedia":[{"embeddable":true,"href":"https:\/\/www.europesays.com\/fr\/wp-json\/wp\/v2\/media\/635903"}],"wp:attachment":[{"href":"https:\/\/www.europesays.com\/fr\/wp-json\/wp\/v2\/media?parent=635902"}],"wp:term":[{"taxonomy":"category","embeddable":true,"href":"https:\/\/www.europesays.com\/fr\/wp-json\/wp\/v2\/categories?post=635902"},{"taxonomy":"post_tag","embeddable":true,"href":"https:\/\/www.europesays.com\/fr\/wp-json\/wp\/v2\/tags?post=635902"}],"curies":[{"name":"wp","href":"https:\/\/api.w.org\/{rel}","templated":true}]}}