{"id":635908,"date":"2026-01-02T09:45:23","date_gmt":"2026-01-02T09:45:23","guid":{"rendered":"https:\/\/www.europesays.com\/fr\/635908\/"},"modified":"2026-01-02T09:45:23","modified_gmt":"2026-01-02T09:45:23","slug":"lepidemie-de-grippe-entraine-de-nombreux-appels-au-samu","status":"publish","type":"post","link":"https:\/\/www.europesays.com\/fr\/635908\/","title":{"rendered":"L&rsquo;\u00e9pid\u00e9mie de grippe entra\u00eene de nombreux appels au SAMU"},"content":{"rendered":"<p class=\"block date\" id=\"dateEtAuteur\">Publi\u00e9 : 8h21 &#8211; Modifi\u00e9 : 8h39 Dolor\u00e8s  CHARLES <\/p>\n<p><img decoding=\"async\" class=\"\" style=\"width:100%\" src=\"https:\/\/www.europesays.com\/fr\/wp-content\/uploads\/2026\/01\/SAMU_29_CHRU_BREST_CENTRE_REGULATION_11767337157764.jpg\" alt=\"SAMU\"\/>L\u2019\u00e9pid\u00e9mie de grippe est bien pr\u00e9sente, et son pic pourrait \u00eatre atteint ces prochains jours. Cons\u00e9quence, les passages \u00e0 l\u2019h\u00f4pital sont plus nombreux, tout comme les appels au SAMU. Etat des lieux avec Louis Soulat, responsable du SAMU 35. <\/p>\n<p>L&rsquo;\u00e9pid\u00e9mie de grippe poursuit sa progression en France, touchant tous les \u00e2ges, avec un niveau d&rsquo;intensit\u00e9 qui augmente \u00e0 l&rsquo;h\u00f4pital, alors qu&rsquo;il demeure \u00ab\u00a0mod\u00e9r\u00e9\u00a0\u00bb en ville, a annonc\u00e9 mercredi dernier Sant\u00e9 publique France. R\u00e9sultat, les appels au SAMU sont tr\u00e8s nombreux.<\/p>\n<p>Or dans les C\u00f4tes-d\u2019Armor, les assistants de r\u00e9gulations sont en gr\u00e8ve depuis mardi dernier. L\u2019activit\u00e9 est importante aussi en Ille-et-Vilaine et pour Louis Soulat, responsable du SAMU 35 : \u00ab\u00a0au niveau des appels SAMU, il y a \u00e9norm\u00e9ment d&rsquo;appels en lien avec les sympt\u00f4mes grippaux. Le deuxi\u00e8me impact, c&rsquo;est sur le nombre de patients hospitalis\u00e9s pour des probl\u00e8mes respiratoires li\u00e9s \u00e0 la grippe. C&rsquo;est en tr\u00e8s forte augmentation avec une saturation des services dans toute l&rsquo;agglom\u00e9ration rennaise. <strong>On a \u00e9norm\u00e9ment de patients qui ont besoin d&rsquo;\u00eatre hospitalis\u00e9s et qui ont besoin d&rsquo;oxyg\u00e8ne.<\/strong> <\/p>\n<p>\u00a0<\/p>\n<blockquote><p>\n\u00ab\u00a0En Ille-et-Vilaine, on enregistre une hausse de 30% des appels !\u00a0\u00bb\n<\/p><\/blockquote>\n<p>\u00a0<\/p>\n<p>On a \u00e0 peu pr\u00e8s 30% d&rsquo;augmentation des appels par rapport \u00e0 la semaine \u00e9quivalente de l&rsquo;ann\u00e9e derni\u00e8re entre les f\u00eates. Donc, c&rsquo;est tr\u00e8s cons\u00e9quent parce que l&rsquo;\u00e9pid\u00e9mie est pr\u00e9coce. O<strong>n n&rsquo;est pas loin du pic, certainement et il va y avoir la phase de plateau. Ce n&rsquo;est pas habituel et \u00e7a pose \u00e9norm\u00e9ment de probl\u00e8mes pour mobiliser les ressources soignantes et m\u00e9dicales sur cette p\u00e9riode<\/strong>\u00ab\u00a0.<\/p>\n<p>Louis Soulat, responsable du SAMU 35 Louis Soulat, responsable du SAMU 35 <\/p>\n<p>Cr\u00e9dit : No\u00eblline Garon<\/p>\n<p>Les cas sont de plus en plus nombreux dans l\u2019Ouest, et cela ne va pas s&rsquo;arranger avec la gr\u00e8ve des m\u00e9decins la semaine prochaine : \u00ab\u00a0d&rsquo;une part, l&rsquo;offre de soins va \u00eatre moins importante, alors qu&rsquo;on sera en pleine \u00e9pid\u00e9mie, c&rsquo;est un peu le paradoxe, et d&rsquo;autre part, les m\u00e9decins g\u00e9n\u00e9ralistes qui participent \u00e0 la r\u00e9gulation au sein des SAMU, il y a un risque important qu&rsquo;ils ne soient pas \u00e0 leur poste, et qu&rsquo;on ne puisse pas les mobiliser dans le cadre d&rsquo;une r\u00e9quisition d&rsquo;un journ\u00e9e.<\/p>\n<p>\u00a0<\/p>\n<blockquote><p>\nCela \u00ab\u00a0va se compliquer\u00a0\u00bb avec la gr\u00e8ve des m\u00e9decins lundi prochain\n<\/p><\/blockquote>\n<p data-v-03d3e104=\"\">\u00a0<\/p>\n<p data-v-03d3e104=\"\">La journ\u00e9e ou la nuit, il n&rsquo;y a pas de probl\u00e8me parce que la permanence des soins est reconnue comme une mission de service public. Mais l&rsquo;organisation en journ\u00e9e n&rsquo;est pas reconnue comme une mission de service public. On a sollicit\u00e9 l&rsquo;ARS pour que cette gr\u00e8ve ait le moins d&rsquo;impact possible sur nos activit\u00e9s.\u00a0\u00bb<\/p>\n<p><strong>La gr\u00e8ve des m\u00e9decins lib\u00e9raux doit d\u00e9marrer lundi (5 janvier), et pourrait durer jusqu\u2019au 15 janvier.<\/strong><\/p>\n<p> Louis Soulat, responsable du SAMU 35  Louis Soulat, responsable du SAMU 35 <img decoding=\"async\" class=\"\" style=\"width:100%\" src=\"https:\/\/www.europesays.com\/fr\/wp-content\/uploads\/2026\/01\/VACCIN_GRIPPE_PHARMACIE_VANNES_JANV_20251767338952621.jpg\" alt=\"Vaccin contre la grippe\"\/> <\/p>\n<p class=\"q-ma-none transcript-text\" data-v-03d3e104=\"\">En attendant pour le SAMU 35, la priorit\u00e9 \u00ab\u00a0est de d\u00e9crocher tous les appels au 15, parce qu&rsquo;en parall\u00e8le, on demande aux gens d&rsquo;appeler le 15 avant de se d\u00e9placer aux Urgences, donc \u00e7a fait un surcro\u00eet d&rsquo;appels, en plus de ceux li\u00e9s \u00e0 l&rsquo;\u00e9pid\u00e9mie de grippe. On demande aux patients d&rsquo;appeler le 15 et on fait un d\u00e9croch\u00e9 rapide pour essayer d&rsquo;identifier les cas les plus graves. Et c&rsquo;est pour \u00e7a qu&rsquo;on a deux lignes de r\u00e9gulation, <strong>une r\u00e9gulation par les urgentistes, une r\u00e9gulation par les m\u00e9decins g\u00e9n\u00e9ralistes.<\/strong><\/p>\n<p class=\"q-ma-none transcript-text\" data-v-03d3e104=\"\">\u00a0<\/p>\n<blockquote><p>\nLes demandes de soins prioris\u00e9es en appelant le 15\n<\/p><\/blockquote>\n<p class=\"q-ma-none transcript-text\" data-v-03d3e104=\"\">\u00a0<\/p>\n<p class=\"q-ma-none transcript-text\" data-v-03d3e104=\"\">Pour ce qui est des appels moins urgents qui peuvent \u00eatre trait\u00e9s en diff\u00e9r\u00e9 par un conseil ou par un acc\u00e8s \u00e0 la consultation, ce sont ces appels-l\u00e0 pour lesquels il y a un retard pour la solution propos\u00e9e, notamment pour trouver une solution de consultation en ambulatoire, et les patients peuvent \u00eatre appel\u00e9s apr\u00e8s une heure, deux heures, apr\u00e8s le premier appel, en sachant que le premier appel a \u00e9t\u00e9 fait pour qualifier la demande et prioriser les prises en charge.\u00a0\u00bb<\/p>\n<p> Louis Soulat, responsable du SAMU 35  Louis Soulat, responsable du SAMU 35 <img decoding=\"async\" class=\"\" style=\"width:100%\" src=\"https:\/\/www.europesays.com\/fr\/wp-content\/uploads\/2026\/01\/LOUIS_SOULAT_SAMU_351767339546249.jpg\" alt=\"Louis SOULAT\"\/><\/p>\n<p>Louis SOULAT<\/p>\n<p>Cr\u00e9dit : Yann Launay<\/p>\n<p>Lors de la semaine achev\u00e9e le 28 d\u00e9cembre, la grippe a progress\u00e9 \u00ab\u00a0dans l&rsquo;ensemble des r\u00e9gions, toutes en \u00e9pid\u00e9mie\u00a0\u00bb, sauf La R\u00e9union. Cette aggravation de l&rsquo;\u00e9pid\u00e9mie a entra\u00een\u00e9 une activit\u00e9 \u00ab\u00a0d&rsquo;intensit\u00e9 \u00e9lev\u00e9e\u00a0\u00bb \u00e0 l&rsquo;h\u00f4pital avec 18.552 passages aux urgences, notamment pour prendre en charge des enfants de moins de 15 ans et des personnes de plus de 65 ans. La grippe a \u00e9t\u00e9 \u00e0 l&rsquo;origine de 3.606 hospitalisations (soit 4,8% de l&rsquo;ensemble, contre 3,4% la semaine pr\u00e9c\u00e9dente).<\/p>\n<p>\u00a0<\/p>\n<blockquote><p>\nUne reprise de l&rsquo;\u00e9pid\u00e9mie apr\u00e8s les cong\u00e9s est possible\n<\/p><\/blockquote>\n<p>\u00a0<\/p>\n<p>En ville, l&rsquo;\u00e9pid\u00e9mie grippale est globalement \u00ab\u00a0mod\u00e9r\u00e9e\u00a0\u00bb, avec des \u00e9volutions divergentes selon l&rsquo;\u00e2ge. Elle reflue chez les moins de 15 ans, \u00ab\u00a0probablement en lien avec la p\u00e9riode de cong\u00e9s scolaires\u00a0\u00bb, qui r\u00e9duit les brassages, mais reste \u00e0 un niveau d&rsquo;intensit\u00e9 \u00e9lev\u00e9e chez les 65 ans et plus.<\/p>\n<p><strong>L&rsquo;Institut estime que l&rsquo;\u00e9pid\u00e9mie pourrait avoir atteint son pic au cours de la derni\u00e8re semaine de 2025 mais \u00ab\u00a0la possibilit\u00e9 d&rsquo;une reprise de l&rsquo;\u00e9pid\u00e9mie apr\u00e8s les vacances de No\u00ebl, ou plus tard dans la saison hivernale, ne peut \u00eatre exclue \u00e0 ce stade\u00a0\u00bb, <\/strong>pr\u00e9vient l&rsquo;Institut Pasteur.<\/p>\n","protected":false},"excerpt":{"rendered":"Publi\u00e9 : 8h21 &#8211; Modifi\u00e9 : 8h39 Dolor\u00e8s CHARLES L\u2019\u00e9pid\u00e9mie de grippe est bien pr\u00e9sente, et son pic&hellip;\n","protected":false},"author":2,"featured_media":635909,"comment_status":"","ping_status":"","sticky":false,"template":"","format":"standard","meta":{"footnotes":""},"categories":[2821],"tags":[42537,1111,11,829,434,1777,674,1011,27,29786,848,12,584,25,14322],"class_list":{"0":"post-635908","1":"post","2":"type-post","3":"status-publish","4":"format-standard","5":"has-post-thumbnail","7":"category-rennes","8":"tag-42537","9":"tag-actu","10":"tag-actualites","11":"tag-bretagne","12":"tag-epidemie","13":"tag-eu","14":"tag-europe","15":"tag-fr","16":"tag-france","17":"tag-grippe","18":"tag-ille-et-vilaine","19":"tag-news","20":"tag-rennes","21":"tag-republique-francaise","22":"tag-samu"},"share_on_mastodon":{"url":"https:\/\/pubeurope.com\/@fr\/115824868291249892","error":""},"_links":{"self":[{"href":"https:\/\/www.europesays.com\/fr\/wp-json\/wp\/v2\/posts\/635908","targetHints":{"allow":["GET"]}}],"collection":[{"href":"https:\/\/www.europesays.com\/fr\/wp-json\/wp\/v2\/posts"}],"about":[{"href":"https:\/\/www.europesays.com\/fr\/wp-json\/wp\/v2\/types\/post"}],"author":[{"embeddable":true,"href":"https:\/\/www.europesays.com\/fr\/wp-json\/wp\/v2\/users\/2"}],"replies":[{"embeddable":true,"href":"https:\/\/www.europesays.com\/fr\/wp-json\/wp\/v2\/comments?post=635908"}],"version-history":[{"count":0,"href":"https:\/\/www.europesays.com\/fr\/wp-json\/wp\/v2\/posts\/635908\/revisions"}],"wp:featuredmedia":[{"embeddable":true,"href":"https:\/\/www.europesays.com\/fr\/wp-json\/wp\/v2\/media\/635909"}],"wp:attachment":[{"href":"https:\/\/www.europesays.com\/fr\/wp-json\/wp\/v2\/media?parent=635908"}],"wp:term":[{"taxonomy":"category","embeddable":true,"href":"https:\/\/www.europesays.com\/fr\/wp-json\/wp\/v2\/categories?post=635908"},{"taxonomy":"post_tag","embeddable":true,"href":"https:\/\/www.europesays.com\/fr\/wp-json\/wp\/v2\/tags?post=635908"}],"curies":[{"name":"wp","href":"https:\/\/api.w.org\/{rel}","templated":true}]}}