{"id":635917,"date":"2026-01-02T09:52:38","date_gmt":"2026-01-02T09:52:38","guid":{"rendered":"https:\/\/www.europesays.com\/fr\/635917\/"},"modified":"2026-01-02T09:52:38","modified_gmt":"2026-01-02T09:52:38","slug":"un-hommage-a-franck-un-sans-abri-mort-dans-lanonymat-le-troisieme-deces-de-personnes-a-maville","status":"publish","type":"post","link":"https:\/\/www.europesays.com\/fr\/635917\/","title":{"rendered":"Un hommage \u00e0 Franck, un sans-abri mort dans l\u2019anonymat : le troisi\u00e8me d\u00e9c\u00e8s de personnes \u00e0 &#8211; Maville"},"content":{"rendered":"<ol>\n<li><a href=\"https:\/\/news.google.com\/rss\/articles\/CBMilwJBVV95cUxPVzU3VDlrMWowcHZPcUU1cGU4Qll3WXM1aWpabWVEMWFYdVZESFYwMkpra3lMSjRuNHBMeTNoNGtUeGtEWUMzTkxuVDFQOTE3RXV6SEZpaWJ0WVpMNkI0TF94QmdfUUFaWFVZZm9MR3BkRkEtc1I3dVozSUg0c0RuTG92dUZlRlk3czV1UzRGelc1eUpXdGFjSDRuZnlQWENYNjRaejhVbDA0UFBvQ2c3SE5MV0ttMk9UeWhQMkxJM24tMkdDWTM4dVRjaXQ5S0ZudDZNSWRDME1DV3F1SmlLVTFqd1RZOXpCamhmZVhVbzc0ckxlVTRGdU44SWtzbGZsckhhMlN0N0JMZ0p3X0E3aWlHMXdKdUU?oc=5\" target=\"_blank\" rel=\"noopener\">Un hommage \u00e0 Franck, un sans-abri mort dans l\u2019anonymat : le troisi\u00e8me d\u00e9c\u00e8s de personnes \u00e0<\/a>&nbsp;&nbsp;Maville<\/li>\n<li><a href=\"https:\/\/news.google.com\/rss\/articles\/CBMi6wFBVV95cUxQMEt4SVZ2YXY2MmJIN011eXdocTBSNXc3dllfLW9ybERZQUZfNXYxcUs4cnpTeVdULVlmRkxHekg3TjhXaW5wSEEzRnF0ZDB2S09PTUpPek15OWptSl9nZFlBN3A4VWJPWklkMkw3akk0SEhJVERKUXljT0NVcWdFSEdXaUdMUWFyWjNBNzhpRWlWWGNYeEhuVndsMnpRc05fdUNUUkxoM2hkWUFLRmVGQmpTbG12SzhRNlpkNDF1cnJVbVozLWFnNUdsbUlTTF9BNk1sSTlwei1XVEIyaFhJOWdaeXBmTkNTZnV3?oc=5\" target=\"_blank\" rel=\"noopener\">Hommage \u00e0 un jeune homme sans-abri de 35 ans mort de froid la nuit de No\u00ebl \u00e0 Reims<\/a>&nbsp;&nbsp;France 3 R\u00e9gions<\/li>\n<li><a href=\"https:\/\/news.google.com\/rss\/articles\/CBMisAFBVV95cUxQMFFjc1gzT0NlOEtKU1VnTUJMUFY2RHdDdVQweHl3U0RYSjRELUoyUG1BU2U1eWpJN1Z2SnRVb0hrMUVoLURMeElnRHRNcHNleWNLdUNwLU1Tc3ZadlJaUFNTc2V5SVhVTktpQ2xNbS1LZTl5bERkbGNDOEh1ZFJJSGtldEdZME5YUXRXNVYzdjJZMVhuSF9vdnFRVzBsUzZmb09MLWVKUGpfeEtiTERiMw?oc=5\" target=\"_blank\" rel=\"noopener\">Marne : un homme de 34 ans meurt dans la rue \u00e0 Reims la nuit de No\u00ebl<\/a>&nbsp;&nbsp;francebleu.fr<\/li>\n<li><a href=\"https:\/\/news.google.com\/rss\/articles\/CBMilgJBVV95cUxNRlVNNlRQNjVzWVliMHBfajlEZVVlSGM4WU5JbUFzcl9vUnlrOVJrWXlrS2FfTFppUmxHbXVuYklYUkIzV0VkWXdZcnc2VHdEMnZFcldYdDVVUVpBbWljRUVwc2E5T1pTdjdBVFJTMjJLVzhPdndwSVpBanZXVzFXZ21kTHFnSk9FOVVOMHdBVFQ0SmtmNElrbzU5eDhjT0pqYmNIWlM2bFdXdFZ2Y0xXRDVQWlpvN0JiSURYTXRrZlRPVTdmWjhFeXQ0ZnJpS2hSYWxwVjFVb0gzYVY4SENhSjVCNkVmaUdYM1JlQWNaYm90U081NklROXJwVHoxVDZ3aXBvOGMxMUU1eFRFYU91QjlLUmtQQQ?oc=5\" target=\"_blank\" rel=\"noopener\">Un hommage \u00e0 Franck, un sans-abri mort dans l\u2019anonymat : le troisi\u00e8me d\u00e9c\u00e8s de personnes \u00e0 la rue en d\u00e9cembre \u00e0 Nantes<\/a>&nbsp;&nbsp;Ouest-France<\/li>\n<li><a href=\"https:\/\/news.google.com\/rss\/articles\/CBMi9gFBVV95cUxONlVsN1NldS04WlJsbGVLVmYzRXM0TFc1Q1g1Z2NCWTE1QWVZUjdFTTRiSG5XanhZQ2VDbGwxNjVFbUp4b0JxMG5hbU5TTktkM2tiX21GVVYyYU5FNFRCdDZXZ25QUDF6SnlES2RPY0dmMURGZUJkUE9ib056aDR2aS11TXBfNFN2OTFXQi1ZQUUtZzI3UFl2QjhIVVpmejV1V0dGaTJzd1lfM1BJZjZycGJnMlJpSlp3R1k2TmFSV0pMajFXSFRsS1Q2U21DVFd0c0twYk1YVHNPSGk1RnJxQXhFSU9wS1ZVUWRXZFhpZFNzZk5nZ3c?oc=5\" target=\"_blank\" rel=\"noopener\">\u00ab Il y a autant de morts l\u2019\u00e9t\u00e9 que l\u2019hiver \u00bb : au-del\u00e0 des vagues de froid, la rue tue des personnes sans-abri toute l&rsquo;ann\u00e9e<\/a>&nbsp;&nbsp;L&rsquo;Humanit\u00e9<\/li>\n<\/ol>\n","protected":false},"excerpt":{"rendered":"Un hommage \u00e0 Franck, un sans-abri mort dans l\u2019anonymat : le troisi\u00e8me d\u00e9c\u00e8s de personnes \u00e0&nbsp;&nbsp;Maville Hommage \u00e0&hellip;\n","protected":false},"author":2,"featured_media":635918,"comment_status":"","ping_status":"","sticky":false,"template":"","format":"standard","meta":{"footnotes":""},"categories":[2818],"tags":[1111,11,74339,49832,3983,1777,674,1011,27,12182,4879,18,766,12,2636,3744,25,6689,3640,15317,9693],"class_list":{"0":"post-635917","1":"post","2":"type-post","3":"status-publish","4":"format-standard","5":"has-post-thumbnail","7":"category-nantes","8":"tag-actu","9":"tag-actualites","10":"tag-anonymat","11":"tag-decembre","12":"tag-deces","13":"tag-eu","14":"tag-europe","15":"tag-fr","16":"tag-france","17":"tag-franck","18":"tag-hommage","19":"tag-mort","20":"tag-nantes","21":"tag-news","22":"tag-pays-de-la-loire","23":"tag-personnes","24":"tag-republique-francaise","25":"tag-roche","26":"tag-rue","27":"tag-sans-abri","28":"tag-yon"},"share_on_mastodon":{"url":"https:\/\/pubeurope.com\/@fr\/115824895186321352","error":""},"_links":{"self":[{"href":"https:\/\/www.europesays.com\/fr\/wp-json\/wp\/v2\/posts\/635917","targetHints":{"allow":["GET"]}}],"collection":[{"href":"https:\/\/www.europesays.com\/fr\/wp-json\/wp\/v2\/posts"}],"about":[{"href":"https:\/\/www.europesays.com\/fr\/wp-json\/wp\/v2\/types\/post"}],"author":[{"embeddable":true,"href":"https:\/\/www.europesays.com\/fr\/wp-json\/wp\/v2\/users\/2"}],"replies":[{"embeddable":true,"href":"https:\/\/www.europesays.com\/fr\/wp-json\/wp\/v2\/comments?post=635917"}],"version-history":[{"count":0,"href":"https:\/\/www.europesays.com\/fr\/wp-json\/wp\/v2\/posts\/635917\/revisions"}],"wp:featuredmedia":[{"embeddable":true,"href":"https:\/\/www.europesays.com\/fr\/wp-json\/wp\/v2\/media\/635918"}],"wp:attachment":[{"href":"https:\/\/www.europesays.com\/fr\/wp-json\/wp\/v2\/media?parent=635917"}],"wp:term":[{"taxonomy":"category","embeddable":true,"href":"https:\/\/www.europesays.com\/fr\/wp-json\/wp\/v2\/categories?post=635917"},{"taxonomy":"post_tag","embeddable":true,"href":"https:\/\/www.europesays.com\/fr\/wp-json\/wp\/v2\/tags?post=635917"}],"curies":[{"name":"wp","href":"https:\/\/api.w.org\/{rel}","templated":true}]}}