{"id":635921,"date":"2026-01-02T09:54:10","date_gmt":"2026-01-02T09:54:10","guid":{"rendered":"https:\/\/www.europesays.com\/fr\/635921\/"},"modified":"2026-01-02T09:54:10","modified_gmt":"2026-01-02T09:54:10","slug":"cest-la-france-de-demain-quon-ne-nourrit-plus-alerte-la-deleguee-bordelaise-de-lassociation-1cabaspour1etudiant","status":"publish","type":"post","link":"https:\/\/www.europesays.com\/fr\/635921\/","title":{"rendered":"\u00ab\u00a0C\u2019est la France de demain qu\u2019on ne nourrit plus\u00a0\u00bb, alerte la d\u00e9l\u00e9gu\u00e9e bordelaise de l\u2019association 1CabasPour1\u00c9tudiant"},"content":{"rendered":"<p class=\"interview-question\">Quel est pour vous le fait marquant de l\u2019ann\u00e9e 2025\u00a0?<\/p>\n<p class=\"interview-answer\">Pour notre association, c\u2019est d\u2019abord un anniversaire&amp;nbsp&#8230;<\/p>\n<p class=\"interview-question\">Quel est pour vous le fait marquant de l\u2019ann\u00e9e 2025\u00a0?<\/p>\n<p class=\"interview-answer\">Pour notre association, c\u2019est d\u2019abord un anniversaire\u00a0: les quatre ans de la structure nationale bas\u00e9e \u00e0 Lyon. Depuis sa cr\u00e9ation, nous avons accompagn\u00e9 plus de 7\u00a0000\u00a0\u00e9tudiants en cumul. Localement, le fait majeur est la cr\u00e9ation de notre d\u00e9l\u00e9gation bordelaise. J\u2019ai \u00e9t\u00e9 rejointe par deux b\u00e9n\u00e9voles tr\u00e8s impliqu\u00e9s dans le tissu associatif et universitaire\u00a0: Hans Kremers et Alain Escadafal.<\/p>\n<p class=\"interview-answer\">Sur un plan plus g\u00e9n\u00e9ral, mon \u00ab\u00a0\u00e9lectrochoc\u00a0\u00bb reste la rentr\u00e9e de septembre 2025. <a href=\"https:\/\/www.sudouest.fr\/etudiant\/vie-etudiante\/precarite-etudiante-quand-le-cout-du-logement-plombe-la-rentree-25770851.php\" target=\"_blank\" rel=\"follow noopener\">Les chiffres publi\u00e9s par les associations \u00e9tudiantes sont alarmants<\/a>\u00a0: un quart des \u00e9tudiants vit sous le seuil de pauvret\u00e9. C\u2019est une pr\u00e9carit\u00e9 qui s\u2019installe et s\u2019accentue.<\/p>\n<p class=\"interview-question\">Quelle est votre personnalit\u00e9 de l\u2019ann\u00e9e 2025\u00a0?<\/p>\n<p class=\"interview-answer\">Il est difficile de ne pas citer Gis\u00e8le Pelicot, devenue un symbole international avec ce mantra\u00a0: \u00ab\u00a0La honte doit changer de camp.\u00a0\u00bb Dans un registre li\u00e9 \u00e0 la jeunesse, je retiens aussi <a href=\"https:\/\/www.sudouest.fr\/societe\/parlez-n-ayez-jamais-peur-le-message-de-miel-abitbol-aux-lyceens-de-nouvelle-aquitaine-confrontes-au-harcelement-scolaire-26596784.php\" target=\"_blank\" rel=\"follow noopener\">Miel Abitbol<\/a>, cette jeune femme de 17\u00a0ans qui a cr\u00e9\u00e9 l\u2019application Lyynk pour la sant\u00e9 mentale des jeunes. Elle fait preuve d\u2019une r\u00e9silience et d\u2019un courage admirables face au harc\u00e8lement.<\/p>\n<p class=\"interview-question\">Quel est votre coup de c\u0153ur\u00a0?<\/p>\n<p class=\"interview-answer\">C\u2019est assez atypique, mais c\u2019est l\u2019\u00e9lection de la derni\u00e8re Miss France. Elle a utilis\u00e9 sa notori\u00e9t\u00e9 pour parler de sant\u00e9 mentale, brisant un tabou. C\u2019est un sujet crucial car la pr\u00e9carit\u00e9 alimentaire et l\u2019isolement social vont de pair. Voir une figure aussi expos\u00e9e porter ce message m\u2019a touch\u00e9e.<\/p>\n<p class=\"interview-question\">Quel est votre coup de gueule\u00a0?<\/p>\n<p class=\"interview-answer\">Mon coup de gueule vise le grand bazar politico-budg\u00e9taire et l\u2019instabilit\u00e9 gouvernementale. Cela paralyse les politiques sociales. La r\u00e9forme des bourses \u00e9tudiantes a \u00e9t\u00e9 stopp\u00e9e nette. Quand l\u2019\u00c9tat ne vote pas de budget, les collectivit\u00e9s locales perdent en visibilit\u00e9 et g\u00e8lent leurs aides. Certaines associations bordelaises de distribution de repas ont m\u00eame d\u00fb fermer boutique faute de moyens. \u00c0 Bordeaux, je pense \u00e0 l\u2019association Un Espoir solidaire, qui distribuait notamment des repas aux \u00e9tudiants. C\u2019est la France de demain qu\u2019on ne nourrit plus.<\/p>\n<p class=\"interview-question\">Qu\u2019attendez-vous de l\u2019ann\u00e9e 2026\u00a0?<\/p>\n<p class=\"interview-answer\">Une v\u00e9ritable prise de conscience de nos \u00e9lus face \u00e0 la d\u00e9tresse de la jeunesse \u00e9tudiante qui souffre de la pr\u00e9carit\u00e9. Je lance un appel aux candidats des municipales de 2026 dans la m\u00e9tropole, notamment dans les villes \u00e9tudiantes\u00a0: Bordeaux, Pessac, Talence, Gradignan ou M\u00e9rignac. Il faut du personnel, des budgets et surtout des locaux d\u00e9di\u00e9s. Beaucoup de petites associations gal\u00e8rent pour entreposer des dons faute de m\u00e8tres carr\u00e9s.<\/p>\n","protected":false},"excerpt":{"rendered":"Quel est pour vous le fait marquant de l\u2019ann\u00e9e 2025\u00a0? Pour notre association, c\u2019est d\u2019abord un anniversaire&amp;nbsp&#8230; Quel&hellip;\n","protected":false},"author":2,"featured_media":635922,"comment_status":"","ping_status":"","sticky":false,"template":"","format":"standard","meta":{"footnotes":""},"categories":[2817],"tags":[1111,11,1997,1777,674,1011,27,12,2219,25],"class_list":{"0":"post-635921","1":"post","2":"type-post","3":"status-publish","4":"format-standard","5":"has-post-thumbnail","7":"category-bordeaux","8":"tag-actu","9":"tag-actualites","10":"tag-bordeaux","11":"tag-eu","12":"tag-europe","13":"tag-fr","14":"tag-france","15":"tag-news","16":"tag-nouvelle-aquitaine","17":"tag-republique-francaise"},"share_on_mastodon":{"url":"https:\/\/pubeurope.com\/@fr\/115824903203670304","error":""},"_links":{"self":[{"href":"https:\/\/www.europesays.com\/fr\/wp-json\/wp\/v2\/posts\/635921","targetHints":{"allow":["GET"]}}],"collection":[{"href":"https:\/\/www.europesays.com\/fr\/wp-json\/wp\/v2\/posts"}],"about":[{"href":"https:\/\/www.europesays.com\/fr\/wp-json\/wp\/v2\/types\/post"}],"author":[{"embeddable":true,"href":"https:\/\/www.europesays.com\/fr\/wp-json\/wp\/v2\/users\/2"}],"replies":[{"embeddable":true,"href":"https:\/\/www.europesays.com\/fr\/wp-json\/wp\/v2\/comments?post=635921"}],"version-history":[{"count":0,"href":"https:\/\/www.europesays.com\/fr\/wp-json\/wp\/v2\/posts\/635921\/revisions"}],"wp:featuredmedia":[{"embeddable":true,"href":"https:\/\/www.europesays.com\/fr\/wp-json\/wp\/v2\/media\/635922"}],"wp:attachment":[{"href":"https:\/\/www.europesays.com\/fr\/wp-json\/wp\/v2\/media?parent=635921"}],"wp:term":[{"taxonomy":"category","embeddable":true,"href":"https:\/\/www.europesays.com\/fr\/wp-json\/wp\/v2\/categories?post=635921"},{"taxonomy":"post_tag","embeddable":true,"href":"https:\/\/www.europesays.com\/fr\/wp-json\/wp\/v2\/tags?post=635921"}],"curies":[{"name":"wp","href":"https:\/\/api.w.org\/{rel}","templated":true}]}}