{"id":635923,"date":"2026-01-02T09:55:11","date_gmt":"2026-01-02T09:55:11","guid":{"rendered":"https:\/\/www.europesays.com\/fr\/635923\/"},"modified":"2026-01-02T09:55:11","modified_gmt":"2026-01-02T09:55:11","slug":"bordeaux-est-toujours-un-modele-il-faut-cependant-se-renouveler-pour-rester-pertinent","status":"publish","type":"post","link":"https:\/\/www.europesays.com\/fr\/635923\/","title":{"rendered":"\u00abBordeaux est toujours un mod\u00e8le, il faut cependant se renouveler pour rester pertinent\u00bb"},"content":{"rendered":"<p>\n    Convoit\u00e9 depuis ses succ\u00e8s en Italie avec de prestigieux \u00absuper toscans\u00bb, cet \u0153nologue et viticulteur, aussi passionn\u00e9 que visionnaire, s\u2019attache \u00e0 remettre dans la lumi\u00e8re Ch\u00e2teau Lascombes, deuxi\u00e8me grand cru class\u00e9 du M\u00e9doc, qui reprend son envol.<\/p>\n<p class=\"fig-paragraph\">\u00abUn grand vin \u2013 comme une belle m\u00e9lodie \u2013 doit \u00e0 la fois respecter les r\u00e8gles et savoir les transcender.\u00bb Joueur de guitare classique \u00e0 ses heures perdues \u2013 instrument dont il faillit faire profession \u2013,\u00a0<a href=\"https:\/\/avis-vin.lefigaro.fr\/economie-du-vin\/o153210-vin-de-bordeaux-axel-heinz-devient-le-directeur-general-de-chateau-lascombes\" target=\"_blank\" data-fig-type=\"Article\" rel=\"noopener\" data-gtm-custom-categorie=\"navigation\" data-gtm-custom-action=\"crossclick\" data-gtm-custom-label=\"Contextuel\" data-gtm-event=\"customEventSPE\" data-fig-domain=\"AVIS_VIN\">Axel Heinz<\/a>\u00a0r\u00e9sume une philosophie go\u00fbteuse, qu\u2019il doit autant \u00e0 sa sensibilit\u00e9 qu\u2019\u00e0 son savoir-faire. N\u00e9 d\u2019un p\u00e8re allemand et d\u2019une m\u00e8re bordelaise, ce barbu \u00e0 la chevelure g\u00e9n\u00e9reuse a grandi entre Munich et Bordeaux. L\u2019\u00e9t\u00e9 sur le bassin d\u2019Arcachon, lors des repas familiaux, des bouteilles myst\u00e9rieuses surgissant des placards, \u00abaussi pr\u00e9cieuses que des tr\u00e9sors\u00bb, \u00e9veillent peu \u00e0 peu la curiosit\u00e9 de l\u2019adolescent pour le vin.<\/p>\n<p class=\"fig-paragraph\">\u00abJe me suis rendu compte qu\u2019on ne pouvait pas revendiquer des origines bordelaises sans conna\u00eetre le vin et, peu \u00e0 peu, je me suis dit qu\u2019il me fallait percer le secret de ces bijoux\u00bb, confie-t-il. Dipl\u00f4me d\u2019ing\u00e9nieur agronome et d\u2019\u0153nologue en poche, Axel commence par travailler dans le\u00a0<a href=\"https:\/\/avis-vin.lefigaro.fr\/connaitre-deguster\/tout-savoir-sur-le-vin\/guide-des-regions-et-des-appellations\/bordeaux\/medoc\/appellation-medoc\" target=\"_blank\" rel=\"noopener\" data-gtm-custom-categorie=\"navigation\" data-gtm-custom-action=\"crossclick\" data-gtm-custom-label=\"Contextuel\" data-gtm-event=\"customEventSPE\">M\u00e9doc\u00a0<\/a>puis \u00e0\u00a0<a href=\"https:\/\/avis-vin.lefigaro.fr\/connaitre-deguster\/tout-savoir-sur-le-vin\/guide-des-regions-et-des-appellations\/bordeaux\/rive-droite\/appellation-saint-emilion\" target=\"_blank\" rel=\"noopener\" data-gtm-custom-categorie=\"navigation\" data-gtm-custom-action=\"crossclick\" data-gtm-custom-label=\"Contextuel\" data-gtm-event=\"customEventSPE\">Saint-\u00c9milion<\/a>, avant de rejoindre le prestigieux domaine Ornellaia, en Toscane, en tant que directeur technique. Il y restera dix-huit ann\u00e9es. \u00abL\u2019Italie m\u2019a enseign\u00e9 \u00e0 innover, \u00e0 sortir des sentiers battus\u00bb, raconte-t-il, une lueur de nostalgie dans les yeux. Sous sa direction,\u00a0<a href=\"https:\/\/avis-vin.lefigaro.fr\/domaines-et-vignerons\/o151066-il-vigore-un-vin-de-la-toscane-torride-d-ornellaia\" target=\"_blank\" data-fig-type=\"Article\" rel=\"noopener\" data-gtm-custom-categorie=\"navigation\" data-gtm-custom-action=\"crossclick\" data-gtm-custom-label=\"Contextuel\" data-gtm-event=\"customEventSPE\" data-fig-domain=\"AVIS_VIN\">Ornellaia\u00a0<\/a>confirme son statut de r\u00e9f\u00e9rence mondiale pour les vins italiens haut de gamme.<\/p>\n<p>                                                                <a class=\"fig-a11y-skip\" href=\"#fig-a11y-skip-main-inarticle\" data-module=\"a11y-skip\" data-context=\"was @visible\"><br \/>\n    Passer la publicit\u00e9<br \/>\n<\/a>            <\/p>\n<p>                                                                \u00abNous voulons que ce vin brille\u00bb<\/p>\n<p class=\"fig-paragraph\">Apr\u00e8s avoir appris \u00ab\u00e0 danser avec les r\u00e8gles sans les briser\u00bb, le voil\u00e0 de retour \u00e0 Bordeaux pour redonner ses lettres de noblesse \u00e0\u00a0<a href=\"https:\/\/avis-vin.lefigaro.fr\/vins-champagne\/bordeaux\/medoc\/d16390-chateau-lascombes\" target=\"_blank\" rel=\"noopener\" data-gtm-custom-categorie=\"navigation\" data-gtm-custom-action=\"crossclick\" data-gtm-custom-label=\"Contextuel\" data-gtm-event=\"customEventSPE\">Ch\u00e2teau Lascombes<\/a>, deuxi\u00e8me cru class\u00e9 appr\u00e9ci\u00e9 mais devenu, avec les ans, un bel endormi. Jusqu\u2019\u00e0 l\u2019arriv\u00e9e de la famille Lawrence, propri\u00e9taires am\u00e9ricains du ch\u00e2teau depuis 2018. Ils ont appel\u00e9 Axel Heinz, pour qu\u2019il pr\u00e9side au r\u00e9veil et \u00e0 l\u2019essor de la propri\u00e9t\u00e9. \u00abLes Lawrence sont de grands agriculteurs et propri\u00e9taires terriens du Tennessee habitu\u00e9s \u00e0 l\u2019excellence. Leur vision est claire\u00a0: redonner \u00e0 Lascombes sa place parmi les plus grands crus de Margaux, souligne-t-il. Ils m\u2019ont dit\u00a0: \u201cNous voulons que ce vin brille, mais c\u2019est \u00e0 vous de nous dire comment\u201d, et ils m\u2019ont donn\u00e9 carte blanche pour y parvenir, une libert\u00e9 que peu de propri\u00e9taires bordelais offriraient.\u00bb<\/p>\n<p class=\"fig-paragraph\">Son installation en Aquitaine, apr\u00e8s deux d\u00e9cennies pass\u00e9es \u00e0 l\u2019\u00e9tranger, est \u00e0 la fois un retour aux sources et une nouvelle aventure. \u00abRevenir ici \u00e9tait une \u00e9vidence, mais il fallait un projet qui en vaille la peine\u00bb, confie-t-il. Lascombes repr\u00e9sentait ce d\u00e9fi\u00a0: un domaine avec un potentiel immense, mais qui n\u2019avait pas pleinement exploit\u00e9 son rang de deuxi\u00e8me cru class\u00e9. L\u2019objectif d\u2019Axel Heinz est clair\u00a0: en faire une r\u00e9f\u00e9rence de l\u2019appellation Margaux, un vin incarnant \u00e0 la fois l\u2019excellence et l\u2019innovation. Celui-ci, il est vrai, poss\u00e8de beaucoup d\u2019atouts\u00a0: une pr\u00e9sence envi\u00e9e dans le fameux classement de 1855, un terroir d\u2019exception et une \u00e9quipe motiv\u00e9e.<\/p>\n<p>                                                                Audace<\/p>\n<p class=\"fig-paragraph\">Son projet phare \u2013 mettre au monde en peu de temps un nouveau mill\u00e9sime prometteur baptis\u00e9 La C\u00f4te-Lascombes \u2013 incarne cette audace\u00a0: un\u00a0<a href=\"https:\/\/avis-vin.lefigaro.fr\/connaitre-deguster\/tout-savoir-sur-le-vin\/guide-des-cepages\/merlot\" target=\"_blank\" rel=\"noopener\" data-gtm-custom-categorie=\"navigation\" data-gtm-custom-action=\"crossclick\" data-gtm-custom-label=\"Contextuel\" data-gtm-event=\"customEventSPE\">merlot\u00a0<\/a>sur des sols argileux, une raret\u00e9 dans le m\u00e9doc, voire une h\u00e9r\u00e9sie dans cette contr\u00e9e de cabernets, mais une \u00e9vidence pour notre homme. Un vin qui prend tout le monde \u00e0 contre-pied, et qui est aussi une d\u00e9claration d\u2019intention\u00a0: innover sans renier le terroir. Ajoutons que le premier mill\u00e9sime a s\u00e9duit la critique. \u00abC\u2019est un vin qui d\u00e9fie les codes, comme on le ferait en Toscane, o\u00f9 une folie de ce genre est normale. \u00c0 Bordeaux, \u00e7a a fait tiquer\u2026 avant de convaincre\u00bb, s\u2019amuse-t-il en ajoutant\u00a0: \u00abLe\u00a0<a href=\"https:\/\/avis-vin.lefigaro.fr\/vins-champagne\/bordeaux\/medoc\/margaux\/d16390-chateau-lascombes\/v16391-chateau-lascombes-deuxieme-cru-classe\/vin-rouge\/2022\" target=\"_blank\" rel=\"noopener\" data-gtm-custom-categorie=\"navigation\" data-gtm-custom-action=\"crossclick\" data-gtm-custom-label=\"Contextuel\" data-gtm-event=\"customEventSPE\">premier mill\u00e9sime 2022<\/a> \u00a0a \u00e9t\u00e9 tr\u00e8s bien accueilli. Preuve que l\u2019innovation a sa place \u00e0 Bordeaux.\u00bb<\/p>\n<p class=\"fig-paragraph\">Chez cet homme qu\u2019on sent taill\u00e9 pour les d\u00e9fis, une philosophie pr\u00e9vaut, qui tient en deux mots\u00a0: respect et r\u00e9invention. \u00abLa tradition est une base, mais elle ne doit pas \u00e9touffer la cr\u00e9ativit\u00e9. Bordeaux est toujours un mod\u00e8le, il faut cependant se renouveler pour rester pertinent. Aujourd\u2019hui, le monde du vin est plus comp\u00e9titif. Il ne suffit plus de se reposer sur son classement.\u00bb Son ambition\u00a0? Faire de Ch\u00e2teau Lascombes un cru de r\u00e9f\u00e9rence reconnu pour son excellence. \u00abLe vin, comme la vie, doit \u00eatre ancr\u00e9 dans son terroir, mais ouvert sur le monde. Nous devons nous renouveler sans cesse, car il faut \u00e0 la fois ma\u00eetriser la technique et laisser parler l\u2019\u00e9motion. Le classement de 1855, c\u2019est notre pass\u00e9. L\u2019audace, c\u2019est notre futur.\u00bb<\/p>\n<p class=\"fig-body-link\">\n            \u00c0 lire aussi<br \/>\n        <a class=\"fig-body-link__link\" href=\"https:\/\/avis-vin.lefigaro.fr\/comment-les-vins-de-bordeaux-sont-ils-classes-et-pourquoi-20240315\" target=\"_blank\" data-fig-type=\"Article\" rel=\"noopener\" data-gtm-custom-categorie=\"navigation\" data-gtm-custom-action=\"crossclick\" data-gtm-custom-label=\"Contextuel\" data-gtm-event=\"customEventSPE\" data-fig-domain=\"AVIS_VIN\"><\/p>\n<p>        Comment les vins de Bordeaux sont-ils class\u00e9s et pourquoi\u00a0?<br \/>\n    <\/a>\n<\/p>\n<p class=\"fig-paragraph\">Entre deux vendanges, lorsqu\u2019il n\u2019est pas sur sa ch\u00e8re guitare \u2013 \u00abmon premier amour, avant le vin. Les deux demandent \u00e0 la fois de la technique et de la sensibilit\u00e9\u00bb \u2013, cet homme de culture fait la lecture des romans de Salman Rushdie et d\u2019Umberto Eco, ses auteurs de chevet, \u00abdes magiciens des mots, comme je veux l\u2019\u00eatre du vin. Les Versets sataniques et Le Nom de la rose m\u2019ont appris \u00e0 voir le monde diff\u00e9remment, une le\u00e7on que j\u2019applique aussi dans le vin\u00bb, explique-t-il. L\u2019esprit, certes, mais le corps aussi\u00a0: ce rugbyman contrari\u00e9 faute de temps dans sa jeunesse vibre pour l\u2019Union Bordeaux B\u00e8gles (UBB). \u00abLe rugby et le vin, m\u00eame combat\u00a0: il faut du terrain, de la strat\u00e9gie et un peu de folie.\u00bb<\/p>\n<p>                                                                <a class=\"fig-a11y-skip\" href=\"#fig-a11y-skip-main-inarticle_mtf\" data-module=\"a11y-skip\" data-context=\"was @visible\"><br \/>\n    Passer la publicit\u00e9<br \/>\n<\/a>            <\/p>\n<p class=\"fig-paragraph\">Son credo pour Ch\u00e2teau Lascombes\u00a0? \u00abRespecter le classement de 1855, mais \u00e9crire notre propre partition pour le XXIe si\u00e8cle.\u00bb Avec ce vigneron atypique, mari\u00e9 \u00e0 une Bordelaise et p\u00e8re d\u2019une \u00e9tudiante en droit international, le ch\u00e2teau a trouv\u00e9 son chef d\u2019orchestre, cultivant une vie entre plusieurs cultures. \u00abMa fille a grandi en Italie, \u00e9tudie entre Florence et Paris, et parle trois langues. C\u2019est cette ouverture que je veux transmettre ici\u00bb, dit-il. Avant de conclure\u00a0: \u00abNous avons le terroir, l\u2019\u00e9quipe et maintenant\u2026 l\u2019audace.\u00bb Le prochain mill\u00e9sime s\u2019annonce d\u00e9j\u00e0 passionnant.<\/p>\n","protected":false},"excerpt":{"rendered":"Convoit\u00e9 depuis ses succ\u00e8s en Italie avec de prestigieux \u00absuper toscans\u00bb, cet \u0153nologue et viticulteur, aussi passionn\u00e9 que&hellip;\n","protected":false},"author":2,"featured_media":635924,"comment_status":"","ping_status":"","sticky":false,"template":"","format":"standard","meta":{"footnotes":""},"categories":[2817],"tags":[1111,11,1997,1777,674,1011,27,12,2219,25],"class_list":{"0":"post-635923","1":"post","2":"type-post","3":"status-publish","4":"format-standard","5":"has-post-thumbnail","7":"category-bordeaux","8":"tag-actu","9":"tag-actualites","10":"tag-bordeaux","11":"tag-eu","12":"tag-europe","13":"tag-fr","14":"tag-france","15":"tag-news","16":"tag-nouvelle-aquitaine","17":"tag-republique-francaise"},"share_on_mastodon":{"url":"https:\/\/pubeurope.com\/@fr\/115824906945854990","error":""},"_links":{"self":[{"href":"https:\/\/www.europesays.com\/fr\/wp-json\/wp\/v2\/posts\/635923","targetHints":{"allow":["GET"]}}],"collection":[{"href":"https:\/\/www.europesays.com\/fr\/wp-json\/wp\/v2\/posts"}],"about":[{"href":"https:\/\/www.europesays.com\/fr\/wp-json\/wp\/v2\/types\/post"}],"author":[{"embeddable":true,"href":"https:\/\/www.europesays.com\/fr\/wp-json\/wp\/v2\/users\/2"}],"replies":[{"embeddable":true,"href":"https:\/\/www.europesays.com\/fr\/wp-json\/wp\/v2\/comments?post=635923"}],"version-history":[{"count":0,"href":"https:\/\/www.europesays.com\/fr\/wp-json\/wp\/v2\/posts\/635923\/revisions"}],"wp:featuredmedia":[{"embeddable":true,"href":"https:\/\/www.europesays.com\/fr\/wp-json\/wp\/v2\/media\/635924"}],"wp:attachment":[{"href":"https:\/\/www.europesays.com\/fr\/wp-json\/wp\/v2\/media?parent=635923"}],"wp:term":[{"taxonomy":"category","embeddable":true,"href":"https:\/\/www.europesays.com\/fr\/wp-json\/wp\/v2\/categories?post=635923"},{"taxonomy":"post_tag","embeddable":true,"href":"https:\/\/www.europesays.com\/fr\/wp-json\/wp\/v2\/tags?post=635923"}],"curies":[{"name":"wp","href":"https:\/\/api.w.org\/{rel}","templated":true}]}}