{"id":635925,"date":"2026-01-02T09:56:11","date_gmt":"2026-01-02T09:56:11","guid":{"rendered":"https:\/\/www.europesays.com\/fr\/635925\/"},"modified":"2026-01-02T09:56:11","modified_gmt":"2026-01-02T09:56:11","slug":"tournefeuille-strauss-et-le-nouvel-an-a-vienne-a-lescale","status":"publish","type":"post","link":"https:\/\/www.europesays.com\/fr\/635925\/","title":{"rendered":"Tournefeuille. Strauss et le Nouvel An \u00e0 Vienne \u00e0 l\u2019Escale"},"content":{"rendered":"<p>L\u2019Orchestre de Chambre de Toulouse ouvre l\u2019ann\u00e9e 2026 avec un programme d\u00e9di\u00e9 aux valses viennoises des Strauss, p\u00e8re et fils. Ce concert, intitul\u00e9 \u00ab\u00a0Strauss \u2013 Le Nouvel An \u00e0 Vienne\u00a0\u00bb, se d\u00e9roule sur deux soir\u00e9es les mercredi 7 et jeudi 8 janvier \u00e0 20h30. Sous la direction de la violoniste Lina Tur Bonet, les musiciens de l\u2019orchestre r\u00e9activent une tradition musicale n\u00e9e \u00e0 Vienne au milieu du XIXe si\u00e8cle, \u00e9poque o\u00f9 la ville s\u2019\u00e9tourdissait de rythmes ternaires port\u00e9s par une soci\u00e9t\u00e9 en pleine effervescence culturelle.<\/p>\n<p>Bien que d\u2019une esth\u00e9tique plus l\u00e9g\u00e8re que celle de leurs pr\u00e9d\u00e9cesseurs Haydn ou Mozart, les Strauss conservent l\u2019\u00e9l\u00e9gance classique tout en y insufflant une \u00e9nergie et une joie de vivre irr\u00e9sistibles. L\u2019\u0153uvre propose un abandon des tensions pour se concentrer sur l\u2019instant pr\u00e9sent et le bonheur de vivre. Cette tradition du concert du Nouvel An, instaur\u00e9e officiellement en 1939, demeure un rendez-vous familial incontournable qui traverse les g\u00e9n\u00e9rations par sa force rythmique et m\u00e9lodique.<\/p>\n<p>La repr\u00e9sentation dure une heure et trente minutes et s\u2019adresse \u00e0 un public large. La billetterie de l\u2019Escale propose diff\u00e9rents tarifs allant de la gratuit\u00e9 pour les moins de 16 ans au tarif plein de 29 euros. Il est \u00e0 noter que le guichet physique observe une p\u00e9riode de fermeture pour les f\u00eates de fin d\u2019ann\u00e9e avant de rouvrir ses portes le 6 janvier \u00e0 14h, la veille de la premi\u00e8re repr\u00e9sentation. Comme pour chaque spectacle de la saison, les spectateurs ont la possibilit\u00e9 de se restaurer au Bistrot de l\u2019Escale avant le d\u00e9but du concert.<\/p>\n","protected":false},"excerpt":{"rendered":"L\u2019Orchestre de Chambre de Toulouse ouvre l\u2019ann\u00e9e 2026 avec un programme d\u00e9di\u00e9 aux valses viennoises des Strauss, p\u00e8re&hellip;\n","protected":false},"author":2,"featured_media":635926,"comment_status":"","ping_status":"","sticky":false,"template":"","format":"standard","meta":{"footnotes":""},"categories":[2816],"tags":[1111,11,4156,872,1777,674,1011,27,2722,12,2680,25,853,2312,74340],"class_list":{"0":"post-635925","1":"post","2":"type-post","3":"status-publish","4":"format-standard","5":"has-post-thumbnail","7":"category-toulouse","8":"tag-actu","9":"tag-actualites","10":"tag-concerts","11":"tag-culture-et-loisirs","12":"tag-eu","13":"tag-europe","14":"tag-fr","15":"tag-france","16":"tag-haute-garonne","17":"tag-news","18":"tag-occitanie","19":"tag-republique-francaise","20":"tag-spectacles","21":"tag-toulouse","22":"tag-tournefeuille"},"share_on_mastodon":{"url":"https:\/\/pubeurope.com\/@fr\/115824910987641074","error":""},"_links":{"self":[{"href":"https:\/\/www.europesays.com\/fr\/wp-json\/wp\/v2\/posts\/635925","targetHints":{"allow":["GET"]}}],"collection":[{"href":"https:\/\/www.europesays.com\/fr\/wp-json\/wp\/v2\/posts"}],"about":[{"href":"https:\/\/www.europesays.com\/fr\/wp-json\/wp\/v2\/types\/post"}],"author":[{"embeddable":true,"href":"https:\/\/www.europesays.com\/fr\/wp-json\/wp\/v2\/users\/2"}],"replies":[{"embeddable":true,"href":"https:\/\/www.europesays.com\/fr\/wp-json\/wp\/v2\/comments?post=635925"}],"version-history":[{"count":0,"href":"https:\/\/www.europesays.com\/fr\/wp-json\/wp\/v2\/posts\/635925\/revisions"}],"wp:featuredmedia":[{"embeddable":true,"href":"https:\/\/www.europesays.com\/fr\/wp-json\/wp\/v2\/media\/635926"}],"wp:attachment":[{"href":"https:\/\/www.europesays.com\/fr\/wp-json\/wp\/v2\/media?parent=635925"}],"wp:term":[{"taxonomy":"category","embeddable":true,"href":"https:\/\/www.europesays.com\/fr\/wp-json\/wp\/v2\/categories?post=635925"},{"taxonomy":"post_tag","embeddable":true,"href":"https:\/\/www.europesays.com\/fr\/wp-json\/wp\/v2\/tags?post=635925"}],"curies":[{"name":"wp","href":"https:\/\/api.w.org\/{rel}","templated":true}]}}