{"id":635928,"date":"2026-01-02T10:00:09","date_gmt":"2026-01-02T10:00:09","guid":{"rendered":"https:\/\/www.europesays.com\/fr\/635928\/"},"modified":"2026-01-02T10:00:09","modified_gmt":"2026-01-02T10:00:09","slug":"un-corps-retrouve-dans-le-coffre-dune-voiture-incendiee-a-marseille","status":"publish","type":"post","link":"https:\/\/www.europesays.com\/fr\/635928\/","title":{"rendered":"Un corps retrouv\u00e9 dans le coffre d&rsquo;une voiture incendi\u00e9e \u00e0 Marseille"},"content":{"rendered":"<p>Les marins-pompiers de Marseille ont d\u00e9couvert un corps dans le coffre d\u2019une voiture incendi\u00e9e, a appris l\u2019AFP ce vendredi, de sources concordantes.<\/p>\n<p>Les marins-pompiers sont intervenus vers 23h20 ce jeudi 1er janvier au soir, avenue des Arnavaux, pour un feu de voiture, ont-ils expliqu\u00e9 \u00e0 l\u2019AFP. C\u2019est l\u00e0 qu\u2019ils ont trouv\u00e9, dans le coffre, un corps sans vie. Une source polici\u00e8re a confirm\u00e9 \u00e0 l\u2019AFP la d\u00e9couverte d\u2019un corps \u00ab\u00a0calcin\u00e9\u00a0\u00bb.<\/p>\n<p>Le mode op\u00e9ratoire laisse penser \u00e0 un assassinat sur fond de trafic de drogue et si cette piste se confirmait il s\u2019agirait du premier narchomicide \u00e0 Marseille de\u00a02026, d\u00e8s le premier jour de l\u2019ann\u00e9e.<\/p>\n<p>Le jour de No\u00ebl, <a href=\"https:\/\/www.laprovence.com\/article\/faits-divers-justice\/4337807138706214\/noel-sanglant-a-marseille-un-homme-assassine-retrouve-dans-le-coffre-d-une-voiture-un-blesse-grave\" target=\"_blank\" rel=\"noopener\">un corps avait d\u00e9j\u00e0 \u00e9t\u00e9 retrouv\u00e9 dans une voiture incendi\u00e9e<\/a> \u00e0 Sept\u00e8mes-les-Vallons. Le v\u00e9hicule avait \u00e9t\u00e9 signal\u00e9 vol\u00e9.<\/p>\n","protected":false},"excerpt":{"rendered":"Les marins-pompiers de Marseille ont d\u00e9couvert un corps dans le coffre d\u2019une voiture incendi\u00e9e, a appris l\u2019AFP ce&hellip;\n","protected":false},"author":2,"featured_media":635929,"comment_status":"","ping_status":"","sticky":false,"template":"","format":"standard","meta":{"footnotes":""},"categories":[2814],"tags":[5734,1111,11,57586,6725,1446,4440,1777,674,274,1011,27,44595,884,12,882,25,4256,4752],"class_list":{"0":"post-635928","1":"post","2":"type-post","3":"status-publish","4":"format-standard","5":"has-post-thumbnail","7":"category-marseille","8":"tag-5734","9":"tag-actu","10":"tag-actualites","11":"tag-coffre","12":"tag-corps","13":"tag-dans","14":"tag-dune","15":"tag-eu","16":"tag-europe","17":"tag-faits-divers-justice","18":"tag-fr","19":"tag-france","20":"tag-incendiee","21":"tag-marseille","22":"tag-news","23":"tag-provence-alpes-cote-dazur","24":"tag-republique-francaise","25":"tag-retrouve","26":"tag-voiture"},"share_on_mastodon":{"url":"https:\/\/pubeurope.com\/@fr\/115824926948415352","error":""},"_links":{"self":[{"href":"https:\/\/www.europesays.com\/fr\/wp-json\/wp\/v2\/posts\/635928","targetHints":{"allow":["GET"]}}],"collection":[{"href":"https:\/\/www.europesays.com\/fr\/wp-json\/wp\/v2\/posts"}],"about":[{"href":"https:\/\/www.europesays.com\/fr\/wp-json\/wp\/v2\/types\/post"}],"author":[{"embeddable":true,"href":"https:\/\/www.europesays.com\/fr\/wp-json\/wp\/v2\/users\/2"}],"replies":[{"embeddable":true,"href":"https:\/\/www.europesays.com\/fr\/wp-json\/wp\/v2\/comments?post=635928"}],"version-history":[{"count":0,"href":"https:\/\/www.europesays.com\/fr\/wp-json\/wp\/v2\/posts\/635928\/revisions"}],"wp:featuredmedia":[{"embeddable":true,"href":"https:\/\/www.europesays.com\/fr\/wp-json\/wp\/v2\/media\/635929"}],"wp:attachment":[{"href":"https:\/\/www.europesays.com\/fr\/wp-json\/wp\/v2\/media?parent=635928"}],"wp:term":[{"taxonomy":"category","embeddable":true,"href":"https:\/\/www.europesays.com\/fr\/wp-json\/wp\/v2\/categories?post=635928"},{"taxonomy":"post_tag","embeddable":true,"href":"https:\/\/www.europesays.com\/fr\/wp-json\/wp\/v2\/tags?post=635928"}],"curies":[{"name":"wp","href":"https:\/\/api.w.org\/{rel}","templated":true}]}}