{"id":635930,"date":"2026-01-02T10:01:12","date_gmt":"2026-01-02T10:01:12","guid":{"rendered":"https:\/\/www.europesays.com\/fr\/635930\/"},"modified":"2026-01-02T10:01:12","modified_gmt":"2026-01-02T10:01:12","slug":"un-corps-decouvert-dans-le-coffre-dune-voiture-incendiee-la-piste-du-narcotrafic-etudiee","status":"publish","type":"post","link":"https:\/\/www.europesays.com\/fr\/635930\/","title":{"rendered":"un corps d\u00e9couvert dans le coffre d\u2019une voiture incendi\u00e9e, la piste du narcotrafic \u00e9tudi\u00e9e"},"content":{"rendered":"<p>\n    Le mode op\u00e9ratoire laisse penser \u00e0 un assassinat sur fond de trafic de drogue. Si cette piste se confirmait, il s\u2019agirait du premier narchomicide \u00e0 Marseille de 2026 d\u00e8s le premier jour de l\u2019ann\u00e9e.<\/p>\n<p class=\"fig-paragraph\">Un corps a \u00e9t\u00e9 retrouv\u00e9 par les pompiers \u00e0 Marseille dans le coffre d&rsquo;une voiture incendi\u00e9e, a-t-on appris vendredi de sources concordantes.<\/p>\n<p class=\"fig-paragraph\">Les marins-pompiers de\u00a0<a href=\"http:\/\/www.lefigaro.fr\/marseille\/aix-en-provence-un-mineur-arrete-avec-deux-couteaux-aux-abords-d-une-synagogue-20251231\" data-fig-type=\"NewsFlash\" data-gtm-custom-categorie=\"navigation\" data-gtm-custom-action=\"crossclick\" data-gtm-custom-label=\"Contextuel\" data-gtm-event=\"customEventSPE\" data-fig-domain=\"LEFIGARO\" target=\"_blank\" rel=\"noopener\">Marseille\u00a0<\/a>sont intervenus vers 23H20 jeudi soir, avenue des Arnavaux dans le nord de la ville, pour un feu de voiture, ont-ils expliqu\u00e9 \u00e0 l&rsquo;AFP. C&rsquo;est l\u00e0 qu&rsquo;ils ont trouv\u00e9, dans le coffre, un corps sans vie. Une source polici\u00e8re a confirm\u00e9 \u00e0 l&rsquo;AFP la d\u00e9couverte d&rsquo;un corps \u00abcalcin\u00e9\u00bb.<\/p>\n<p>                                            <a class=\"fig-a11y-skip\" href=\"#fig-a11y-skip-main-inarticle\" data-module=\"a11y-skip\" data-context=\"was @visible\"><br \/>\n    Passer la publicit\u00e9<br \/>\n<\/a>            <\/p>\n<p class=\"fig-paragraph\">Le mode op\u00e9ratoire laisse penser \u00e0 un assassinat sur fond de\u00a0<a href=\"http:\/\/www.lefigaro.fr\/faits-divers\/entre-rouen-l-espagne-et-le-maroc-les-dessous-d-un-trafic-de-drogue-de-grande-ampleur-et-les-denegations-du-cerveau-presume-20251228\" data-fig-type=\"Article\" data-gtm-custom-categorie=\"navigation\" data-gtm-custom-action=\"crossclick\" data-gtm-custom-label=\"Contextuel\" data-gtm-event=\"customEventSPE\" data-fig-domain=\"LEFIGARO\" target=\"_blank\" rel=\"noopener\">trafic de drogue<\/a>\u00a0et si cette piste se confirmait il s&rsquo;agirait du premier narchomicide \u00e0 Marseille de 2026 d\u00e8s le premier jour de l&rsquo;ann\u00e9e.<\/p>\n<p>                                            19 assassinats li\u00e9s au trafic de drogue en 2025<\/p>\n<p class=\"fig-paragraph\">Selon un d\u00e9compte de l&rsquo;AFP, 19 personnes ont perdu la vie dans des assassinats li\u00e9s au trafic de drogue en 2025 dans le d\u00e9partement des Bouches-du-Rh\u00f4ne, la grande majorit\u00e9 \u00e0 Marseille.<\/p>\n<p class=\"fig-paragraph\">Le jour de No\u00ebl,\u00a0<a href=\"http:\/\/www.lefigaro.fr\/faits-divers\/marseille-un-corps-retrouve-dans-une-voiture-incendiee-20251225\" data-fig-type=\"NewsFlash\" data-gtm-custom-categorie=\"navigation\" data-gtm-custom-action=\"crossclick\" data-gtm-custom-label=\"Contextuel\" data-gtm-event=\"customEventSPE\" data-fig-domain=\"LEFIGARO\" target=\"_blank\" rel=\"noopener\">un corps avait d\u00e9j\u00e0 \u00e9t\u00e9 retrouv\u00e9 dans une voiture incendi\u00e9e<\/a>\u00a0\u00e0 Sept\u00e8mes-les-Vallons, une commune limitrophe de Marseille. La voiture avait \u00e9t\u00e9 signal\u00e9e vol\u00e9e.<\/p>\n<p class=\"fig-paragraph\">Le 13 novembre, la mort de\u00a0<a href=\"http:\/\/www.lefigaro.fr\/marseille\/en-visite-a-marseille-emmanuel-macron-s-est-recueilli-sur-la-tombe-des-freres-kessaci-20251216\" data-fig-type=\"NewsFlash\" data-gtm-custom-categorie=\"navigation\" data-gtm-custom-action=\"crossclick\" data-gtm-custom-label=\"Contextuel\" data-gtm-event=\"customEventSPE\" data-fig-domain=\"LEFIGARO\" target=\"_blank\" rel=\"noopener\">Mehdi Kessaci<\/a>, 20 ans, le petit fr\u00e8re du militant \u00e9cologiste et antidrogue Amine Kessaci, avait boulevers\u00e9 la ville.<\/p>\n","protected":false},"excerpt":{"rendered":"Le mode op\u00e9ratoire laisse penser \u00e0 un assassinat sur fond de trafic de drogue. Si cette piste se&hellip;\n","protected":false},"author":2,"featured_media":635931,"comment_status":"","ping_status":"","sticky":false,"template":"","format":"standard","meta":{"footnotes":""},"categories":[2814],"tags":[1111,11,6725,1777,674,1011,27,884,8721,12,882,25],"class_list":{"0":"post-635930","1":"post","2":"type-post","3":"status-publish","4":"format-standard","5":"has-post-thumbnail","7":"category-marseille","8":"tag-actu","9":"tag-actualites","10":"tag-corps","11":"tag-eu","12":"tag-europe","13":"tag-fr","14":"tag-france","15":"tag-marseille","16":"tag-narcotrafic","17":"tag-news","18":"tag-provence-alpes-cote-dazur","19":"tag-republique-francaise"},"share_on_mastodon":{"url":"https:\/\/pubeurope.com\/@fr\/115824930559634501","error":""},"_links":{"self":[{"href":"https:\/\/www.europesays.com\/fr\/wp-json\/wp\/v2\/posts\/635930","targetHints":{"allow":["GET"]}}],"collection":[{"href":"https:\/\/www.europesays.com\/fr\/wp-json\/wp\/v2\/posts"}],"about":[{"href":"https:\/\/www.europesays.com\/fr\/wp-json\/wp\/v2\/types\/post"}],"author":[{"embeddable":true,"href":"https:\/\/www.europesays.com\/fr\/wp-json\/wp\/v2\/users\/2"}],"replies":[{"embeddable":true,"href":"https:\/\/www.europesays.com\/fr\/wp-json\/wp\/v2\/comments?post=635930"}],"version-history":[{"count":0,"href":"https:\/\/www.europesays.com\/fr\/wp-json\/wp\/v2\/posts\/635930\/revisions"}],"wp:featuredmedia":[{"embeddable":true,"href":"https:\/\/www.europesays.com\/fr\/wp-json\/wp\/v2\/media\/635931"}],"wp:attachment":[{"href":"https:\/\/www.europesays.com\/fr\/wp-json\/wp\/v2\/media?parent=635930"}],"wp:term":[{"taxonomy":"category","embeddable":true,"href":"https:\/\/www.europesays.com\/fr\/wp-json\/wp\/v2\/categories?post=635930"},{"taxonomy":"post_tag","embeddable":true,"href":"https:\/\/www.europesays.com\/fr\/wp-json\/wp\/v2\/tags?post=635930"}],"curies":[{"name":"wp","href":"https:\/\/api.w.org\/{rel}","templated":true}]}}