{"id":635949,"date":"2026-01-02T10:21:19","date_gmt":"2026-01-02T10:21:19","guid":{"rendered":"https:\/\/www.europesays.com\/fr\/635949\/"},"modified":"2026-01-02T10:21:19","modified_gmt":"2026-01-02T10:21:19","slug":"nicolas-maduro-se-dit-pret-a-des-negociations-avec-donald-trump-sur-le-narcotrafic","status":"publish","type":"post","link":"https:\/\/www.europesays.com\/fr\/635949\/","title":{"rendered":"Nicol\u00e1s Maduro se dit \u00ab\u00a0pr\u00eat\u00a0\u00bb \u00e0 des n\u00e9gociations avec Donald Trump sur le narcotrafic"},"content":{"rendered":"<p>        <img decoding=\"async\" loading=\"lazy\" src=\"https:\/\/www.europesays.com\/fr\/wp-content\/uploads\/2026\/01\/3a2ee2c_1725456808311-000-36ez9wr.jpg\"  width=\"728\" height=\"409\" alt=\"Le pr\u00e9sident v\u00e9n\u00e9zu\u00e9lien Nicolas Maduro a ouvert la porte \u00e0 des n\u00e9gociations avec Washington en pleine escalade des tensions entre les deux pays.\"\/>  <\/p>\n<p>PEDRO RANCES MATTEY \/ AFP<\/p>\n<p>Le pr\u00e9sident v\u00e9n\u00e9zu\u00e9lien Nicolas Maduro a ouvert la porte \u00e0 des n\u00e9gociations avec Washington en pleine escalade des tensions entre les deux pays.<\/p>\n<p class=\"asset asset-text\">Pr\u00eat \u00e0 tout pour \u00e9viter une confrontation militaire avec les \u00c9tats-Unis, le pr\u00e9sident v\u00e9n\u00e9zu\u00e9lien Nicol\u00e1s Maduro a ouvert la voie \u00e0 des n\u00e9gociations avec <a href=\"https:\/\/www.huffingtonpost.fr\/international\/article\/assoupissements-bleus-donald-trump-se-defend-dans-une-interview-au-wall-street-journal_258788.html\" target=\"_blank\" rel=\"noopener\">Donald Trump<\/a> ce jeudi 1er\u00a0janvier lors d\u2019une interview t\u00e9l\u00e9vis\u00e9e.<\/p>\n<p class=\"asset asset-text\">\u00ab\u00a0Cela peut \u00eatre un sujet dont nous parlerons dans quelques jours. Tr\u00e8s certainement, nous pourrions discuter d\u2019ici quelques jours\u00a0\u00bb, a ainsi affirm\u00e9 aupr\u00e8s de la cha\u00eene publique VTV en r\u00e9pondant \u00e0 la question \u00ab\u00a0Votre gouvernement n\u2019a ni confirm\u00e9 ni d\u00e9menti cette information (d\u2019attaque terrestre). Que pourriez-vous nous en dire \u00e0 ce sujet\u00a0?\u00a0\u00bb.<\/p>\n<p class=\"asset asset-text\">Une question li\u00e9e au fait que le pr\u00e9sident am\u00e9ricain avait affirm\u00e9 lundi dernier que <a href=\"https:\/\/www.huffingtonpost.fr\/international\/article\/trump-affirme-que-les-etats-unis-ont-frappe-une-installation-portuaire-au-venezuela_258707.html\" target=\"_blank\" rel=\"noopener\">les \u00c9tats-Unis avaient d\u00e9truit une zone de mise \u00e0 quai<\/a> utilis\u00e9e par des bateaux accus\u00e9s de participer au narcotrafic au Venezuela. Ce qui serait la premi\u00e8re attaque terrestre am\u00e9ricaine sur le sol v\u00e9n\u00e9zu\u00e9lien.<\/p>\n<p class=\"asset asset-text\">Dans sa r\u00e9ponse compl\u00e8te, le chef d\u2019\u00c9tat v\u00e9n\u00e9zu\u00e9lien a toutefois pris soin d\u2019\u00e9viter de confirmer ou de d\u00e9mentir l\u2019attaque am\u00e9ricaine sur ces installations portuaires. \u00ab\u00a0Ce que je peux te dire, c\u2019est que le syst\u00e8me de d\u00e9fense nationale a garanti et garantit l\u2019int\u00e9grit\u00e9 territoriale, la paix du pays et l\u2019usage et la jouissance de tous nos territoires. Notre peuple est en s\u00e9curit\u00e9 et en paix\u00a0\u00bb, a-t-il ajout\u00e9 \u00e0 l\u2019adresse du journaliste espagnol Ignacio Ramonet \u00e0 qui il accorde tous les ans une interview diffus\u00e9e par la cha\u00eene publique.<\/p>\n<p class=\"asset asset-text\">Nicol\u00e1s Maduro a aussi indiqu\u00e9 qu\u2019il n\u2019avait pas eu de deuxi\u00e8me conversation t\u00e9l\u00e9phonique (depuis celle de novembre) avec le pr\u00e9sident Trump, tout en r\u00e9p\u00e9tant qu\u2019il \u00e9tait toujours \u00ab\u00a0pr\u00eat\u00a0\u00bb \u00e0 discuter avec Washington.<\/p>\n<p>    Caracas sous pression am\u00e9ricaine    <\/p>\n<p class=\"asset asset-text\">\u00ab\u00a0Le gouvernement des \u00c9tats-Unis le sait, parce que nous l\u2019avons dit \u00e0 nombre de ses porte-parole\u00a0: s\u2019ils veulent discuter s\u00e9rieusement d\u2019un accord de lutte contre le narcotrafic, nous sommes pr\u00eats\u00a0; s\u2019ils veulent du p\u00e9trole du Venezuela, le Venezuela est pr\u00eat pour des investissements am\u00e9ricains, comme avec (le groupe p\u00e9trolier am\u00e9ricain) Chevron, quand ils le veulent, o\u00f9 ils le veulent et comme ils le veulent\u00a0\u00bb, a \u00e9galement lanc\u00e9 le pr\u00e9sident v\u00e9n\u00e9zu\u00e9lien.<\/p>\n<p class=\"asset asset-text\">\u00ab\u00a0Aux \u00c9tats-Unis, ils doivent savoir que, s\u2019ils veulent des accords int\u00e9graux de d\u00e9veloppement \u00e9conomique, ici au Venezuela aussi\u00a0! Et je l\u2019ai dit mille et une fois\u00a0\u00bb, a-t-il insist\u00e9, rappelant la coop\u00e9ration r\u00e9cente entre les deux pays sur l\u2019expulsion de migrants v\u00e9n\u00e9zu\u00e9liens vers leur pays, un th\u00e8me prioritaire pour Donald Trump.<\/p>\n<p class=\"asset asset-text\">\u00ab\u00a0Ce qui s\u2019est pass\u00e9 sur la question des migrants, parce que nous \u00e9tions parvenus \u00e0 un accord (&#8230;) Tout fonctionnait parfaitement, et il y a trois semaines, les autorit\u00e9s du gouvernement des \u00c9tats-Unis ont renonc\u00e9 \u00e0 continuer d\u2019envoyer des migrants au Venezuela\u00a0\u00bb, a fait remarquer le dirigeant sous pression. Il faut dire que les \u00c9tats-Unis ont d\u00e9ploy\u00e9 une flottille de guerre dans les Cara\u00efbes et ont durci les sanctions p\u00e9troli\u00e8res contre le pays, saisissant au moins deux bateaux transportant du brut v\u00e9n\u00e9zu\u00e9lien.<\/p>\n<p class=\"asset asset-text\">Depuis, Donald Trump a \u00e9voqu\u00e9 \u00e0 plusieurs reprises la possibilit\u00e9 d\u2019une intervention am\u00e9ricaine dans le pays, accusant au passage Nicol\u00e1s Maduro d\u2019\u00eatre \u00e0 la t\u00eate d\u2019un vaste r\u00e9seau de narcotrafic. Ce que l\u2019int\u00e9ress\u00e9 d\u00e9ment formellement, accusant de son c\u00f4t\u00e9 Washington de vouloir le renverser pour s\u2019emparer des r\u00e9serves de p\u00e9trole du pays, les plus grandes de la plan\u00e8te.<\/p>\n","protected":false},"excerpt":{"rendered":"PEDRO RANCES MATTEY \/ AFP Le pr\u00e9sident v\u00e9n\u00e9zu\u00e9lien Nicolas Maduro a ouvert la porte \u00e0 des n\u00e9gociations avec&hellip;\n","protected":false},"author":2,"featured_media":635950,"comment_status":"","ping_status":"","sticky":false,"template":"","format":"standard","meta":{"footnotes":""},"categories":[1589],"tags":[11,75,73,1866,14,12,338,1864,1865,1863,308,337],"class_list":{"0":"post-635949","1":"post","2":"type-post","3":"status-publish","4":"format-standard","5":"has-post-thumbnail","7":"category-etats-unis","8":"tag-actualites","9":"tag-donald-trump","10":"tag-etats-unis","11":"tag-etats-unis-damerique","12":"tag-international","13":"tag-news","14":"tag-nicolas-maduro","15":"tag-united-states","16":"tag-united-states-of-america","17":"tag-us","18":"tag-usa","19":"tag-venezuela"},"share_on_mastodon":{"url":"https:\/\/pubeurope.com\/@fr\/115825009295447359","error":""},"_links":{"self":[{"href":"https:\/\/www.europesays.com\/fr\/wp-json\/wp\/v2\/posts\/635949","targetHints":{"allow":["GET"]}}],"collection":[{"href":"https:\/\/www.europesays.com\/fr\/wp-json\/wp\/v2\/posts"}],"about":[{"href":"https:\/\/www.europesays.com\/fr\/wp-json\/wp\/v2\/types\/post"}],"author":[{"embeddable":true,"href":"https:\/\/www.europesays.com\/fr\/wp-json\/wp\/v2\/users\/2"}],"replies":[{"embeddable":true,"href":"https:\/\/www.europesays.com\/fr\/wp-json\/wp\/v2\/comments?post=635949"}],"version-history":[{"count":0,"href":"https:\/\/www.europesays.com\/fr\/wp-json\/wp\/v2\/posts\/635949\/revisions"}],"wp:featuredmedia":[{"embeddable":true,"href":"https:\/\/www.europesays.com\/fr\/wp-json\/wp\/v2\/media\/635950"}],"wp:attachment":[{"href":"https:\/\/www.europesays.com\/fr\/wp-json\/wp\/v2\/media?parent=635949"}],"wp:term":[{"taxonomy":"category","embeddable":true,"href":"https:\/\/www.europesays.com\/fr\/wp-json\/wp\/v2\/categories?post=635949"},{"taxonomy":"post_tag","embeddable":true,"href":"https:\/\/www.europesays.com\/fr\/wp-json\/wp\/v2\/tags?post=635949"}],"curies":[{"name":"wp","href":"https:\/\/api.w.org\/{rel}","templated":true}]}}