{"id":635960,"date":"2026-01-02T10:27:20","date_gmt":"2026-01-02T10:27:20","guid":{"rendered":"https:\/\/www.europesays.com\/fr\/635960\/"},"modified":"2026-01-02T10:27:20","modified_gmt":"2026-01-02T10:27:20","slug":"le-choc-financier-qui-pourrait-faire-derailler-la-consommation","status":"publish","type":"post","link":"https:\/\/www.europesays.com\/fr\/635960\/","title":{"rendered":"le choc financier qui pourrait faire d\u00e9railler la consommation"},"content":{"rendered":"<p>Ce 1er\u00a0janvier 2026 marque le grand d\u00e9crochage sanitaire aux \u00c9tats-Unis avec la fin de l\u2019Obamacare. Pour 20\u00a0millions de citoyens, ce basculement budg\u00e9taire d\u00e9clenche une explosion des co\u00fbts de protection sociale, mena\u00e7ant directement la consommation et l&rsquo;\u00e9pargne des classes moyennes.<\/p>\n<p>Depuis 2021, l&rsquo;\u00e9conomie am\u00e9ricaine b\u00e9n\u00e9ficiait d&rsquo;une parenth\u00e8se de protection sociale in\u00e9dite. Les aides massives d\u00e9ploy\u00e9es pour contrer les effets de la pand\u00e9mie avaient r\u00e9duit le taux de non-assur\u00e9s \u00e0 un plancher historique, sous la barre des 8\u00a0%. Cette \u00e8re prend fin brutalement sous l&rsquo;impulsion de Donald Trump et d&rsquo;une majorit\u00e9 r\u00e9publicaine d\u00e9termin\u00e9e \u00e0 liquider ces dispositifs, qualifi\u00e9s d&rsquo;inflationnistes.<\/p>\n<p>Dans les zones rurales comme l&rsquo;Iowa, des profils comme Aaron Lehman, agriculteur, voient leurs primes mensuelles bondir de 500 \u00e0 1\u00a0300\u00a0dollars. Cette hausse de 160\u00a0% touche de plein fouet les travailleurs ind\u00e9pendants et les foyers ruraux, agissant comme un pr\u00e9l\u00e8vement massif sur le revenu disponible de la classe moyenne productive.<\/p>\n<p><strong>Risque syst\u00e9mique sur le secteur des assurances et \u00ab\u00a0spirale de la mort\u00a0\u00bb<\/strong>&#13;\n<\/p>\n<p>\u00c0\u00a0premi\u00e8re\u00a0vue, l&rsquo;augmentation des primes doit entra\u00eener une hausse des revenus pour les assureurs, mais Wall Street reste sur le qui-vive. Les analystes de Goldman Sachs et Morgan Stanley surveillent de pr\u00e8s le Medical Loss Ratio (MLR), craignant le d\u00e9clenchement d&rsquo;une \u00ab\u00a0spirale de la mort\u00a0\u00bb. Ce ph\u00e9nom\u00e8ne voit les individus en bonne sant\u00e9 quitter le syst\u00e8me face aux co\u00fbts prohibitifs, ne laissant que les profils \u00e0 haut risque. L&rsquo;explosion des co\u00fbts qui en r\u00e9sulte pour l&rsquo;assureur force de nouvelles hausses de tarifs, menant potentiellement \u00e0 l&rsquo;effondrement du mod\u00e8le.<\/p>\n<p>La volatilit\u00e9 gagne les g\u00e9ants du secteur comme UnitedHealth Group et Elevance Health. L&rsquo;incertitude est aliment\u00e9e par la strat\u00e9gie de Donald Trump, qui menace de convoquer les dirigeants \u00e0 Mar-a-Lago pour dicter les prix par d\u00e9cret. Pour les march\u00e9s, ce risque politique prime d\u00e9sormais sur le risque purement m\u00e9dical.<\/p>\n<p><strong>Un frein brutal pour la consommation int\u00e9rieure am\u00e9ricaine<\/strong>&#13;\n<\/p>\n<p>La sant\u00e9 p\u00e8se pr\u00e8s de 18\u00a0% du PIB am\u00e9ricain. Le transfert de charge de l&rsquo;\u00c9tat f\u00e9d\u00e9ral vers le portefeuille des m\u00e9nages provoque un effet d&rsquo;\u00e9viction majeur sur les autres secteurs de l&rsquo;\u00e9conomie. Chaque dollar capt\u00e9 par les cotisations d&rsquo;assurance est un dollar retir\u00e9 de l&rsquo;investissement et de la consommation.<\/p>\n<p>D\u00e9j\u00e0, les signes de ralentissement se multiplient pour le premier semestre 2026, avec le report du renouvellement de mat\u00e9riel chez les artisans et agriculteurs, la baisse de fr\u00e9quentation dans la restauration et le gel des achats automobiles, ou encore les ponctions massives dans l&rsquo;\u00e9pargne accumul\u00e9e pour honorer les factures de sant\u00e9 de janvier, hypoth\u00e9quant la consommation future des seniors.<\/p>\n<p><strong>Fracture territoriale et fragilisation de l&rsquo;entrepreneuriat<\/strong>&#13;\n<\/p>\n<p>Le Midwest et la Rust Belt sont particuli\u00e8rement vuln\u00e9rables. Contrairement aux salari\u00e9s des grands groupes technologiques de la c\u00f4te Est b\u00e9n\u00e9ficiant de tarifs de groupe, le tissu \u00e9conomique de ces r\u00e9gions repose sur des PME et des ind\u00e9pendants.<\/p>\n<p>L&rsquo;innovation industrielle pourrait marquer le pas, faute de filet de s\u00e9curit\u00e9 pour les entrepreneurs pr\u00eats \u00e0 prendre des risques.<\/p>\n<p><strong>Vers une crise de sant\u00e9 publique et un recul historique<\/strong>&#13;\n<\/p>\n<p>Les projections du centre de r\u00e9flexion <a href=\"https:\/\/www.kff.org\/topic\/affordable-care-act\/\" target=\"_blank\" rel=\"noopener\">KFF<\/a> sont alarmantes. Les \u00c9tats-Unis s&rsquo;appr\u00eatent \u00e0 vivre le plus grand recul de couverture sant\u00e9 de leur histoire. 10 millions de personnes perdent leur protection \u00e0 la suite de la loi budg\u00e9taire estivale, et 4 millions de plus devraient renoncer \u00e0 s&rsquo;assurer d&rsquo;ici \u00e0 dix ans.<\/p>\n<p>Ce renoncement aux soins entra\u00eene un report massif des diagnostics pour les pathologies lourdes (cancers, maladies cardiaques). \u00c0 terme, le co\u00fbt pour la collectivit\u00e9 sera d\u00e9multipli\u00e9 par la prise en charge en urgence de pathologies \u00e0 des stades avanc\u00e9s. Pour un pays dont l&rsquo;esp\u00e9rance de vie stagne d\u00e9j\u00e0, le co\u00fbt humain et social devient une variable d&rsquo;ajustement \u00e9conomique incertaine.<\/p>\n<p>Le pari r\u00e9publicain de transformer la sant\u00e9 en produit de luxe est risqu\u00e9. Sans une baisse des prix sous la pression directe de l&rsquo;ex\u00e9cutif, le m\u00e9contentement des \u00e9lecteurs du Midwest pourrait transformer les prochaines \u00e9lections de mi-mandat en un r\u00e9f\u00e9rendum contre la politique \u00e9conomique de Donald Trump.<\/p>\n","protected":false},"excerpt":{"rendered":"Ce 1er\u00a0janvier 2026 marque le grand d\u00e9crochage sanitaire aux \u00c9tats-Unis avec la fin de l\u2019Obamacare. Pour 20\u00a0millions de&hellip;\n","protected":false},"author":2,"featured_media":635961,"comment_status":"","ping_status":"","sticky":false,"template":"","format":"standard","meta":{"footnotes":""},"categories":[2],"tags":[40842,5734,11,11104,13031,33,73,5729,1011,27,74341,1147,12,25,71],"class_list":{"0":"post-635960","1":"post","2":"type-post","3":"status-publish","4":"format-standard","5":"has-post-thumbnail","7":"category-actualites","8":"tag-20-millions","9":"tag-5734","10":"tag-actualites","11":"tag-couverture","12":"tag-damericains","13":"tag-economie","14":"tag-etats-unis","15":"tag-fin","16":"tag-fr","17":"tag-france","18":"tag-lobamacare","19":"tag-menace","20":"tag-news","21":"tag-republique-francaise","22":"tag-sante"},"share_on_mastodon":{"url":"https:\/\/pubeurope.com\/@fr\/115825032838879153","error":""},"_links":{"self":[{"href":"https:\/\/www.europesays.com\/fr\/wp-json\/wp\/v2\/posts\/635960","targetHints":{"allow":["GET"]}}],"collection":[{"href":"https:\/\/www.europesays.com\/fr\/wp-json\/wp\/v2\/posts"}],"about":[{"href":"https:\/\/www.europesays.com\/fr\/wp-json\/wp\/v2\/types\/post"}],"author":[{"embeddable":true,"href":"https:\/\/www.europesays.com\/fr\/wp-json\/wp\/v2\/users\/2"}],"replies":[{"embeddable":true,"href":"https:\/\/www.europesays.com\/fr\/wp-json\/wp\/v2\/comments?post=635960"}],"version-history":[{"count":0,"href":"https:\/\/www.europesays.com\/fr\/wp-json\/wp\/v2\/posts\/635960\/revisions"}],"wp:featuredmedia":[{"embeddable":true,"href":"https:\/\/www.europesays.com\/fr\/wp-json\/wp\/v2\/media\/635961"}],"wp:attachment":[{"href":"https:\/\/www.europesays.com\/fr\/wp-json\/wp\/v2\/media?parent=635960"}],"wp:term":[{"taxonomy":"category","embeddable":true,"href":"https:\/\/www.europesays.com\/fr\/wp-json\/wp\/v2\/categories?post=635960"},{"taxonomy":"post_tag","embeddable":true,"href":"https:\/\/www.europesays.com\/fr\/wp-json\/wp\/v2\/tags?post=635960"}],"curies":[{"name":"wp","href":"https:\/\/api.w.org\/{rel}","templated":true}]}}