{"id":635964,"date":"2026-01-02T10:29:12","date_gmt":"2026-01-02T10:29:12","guid":{"rendered":"https:\/\/www.europesays.com\/fr\/635964\/"},"modified":"2026-01-02T10:29:12","modified_gmt":"2026-01-02T10:29:12","slug":"golf-planete-awards-2025-les-meilleures-progressions-de-lannee","status":"publish","type":"post","link":"https:\/\/www.europesays.com\/fr\/635964\/","title":{"rendered":"Golf Plan\u00e8te Awards 2025 : Les meilleures progressions de l&rsquo;ann\u00e9e"},"content":{"rendered":"<p>\t\t\t\t\t\t<img width=\"770\" height=\"556\" src=\"https:\/\/www.europesays.com\/fr\/wp-content\/uploads\/2026\/01\/2chatgpt-image-1-janv.-2026-18_30_55-e1767290032472-770x556.jpg\" class=\"img-responsive wp-post-image\" alt=\"\" decoding=\"async\" fetchpriority=\"high\"  \/>\t\t\t\t\t<\/p>\n<p>\t\t\t\t\t\t Partager cet article <\/p>\n<p class=\"screen-reader-text juiz_sps_maybe_hidden_text\">Partager la publication \u00ab\u00a0Golf Plan\u00e8te Awards 2025 : Les meilleures progressions de l\u2019ann\u00e9e\u00a0\u00bb<\/p>\n<p><strong>En ce d\u00e9but d\u2019ann\u00e9e 2026, l\u2019heure est venue de dresser le bilan de 2025 et de d\u00e9cerner les troph\u00e9es aux membres les plus exceptionnels de notre magnifique sport. Chaque jour de cette nouvelle ann\u00e9e, la r\u00e9daction de Golf Plan\u00e8te attribuera les titres, Dames et Messieurs, de : <a href=\"https:\/\/www.golfplanete.com\/actualites\/golf-planete-awards-le-meilleur-joueur-de-lannee-2025\/\" target=\"_blank\" rel=\"noopener\">meilleurs joueurs<\/a>, meilleure progression de l\u2019ann\u00e9e, meilleur rookie de l\u2019ann\u00e9e, le plus beau coup de l\u2019ann\u00e9e, et le plus gros flop.<\/strong><\/p>\n<p>Ce vendredi 2 janvier : Les MIP (Most Improved Player en anglais), ou les meilleures progressions de l\u2019ann\u00e9e.<\/p>\n<p>Les nomm\u00e9s sont : <strong>Tommy Fleetwood, Michael Brennan, JJ Spaun<\/strong> et <strong>Marco Penge<\/strong>.<strong\/><\/p>\n<p><img loading=\"lazy\" decoding=\"async\" class=\"size-full wp-image-194930 aligncenter\" src=\"data:image\/svg+xml,%3Csvg%20xmlns=\" http:=\"\" alt=\"\" width=\"840\" height=\"560\" data-lazy- data-lazy- data-lazy-src=\"https:\/\/www.europesays.com\/fr\/wp-content\/uploads\/2026\/01\/3chatgpt-image-1-janv.-2026-18_41_15.jpg\"\/><\/p>\n<p>&#13;<br \/>\nPour triompher d\u2019un homme <a href=\"https:\/\/www.golfplanete.com\/actualites\/u-s-open-10-choses-a-savoir-sur-j-j-spaun\/\" target=\"_blank\" rel=\"noopener\">vainqueur de son premier tournoi Majeur<\/a> (JJ Spaun), d\u2019un autre ayant remport\u00e9 enfin son premier tournoi sur le <strong>PGA Tour<\/strong> et <a href=\"https:\/\/www.golfplanete.com\/actualites\/tommy-fleetwood-est-il-le-meilleur-joueur-du-monde\/\" target=\"_blank\" rel=\"noopener\">atteint son meilleur classement mondial avec une 3e place<\/a> (Tommy Fleetwood) et un troisi\u00e8me <a href=\"https:\/\/www.golfplanete.com\/actualites\/lascension-fulgurante-de-michael-brennan-nouvelle-pepite-made-in-usa\/\" target=\"_blank\" rel=\"noopener\">d\u00e9barqu\u00e9 des tr\u00e9fonds du classement mondial<\/a> (Michael Brennan), Marco Penge a d\u00fb proposer un exercice 2025 rare au tr\u00e8s haut niveau.<\/p>\n<p>C\u2019est l\u2019histoire d\u2019une ascension que personne n\u2019attendait. 19 cuts manqu\u00e9s en 2024, et une carte sauv\u00e9e sur le tout dernier putt du dernier tournoi de l\u2019ann\u00e9e sur le <strong>DP World Tour.<\/strong> Une suspension pour une histoire de paris pour d\u00e9marrer l\u2019exercice 2025\u2026 et pourtant Marco Penge est entr\u00e9 dans une nouvelle dimension.<\/p>\n<p>Les quatre Majeurs en 2026<\/p>\n<p>8 top 10 en 2025 et surtout 3 titres sur le Tour europ\u00e9en, seul joueur dans ce cas de figure cette saison avec des succ\u00e8s en Chine, au Danemark et <a href=\"https:\/\/www.golfplanete.com\/actualites\/champion-despagne-marco-penge-entre-dans-la-troisieme-dimension\/\" target=\"_blank\" rel=\"noopener\">en Espagne<\/a> pour finalement gagner sa carte sur le<strong> PGA Tour<\/strong> la saison prochaine. Celui qui a gagn\u00e9 ses entr\u00e9es pour tous les tournois Majeurs l\u2019an prochain a aussi \u00e9t\u00e9 le seul \u00e0 disputer la <strong>Race to Dubai<\/strong> \u00e0 <strong>Rory McIlroy<\/strong> jusqu\u2019\u00e0 la finale.<\/p>\n<p>Il \u00e9tait au-del\u00e0 de la 400e place mondiale au 1er janvier 2025, mais son ascension fulgurante aliment\u00e9e par une frappe de balle hors du commun l\u2019ont aid\u00e9 \u00e0 se faire un nom au sommet du classement europ\u00e9en, deux ans seulement apr\u00e8s avoir triomph\u00e9 \u00e0 l\u2019\u00e9tage inf\u00e9rieur.\u00a0<\/p>\n<p>Meilleure progression, et clairement pas termin\u00e9e. Sa force de frappe devrait aussi faire malheur outre-Atlantique.<\/p>\n<p>Les nomm\u00e9es pour la meilleure progression chez les Dames : <strong>Lottie Woad, Grace Kim <\/strong>et <strong>Nastasia Nadaud<\/strong>.<\/p>\n<p><img loading=\"lazy\" decoding=\"async\" class=\"size-full wp-image-194932 aligncenter\" src=\"data:image\/svg+xml,%3Csvg%20xmlns=\" http:=\"\" alt=\"\" width=\"840\" height=\"560\" data-lazy- data-lazy- data-lazy-src=\"https:\/\/www.europesays.com\/fr\/wp-content\/uploads\/2026\/01\/1chatgpt-image-1-janv.-2026-18_47_17.jpg\"\/><\/p>\n<p>&#13;<br \/>\nLa trajectoire de Nastasia Nadaud s\u2019est consid\u00e9rablement acc\u00e9l\u00e9r\u00e9e en cette fin d\u2019ann\u00e9e 2025. La Savoyarde de 21 ans a en effet remport\u00e9 fin novembre la finale du <strong>Ladies European Tour<\/strong> avant de d\u00e9crocher son droit de jeu sur le <strong>LPGA Tour<\/strong> pour 2026 apr\u00e8s des qualifications rondement men\u00e9es dans la foul\u00e9e.<\/p>\n<p>\u00a0<\/p>\n<p>\u00a0<\/p>\n<p>Que de chemin parcouru par celle qui avait \u00e9bloui le public fran\u00e7ais en 2022 en prenant la t\u00eate du <strong>Lacoste Ladies Open de France<\/strong> apr\u00e8s le premier tour. A peu pr\u00e8s 200e mondiale avant la <strong>Lalla Meryem Cup<\/strong> qui lan\u00e7ait la saison du LET, la golfeuse d\u2019Aix-les-Bains pointe maintenant aux alentours de la 85e place mondiale\u2026 approximativement le classement que l\u2019Australienne <strong>Grace Kim<\/strong> (laur\u00e9ate de l\u2019<strong>Amundi<\/strong> <strong>Evian Championship<\/strong> et une autre belle progression cette saison) affichait en d\u00e9but d\u2019ann\u00e9e 2025. <\/p>\n<p>Un bel exemple \u00e0 suivre en 2026.<\/p>\n<p>\u00a0<\/p>\n<p>\u00a0<\/p>\n","protected":false},"excerpt":{"rendered":"Partager cet article Partager la publication \u00ab\u00a0Golf Plan\u00e8te Awards 2025 : Les meilleures progressions de l\u2019ann\u00e9e\u00a0\u00bb En ce&hellip;\n","protected":false},"author":2,"featured_media":635965,"comment_status":"","ping_status":"","sticky":false,"template":"","format":"standard","meta":{"footnotes":""},"categories":[1418],"tags":[1011,27,1472,60],"class_list":{"0":"post-635964","1":"post","2":"type-post","3":"status-publish","4":"format-standard","5":"has-post-thumbnail","7":"category-golf","8":"tag-fr","9":"tag-france","10":"tag-golf","11":"tag-sports"},"share_on_mastodon":{"url":"https:\/\/pubeurope.com\/@fr\/115825040638856780","error":""},"_links":{"self":[{"href":"https:\/\/www.europesays.com\/fr\/wp-json\/wp\/v2\/posts\/635964","targetHints":{"allow":["GET"]}}],"collection":[{"href":"https:\/\/www.europesays.com\/fr\/wp-json\/wp\/v2\/posts"}],"about":[{"href":"https:\/\/www.europesays.com\/fr\/wp-json\/wp\/v2\/types\/post"}],"author":[{"embeddable":true,"href":"https:\/\/www.europesays.com\/fr\/wp-json\/wp\/v2\/users\/2"}],"replies":[{"embeddable":true,"href":"https:\/\/www.europesays.com\/fr\/wp-json\/wp\/v2\/comments?post=635964"}],"version-history":[{"count":0,"href":"https:\/\/www.europesays.com\/fr\/wp-json\/wp\/v2\/posts\/635964\/revisions"}],"wp:featuredmedia":[{"embeddable":true,"href":"https:\/\/www.europesays.com\/fr\/wp-json\/wp\/v2\/media\/635965"}],"wp:attachment":[{"href":"https:\/\/www.europesays.com\/fr\/wp-json\/wp\/v2\/media?parent=635964"}],"wp:term":[{"taxonomy":"category","embeddable":true,"href":"https:\/\/www.europesays.com\/fr\/wp-json\/wp\/v2\/categories?post=635964"},{"taxonomy":"post_tag","embeddable":true,"href":"https:\/\/www.europesays.com\/fr\/wp-json\/wp\/v2\/tags?post=635964"}],"curies":[{"name":"wp","href":"https:\/\/api.w.org\/{rel}","templated":true}]}}