{"id":635967,"date":"2026-01-02T10:32:11","date_gmt":"2026-01-02T10:32:11","guid":{"rendered":"https:\/\/www.europesays.com\/fr\/635967\/"},"modified":"2026-01-02T10:32:11","modified_gmt":"2026-01-02T10:32:11","slug":"a-45-ans-venus-williams-va-devenir-la-joueuse-la-plus-agee-a-disputer-le-premier-grand-chelem-de-la-saison","status":"publish","type":"post","link":"https:\/\/www.europesays.com\/fr\/635967\/","title":{"rendered":"\u00e0 45 ans, Venus Williams va devenir la joueuse la plus \u00e2g\u00e9e \u00e0 disputer le premier Grand Chelem de la saison"},"content":{"rendered":"<p>\n    L\u2019Am\u00e9ricaine Venus Williams, sept fois laur\u00e9ate dans les Majeurs, a re\u00e7u vendredi une invitation pour l\u2019Open d\u2019Australie \u00e0 l\u2019\u00e2ge de 45 ans, devenant ainsi la femme la plus \u00e2g\u00e9e \u00e0 participer \u00e0 ce tournoi du Grand Chelem qui ouvre la saison.<\/p>\n<p class=\"fig-paragraph\"><a href=\"http:\/\/www.lefigaro.fr\/sports\/tennis\/tennis-venus-williams-remporte-un-match-a-45-ans-20250723\" data-fig-type=\"NewsFlash\" data-gtm-custom-categorie=\"navigation\" data-gtm-custom-action=\"crossclick\" data-gtm-custom-label=\"Contextuel\" data-gtm-event=\"customEventSPE\" data-fig-domain=\"LEFIGARO\" target=\"_blank\" rel=\"noopener\">L\u2019Am\u00e9ricaine<\/a>\u00a0figurera dans le tableau principal \u00e0 Melbourne pour la premi\u00e8re fois depuis 2021. \u00abJe suis ravie d&rsquo;\u00eatre de retour en Australie et j&rsquo;ai h\u00e2te de disputer le tournoi pendant l&rsquo;\u00e9t\u00e9 australien\u00bb, a d\u00e9clar\u00e9 Venus Williams. \u00abJ&rsquo;ai tellement de souvenirs incroyables l\u00e0-bas et je suis reconnaissante d&rsquo;avoir l&rsquo;opportunit\u00e9 de revenir dans un lieu qui a tant compt\u00e9 dans ma carri\u00e8re.\u00bb<\/p>\n<p class=\"fig-paragraph\">Finaliste en simple \u00e0 l&rsquo;Open d&rsquo;Australie en 2003 et 2017, l&rsquo;a\u00een\u00e9e des s\u0153urs Williams a remport\u00e9 cinq fois le tournoi de Wimbledon et deux fois l&rsquo;US Open. Elle deviendra la femme la plus \u00e2g\u00e9e \u00e0 participer \u00e0 l&rsquo;Open d&rsquo;Australie depuis la Japonaise Kimiko Date, qui avait 44 ans lorsqu&rsquo;elle a perdu au premier tour en 2015.<\/p>\n<p>                                            <a class=\"fig-a11y-skip\" href=\"#fig-a11y-skip-main-inarticle\" data-module=\"a11y-skip\" data-context=\"was @visible\"><br \/>\n    Passer la publicit\u00e9<br \/>\n<\/a>            <\/p>\n<p class=\"fig-paragraph\">Le tournoi d\u00e9butera le 18 janvier et durera jusqu&rsquo;au 1er f\u00e9vrier. En guise de pr\u00e9paration, la quadruple championne de l&rsquo;Open d&rsquo;Australie en double va disputer le tournoi d&rsquo;Auckland en Nouvelle-Z\u00e9lande, organis\u00e9 du 5 au 11 janvier. Absente du circuit pendant pr\u00e8s d&rsquo;un an et demi, elle avait fait son retour sur les courts en juillet\u00a0<a href=\"http:\/\/www.lefigaro.fr\/sports\/tennis\/us-open-venus-williams-defie-les-annees-20250902\" data-fig-type=\"NewsFlash\" data-gtm-custom-categorie=\"navigation\" data-gtm-custom-action=\"crossclick\" data-gtm-custom-label=\"Contextuel\" data-gtm-event=\"customEventSPE\" data-fig-domain=\"LEFIGARO\" target=\"_blank\" rel=\"noopener\">au tournoi de Washington<\/a>.<\/p>\n","protected":false},"excerpt":{"rendered":"L\u2019Am\u00e9ricaine Venus Williams, sept fois laur\u00e9ate dans les Majeurs, a re\u00e7u vendredi une invitation pour l\u2019Open d\u2019Australie \u00e0&hellip;\n","protected":false},"author":2,"featured_media":635968,"comment_status":"","ping_status":"","sticky":false,"template":"","format":"standard","meta":{"footnotes":""},"categories":[1415],"tags":[1011,27,4175,2201,60,1467,40758],"class_list":{"0":"post-635967","1":"post","2":"type-post","3":"status-publish","4":"format-standard","5":"has-post-thumbnail","7":"category-tennis","8":"tag-fr","9":"tag-france","10":"tag-open-daustralie","11":"tag-serena-williams","12":"tag-sports","13":"tag-tennis","14":"tag-venus-williams"},"share_on_mastodon":{"url":"https:\/\/pubeurope.com\/@fr\/115825052410399068","error":""},"_links":{"self":[{"href":"https:\/\/www.europesays.com\/fr\/wp-json\/wp\/v2\/posts\/635967","targetHints":{"allow":["GET"]}}],"collection":[{"href":"https:\/\/www.europesays.com\/fr\/wp-json\/wp\/v2\/posts"}],"about":[{"href":"https:\/\/www.europesays.com\/fr\/wp-json\/wp\/v2\/types\/post"}],"author":[{"embeddable":true,"href":"https:\/\/www.europesays.com\/fr\/wp-json\/wp\/v2\/users\/2"}],"replies":[{"embeddable":true,"href":"https:\/\/www.europesays.com\/fr\/wp-json\/wp\/v2\/comments?post=635967"}],"version-history":[{"count":0,"href":"https:\/\/www.europesays.com\/fr\/wp-json\/wp\/v2\/posts\/635967\/revisions"}],"wp:featuredmedia":[{"embeddable":true,"href":"https:\/\/www.europesays.com\/fr\/wp-json\/wp\/v2\/media\/635968"}],"wp:attachment":[{"href":"https:\/\/www.europesays.com\/fr\/wp-json\/wp\/v2\/media?parent=635967"}],"wp:term":[{"taxonomy":"category","embeddable":true,"href":"https:\/\/www.europesays.com\/fr\/wp-json\/wp\/v2\/categories?post=635967"},{"taxonomy":"post_tag","embeddable":true,"href":"https:\/\/www.europesays.com\/fr\/wp-json\/wp\/v2\/tags?post=635967"}],"curies":[{"name":"wp","href":"https:\/\/api.w.org\/{rel}","templated":true}]}}