{"id":635969,"date":"2026-01-02T10:36:20","date_gmt":"2026-01-02T10:36:20","guid":{"rendered":"https:\/\/www.europesays.com\/fr\/635969\/"},"modified":"2026-01-02T10:36:20","modified_gmt":"2026-01-02T10:36:20","slug":"marcilly-ogny-elle-effectue-un-voyage-de-19-000-km-a-velo-en-europe-pour-devenir-chevriere","status":"publish","type":"post","link":"https:\/\/www.europesays.com\/fr\/635969\/","title":{"rendered":"Marcilly-Ogny. Elle effectue un voyage de 19\u00a0000\u00a0km \u00e0 v\u00e9lo en Europe pour devenir chevri\u00e8re"},"content":{"rendered":"<p>C\u00e9cile Jouffrey a 33 ans. Dijonnaise d\u2019origine, elle s\u2019est install\u00e9e il y a quatre ans \u00e0 Marcilly-Ogny pour travailler dans les exploitations chevri\u00e8res du secteur. Un changement de vie complet pour cette jeune femme qui, auparavant, \u00e9tait employ\u00e9e dans un laboratoire de recherche en microbiologie.<\/p>\n<p>Elle raconte\u00a0: \u00ab\u00a0J\u2019avais fait des \u00e9tudes pour rassurer mes parents, mais en fait, je r\u00eavais de travailler dans une ferme depuis un stage de 3e que j\u2019avais fait dans le milieu agricole. Finalement, en 2019, j\u2019ai pass\u00e9 un BPREA (Brevet professionnel responsable d\u2019entreprise agricole) et j\u2019ai d\u00e9m\u00e9nag\u00e9 \u00e0 Marcilly o\u00f9 j\u2019ai trouv\u00e9 beaucoup d\u2019entraide et de bienveillance chez les producteurs locaux.\u00a0\u00a0\u00bb<\/p>\n<p>Mais C\u00e9cile Jouffrey a un but\u00a0: s\u2019installer \u00e0 son compte. Et pour cela, elle va entreprendre un incroyable voyage. Le 15\u00a0mars\u00a02024, accompagn\u00e9e de Lula, sa fid\u00e8le chienne border collie, elle&#8230;<\/p>\n","protected":false},"excerpt":{"rendered":"C\u00e9cile Jouffrey a 33 ans. Dijonnaise d\u2019origine, elle s\u2019est install\u00e9e il y a quatre ans \u00e0 Marcilly-Ogny pour&hellip;\n","protected":false},"author":2,"featured_media":635970,"comment_status":"","ping_status":"","sticky":false,"template":"","format":"standard","meta":{"footnotes":""},"categories":[1411],"tags":[327,1867,2931,1154,207,33,10975,107,1011,27,74342,31891,4604,273,104,60],"class_list":{"0":"post-635969","1":"post","2":"type-post","3":"status-publish","4":"format-standard","5":"has-post-thumbnail","7":"category-cyclisme","8":"tag-agriculture","9":"tag-animaux","10":"tag-cote-dor","11":"tag-cycling","12":"tag-cyclisme","13":"tag-economie","14":"tag-edition-beaune-et-sa-region","15":"tag-fil-info","16":"tag-fr","17":"tag-france","18":"tag-marcilly-ogny","19":"tag-pouilly-en-auxois-bassin","20":"tag-selection-abonne","21":"tag-selection-de-la-redaction","22":"tag-societe","23":"tag-sports"},"share_on_mastodon":{"url":"https:\/\/pubeurope.com\/@fr\/115825068214704302","error":""},"_links":{"self":[{"href":"https:\/\/www.europesays.com\/fr\/wp-json\/wp\/v2\/posts\/635969","targetHints":{"allow":["GET"]}}],"collection":[{"href":"https:\/\/www.europesays.com\/fr\/wp-json\/wp\/v2\/posts"}],"about":[{"href":"https:\/\/www.europesays.com\/fr\/wp-json\/wp\/v2\/types\/post"}],"author":[{"embeddable":true,"href":"https:\/\/www.europesays.com\/fr\/wp-json\/wp\/v2\/users\/2"}],"replies":[{"embeddable":true,"href":"https:\/\/www.europesays.com\/fr\/wp-json\/wp\/v2\/comments?post=635969"}],"version-history":[{"count":0,"href":"https:\/\/www.europesays.com\/fr\/wp-json\/wp\/v2\/posts\/635969\/revisions"}],"wp:featuredmedia":[{"embeddable":true,"href":"https:\/\/www.europesays.com\/fr\/wp-json\/wp\/v2\/media\/635970"}],"wp:attachment":[{"href":"https:\/\/www.europesays.com\/fr\/wp-json\/wp\/v2\/media?parent=635969"}],"wp:term":[{"taxonomy":"category","embeddable":true,"href":"https:\/\/www.europesays.com\/fr\/wp-json\/wp\/v2\/categories?post=635969"},{"taxonomy":"post_tag","embeddable":true,"href":"https:\/\/www.europesays.com\/fr\/wp-json\/wp\/v2\/tags?post=635969"}],"curies":[{"name":"wp","href":"https:\/\/api.w.org\/{rel}","templated":true}]}}