{"id":635974,"date":"2026-01-02T10:39:10","date_gmt":"2026-01-02T10:39:10","guid":{"rendered":"https:\/\/www.europesays.com\/fr\/635974\/"},"modified":"2026-01-02T10:39:10","modified_gmt":"2026-01-02T10:39:10","slug":"cette-couleur-quon-a-tous-adoree-est-devenue-la-plus-detestee","status":"publish","type":"post","link":"https:\/\/www.europesays.com\/fr\/635974\/","title":{"rendered":"Cette couleur qu\u2019on a tous ador\u00e9e est devenue la plus d\u00e9test\u00e9e"},"content":{"rendered":"<p>Pendant des ann\u00e9es, cette couleur \u00e9tait partout dans nos<br \/>\nint\u00e9rieurs, symbolisant la modernit\u00e9 et le minimalisme. Mais<br \/>\naujourd\u00a0\u00bbhui, selon un article du Journal des Femmes,<br \/>\npresque plus personne n&rsquo;en veut dans sa maison.<\/p>\n<p>Une couleur tr\u00e8s \u00e0 la mode dans les ann\u00e9es 2010<\/p>\n<p>C&rsquo;est <strong>au milieu des ann\u00e9es 2010<\/strong> que cette<br \/>\ncouleur s&rsquo;est impos\u00e9e. Dans les maisons anciennes, <a href=\"https:\/\/www.lejournaldelamaison.fr\/maison\/couleur-2026-ces-4-teintes-que-les-decorateurs-adoptent-deja-et-qui-ringardisent-le-gris-chez-vous-531006.html\" target=\"_blank\" rel=\"noopener\"><br \/>\nle \u00ab\u00a0gris millennial\u00a0\u00bb<\/a> cr\u00e9ait un joli contraste avec les tons<br \/>\njaunes et les boiseries vernies. Elle est devenue un choix s\u00fbr pour<br \/>\nles jeunes propri\u00e9taires. Sobre et parfaite pour une d\u00e9coration<br \/>\nminimaliste, cette teinte <strong>repr\u00e9sentait \u00e0 merveille la<br \/>\nmodernit\u00e9<\/strong>.<\/p>\n<p>Beaucoup utilisaient ce gris <a href=\"https:\/\/www.lejournaldelamaison.fr\/renovation-3\/si-votre-appartement-de-80-m2-est-sombre-cet-avant-apres-de-cuisine-ouverte-revele-3-choix-a-copier-avant-travaux-531590.html\" target=\"_blank\" rel=\"noopener\"><br \/>\n<strong>pour ouvrir les espaces<\/strong><\/a> et cr\u00e9er des<br \/>\nint\u00e9rieurs harmonieux sans trop d&rsquo;efforts. \u00ab\u00a0Sa popularit\u00e9 \u00e9tait<br \/>\nen r\u00e9alit\u00e9 une r\u00e9action \u00e0 ce qui l&rsquo;avait pr\u00e9c\u00e9d\u00e9 : des d\u00e9cennies de<br \/>\njaunes d&rsquo;inspiration toscane et de beiges prononc\u00e9s <strong>qui<br \/>\ndominaient les maisons des baby-boomers<\/strong>\u00ab\u00a0, explique<br \/>\nAlice Moszczynski, d\u00e9coratrice d\u2019int\u00e9rieur.<\/p>\n<p>Elle est d\u00e9sormais la couleur la plus d\u00e9test\u00e9e<\/p>\n<p><strong>\u00c0 force de la voir partout<\/strong>, de nombreuses<br \/>\npersonnes ont fini par <a href=\"https:\/\/www.lejournaldelamaison.fr\/le-journal-de-la-maison\/nouveautes\/tendances\/couleur-plus-detestee-deco-pas-noir-521484.html\" target=\"_blank\" rel=\"noopener\"><br \/>\nd\u00e9tester cette couleur<\/a>, la trouvant trop froide, trop monotone.<br \/>\nOn la retrouvait partout : sur les murs, les sols, les meubles.<br \/>\nL&rsquo;impression d&rsquo;int\u00e9rieurs uniformes et impersonnels se fait de plus<br \/>\nen plus pr\u00e9sente et les propri\u00e9taires cherchent d\u00e9sormais \u00e0 cr\u00e9er<br \/>\ndes espaces <strong>refl\u00e9tant davantage leur<br \/>\npersonnalit\u00e9<\/strong>.<\/p>\n<p><strong>Les teintes profondes et naturelles<\/strong>, comme<br \/>\n<a href=\"https:\/\/www.lejournaldelamaison.fr\/maison\/la-couleur-tendance-2026-qui-transforme-votre-cuisine-decouvrez-limpact-du-vert-sauge-et-autres-teintes-sur-votre-espace-et-votre-appetit-527719.html\" target=\"_blank\" rel=\"noopener\"><br \/>\nle vert sauge<\/a>, le vert olive, les bruns, les rouges briques,<br \/>\nplaisent \u00e9norm\u00e9ment. De plus en plus de personnes osent jouer avec<br \/>\nles contrastes et les nuances pour obtenir des ambiances plus<br \/>\norganiques et accueillantes. Le \u00ab\u00a0gris millennial\u00a0\u00bb <strong>semble<br \/>\nd\u00e9sormais compl\u00e8tement d\u00e9pass\u00e9<\/strong>.<\/p>\n<blockquote class=\"instagram-media\" style=\"background: #ffffff;border: 0;margin: 1px;width: 100%;padding: 0;max-width: 500px;\" data-instgrm-permalink=\"https:\/\/www.instagram.com\/reels\/DOINe0SiKPG\/\" data-instgrm-version=\"14\"\/><p>\nComment l\u2019adopter sans se tromper<br \/>\n?<\/p>\n<p>Cependant, il n&rsquo;est pas n\u00e9cessaire de bannir enti\u00e8rement le gris<br \/>\nde votre int\u00e9rieur. Des designers conseillent <strong>des<br \/>\nalternatives un peu plus douces<\/strong>, comme les blancs cass\u00e9s,<br \/>\nplus chaleureux que le gris froid. De m\u00eame, le gr\u00e8ge, un m\u00e9lange de<br \/>\ngris <a href=\"https:\/\/www.lejournaldelamaison.fr\/maison\/votre-salon-est-encore-tout-beige-voici-les-14-tendances-deco-qui-vont-bousculer-nos-interieurs-en-2026-et-comment-les-adopter-chez-vous-528821.html\" target=\"_blank\" rel=\"noopener\"><br \/>\net de beige<\/a>, offre un bon compromis m\u00ealant <strong>\u00e9l\u00e9gance et<br \/>\nmodernit\u00e9<\/strong>.<\/p>\n<p data-start=\"2284\" data-end=\"2646\">D&rsquo;autres assurent qu&rsquo;il est<br \/>\npossible de l&rsquo;utiliser, \u00e0 condition de <strong>le faire avec<br \/>\nparcimonie<\/strong>. Vous pourriez, par exemple, ajouter des<br \/>\naccessoires ou des murs secondaires dans cette teinte, en les<br \/>\nassociant \u00e0 <a href=\"https:\/\/www.lejournaldelamaison.fr\/le-journal-de-la-maison\/ce-que-revelent-les-materiaux-naturels-sur-la-decoration-interieure-chaleur-espace-et-astuces-pour-transformer-votre-chambre-527334.html\" target=\"_blank\" rel=\"noopener\"><br \/>\ndes mat\u00e9riaux naturels<\/a>, comme le marbre ou le bois. Ainsi,<br \/>\n<strong>votre d\u00e9coration sera plus \u00e9quilibr\u00e9e<\/strong>, moins<br \/>\nuniforme. Une chose est s\u00fbre : les int\u00e9rieurs enti\u00e8rement gris ne<br \/>\nsont clairement pas \u00e0 la mode et devraient peu \u00e0 peu laisser la<br \/>\nplace \u00e0 des styles plus color\u00e9s, plus vivants.<\/p>\n<p><script async src=\"\/\/www.instagram.com\/embed.js\"><\/script><\/p>\n","protected":false},"excerpt":{"rendered":"Pendant des ann\u00e9es, cette couleur \u00e9tait partout dans nos int\u00e9rieurs, symbolisant la modernit\u00e9 et le minimalisme. Mais aujourd\u00a0\u00bbhui,&hellip;\n","protected":false},"author":2,"featured_media":635975,"comment_status":"","ping_status":"","sticky":false,"template":"","format":"standard","meta":{"footnotes":""},"categories":[1358],"tags":[13041,74343,1348,1384,1385,74345,3477,27576,1446,1805,1386,74344,42980,58,59,932,8290,1011,27,3707,68340,4743,20644,852,378,22,3387],"class_list":{"0":"post-635974","1":"post","2":"type-post","3":"status-publish","4":"format-standard","5":"has-post-thumbnail","7":"category-arts-et-design","8":"tag-a","9":"tag-adoree","10":"tag-arts","11":"tag-arts-and-design","12":"tag-arts-et-design","13":"tag-bannir","14":"tag-cette","15":"tag-couleur","16":"tag-dans","17":"tag-de","18":"tag-design","19":"tag-detestee","20":"tag-devenue","21":"tag-divertissement","22":"tag-entertainment","23":"tag-est","24":"tag-faut","25":"tag-fr","26":"tag-france","27":"tag-il","28":"tag-interieurs","29":"tag-la","30":"tag-lannee","31":"tag-nos","32":"tag-plus","33":"tag-quon","34":"tag-tous"},"share_on_mastodon":{"url":"https:\/\/pubeurope.com\/@fr\/115825079923038097","error":""},"_links":{"self":[{"href":"https:\/\/www.europesays.com\/fr\/wp-json\/wp\/v2\/posts\/635974","targetHints":{"allow":["GET"]}}],"collection":[{"href":"https:\/\/www.europesays.com\/fr\/wp-json\/wp\/v2\/posts"}],"about":[{"href":"https:\/\/www.europesays.com\/fr\/wp-json\/wp\/v2\/types\/post"}],"author":[{"embeddable":true,"href":"https:\/\/www.europesays.com\/fr\/wp-json\/wp\/v2\/users\/2"}],"replies":[{"embeddable":true,"href":"https:\/\/www.europesays.com\/fr\/wp-json\/wp\/v2\/comments?post=635974"}],"version-history":[{"count":0,"href":"https:\/\/www.europesays.com\/fr\/wp-json\/wp\/v2\/posts\/635974\/revisions"}],"wp:featuredmedia":[{"embeddable":true,"href":"https:\/\/www.europesays.com\/fr\/wp-json\/wp\/v2\/media\/635975"}],"wp:attachment":[{"href":"https:\/\/www.europesays.com\/fr\/wp-json\/wp\/v2\/media?parent=635974"}],"wp:term":[{"taxonomy":"category","embeddable":true,"href":"https:\/\/www.europesays.com\/fr\/wp-json\/wp\/v2\/categories?post=635974"},{"taxonomy":"post_tag","embeddable":true,"href":"https:\/\/www.europesays.com\/fr\/wp-json\/wp\/v2\/tags?post=635974"}],"curies":[{"name":"wp","href":"https:\/\/api.w.org\/{rel}","templated":true}]}}