{"id":635986,"date":"2026-01-02T10:46:10","date_gmt":"2026-01-02T10:46:10","guid":{"rendered":"https:\/\/www.europesays.com\/fr\/635986\/"},"modified":"2026-01-02T10:46:10","modified_gmt":"2026-01-02T10:46:10","slug":"son-corps-a-ete-retrouve-dans-un-hotel-la-fille-de-lacteur-tommy-lee-jones-est-mysterieusement-decedee-durant-la-nuit-du-nouvel-an","status":"publish","type":"post","link":"https:\/\/www.europesays.com\/fr\/635986\/","title":{"rendered":"Son corps a \u00e9t\u00e9 retrouv\u00e9 dans un h\u00f4tel\u00a0: la fille de l\u2019acteur Tommy Lee Jones est myst\u00e9rieusement d\u00e9c\u00e9d\u00e9e durant la nuit du Nouvel An"},"content":{"rendered":"<p>\n                                                                La d\u00e9pouille de la victime a \u00e9t\u00e9 d\u00e9couverte ce jeudi 1er\u00a0janvier 2026 dans un h\u00f4tel de luxe de San Francisco (Californie).\n                            <\/p>\n<p>Les pompiers de Californie sont intervenus dans un h\u00f4tel de luxe, \u00e0 San Francisco, apr\u00e8s un signalement qui a eu lieu durant la nuit du Nouvel An, aux alentours de 2\u00a0h\u00a050 du matin.<\/p>\n<p>Celui-ci concernait Victoria, 34 ans, la fille de l\u2019acteur\u00a0Tommy Lee Jones &#8211; notamment connu pour son r\u00f4le dans la franchise Men in Black aupr\u00e8s de Will Smith &#8211; qui a \u00e9t\u00e9 retrouv\u00e9e inamim\u00e9e.<\/p>\n<p>Mais voil\u00e0, une fois sur place, les secours ne pas parvenus \u00e0 la sauver. Elle a finalement \u00e9t\u00e9 d\u00e9clar\u00e9e morte.<\/p>\n<p>Selon les informations de <a href=\"https:\/\/www.tmz.com\/2026\/01\/01\/tommy-lee-jones-daughter-victoria-dead\/?adid=braze-browser-notification\" target=\"_self\" rel=\"noopener\">TMZ<\/a>, un m\u00e9decin l\u00e9giste s\u2019est aussi d\u00e9plac\u00e9, tout comme les forces de l\u2019ordre qui sont arriv\u00e9es quelques minutes plus tard. Pour l\u2019heure, les causes exactes du d\u00e9c\u00e8s sont encore inconnues.<\/p>\n<p>Dans les traces de son p\u00e8re<\/p>\n<p>Toujours d\u2019apr\u00e8s nos confr\u00e8res, Victoria avait suivi les traces de son p\u00e8re apr\u00e8s avoir commenc\u00e9 sa carri\u00e8re comme actrice dans Men in Black II, en 2002. Elle \u00e9tait \u00e9galement apparue dans\u00a0One Tree Hill l\u2019ann\u00e9e suivante ou encore dans\u00a0Les Trois Enterrements de Melquiades Estrada, en 2005.<\/p>\n","protected":false},"excerpt":{"rendered":"La d\u00e9pouille de la victime a \u00e9t\u00e9 d\u00e9couverte ce jeudi 1er\u00a0janvier 2026 dans un h\u00f4tel de luxe de&hellip;\n","protected":false},"author":2,"featured_media":635987,"comment_status":"","ping_status":"","sticky":false,"template":"","format":"standard","meta":{"footnotes":""},"categories":[8],"tags":[58,59,1011,27,973],"class_list":{"0":"post-635986","1":"post","2":"type-post","3":"status-publish","4":"format-standard","5":"has-post-thumbnail","7":"category-divertissement","8":"tag-divertissement","9":"tag-entertainment","10":"tag-fr","11":"tag-france","12":"tag-people"},"share_on_mastodon":{"url":"https:\/\/pubeurope.com\/@fr\/115825107686714554","error":""},"_links":{"self":[{"href":"https:\/\/www.europesays.com\/fr\/wp-json\/wp\/v2\/posts\/635986","targetHints":{"allow":["GET"]}}],"collection":[{"href":"https:\/\/www.europesays.com\/fr\/wp-json\/wp\/v2\/posts"}],"about":[{"href":"https:\/\/www.europesays.com\/fr\/wp-json\/wp\/v2\/types\/post"}],"author":[{"embeddable":true,"href":"https:\/\/www.europesays.com\/fr\/wp-json\/wp\/v2\/users\/2"}],"replies":[{"embeddable":true,"href":"https:\/\/www.europesays.com\/fr\/wp-json\/wp\/v2\/comments?post=635986"}],"version-history":[{"count":0,"href":"https:\/\/www.europesays.com\/fr\/wp-json\/wp\/v2\/posts\/635986\/revisions"}],"wp:featuredmedia":[{"embeddable":true,"href":"https:\/\/www.europesays.com\/fr\/wp-json\/wp\/v2\/media\/635987"}],"wp:attachment":[{"href":"https:\/\/www.europesays.com\/fr\/wp-json\/wp\/v2\/media?parent=635986"}],"wp:term":[{"taxonomy":"category","embeddable":true,"href":"https:\/\/www.europesays.com\/fr\/wp-json\/wp\/v2\/categories?post=635986"},{"taxonomy":"post_tag","embeddable":true,"href":"https:\/\/www.europesays.com\/fr\/wp-json\/wp\/v2\/tags?post=635986"}],"curies":[{"name":"wp","href":"https:\/\/api.w.org\/{rel}","templated":true}]}}