{"id":635998,"date":"2026-01-02T10:52:12","date_gmt":"2026-01-02T10:52:12","guid":{"rendered":"https:\/\/www.europesays.com\/fr\/635998\/"},"modified":"2026-01-02T10:52:12","modified_gmt":"2026-01-02T10:52:12","slug":"deux-blesses-le-trafic-interrompu","status":"publish","type":"post","link":"https:\/\/www.europesays.com\/fr\/635998\/","title":{"rendered":"deux bless\u00e9s, le trafic interrompu"},"content":{"rendered":"<p>Matin\u00e9e agit\u00e9e sur les chemins de fer de la Loire. Ce vendredi 2 janvier, plusieurs incidents ont eu lieu sur les lignes SNCF.<\/p>\n<p>Le premier s&rsquo;est d\u00e9roul\u00e9 \u00e0 Balbigny, dans le Roannais. Le second au Chambon-Feugerolles, dans l&rsquo;Ondaine.<\/p>\n<p>  Un choc entre une voiture et un train<\/p>\n<p>Ce vendredi 2 janvier, vers 10\u00a0h 30, un train du r\u00e9seau SNCF a percut\u00e9 un v\u00e9hicule de type Renault Scenic \u00e0 hauteur du passage \u00e0 niveau de la rue Remi-Mo\u00efse au Chambon-Feugerolles.<\/p>\n<p>D\u2019apr\u00e8s nos informations recueillies sur place, les deux occupants de la voiture, originaires de Saint-\u00c9tienne, le conducteur, un homme de 80 ans, et sa passag\u00e8re, une femme de 48 ans, ont \u00e9t\u00e9 l\u00e9g\u00e8rement bless\u00e9s. Ils ont \u00e9t\u00e9 transport\u00e9s vers une clinique priv\u00e9e \u00e0 Saint-\u00c9tienne par les sapeurs-pompiers du centre d\u2019incendie et de secours du Chambon-Feugerolles.\u00a0<\/p>\n<p>Les soixante passagers et deux agents de la SNCF se trouvant \u00e0 bord du train, qui a r\u00e9ussi \u00e0 s&rsquo;arr\u00eater \u00e0 environ 500 m\u00e8tres de l\u2019impact, sont indemnes. Les soldats du feu vont \u00eatre mobilis\u00e9s pour \u00e9vacuer tous les occupants vers un car \u00e0 la gare de La Ricamarie.<\/p>\n<p>Les circonstances de la collision restent d\u00e9licates \u00e0 \u00e9tablir pour l&rsquo;heure mais la chauss\u00e9e est rendue glissante par les conditions m\u00e9t\u00e9orologiques et la temp\u00e9rature extr\u00eamement basse. L&rsquo;enqu\u00eate a \u00e9t\u00e9 confi\u00e9e aux policiers de la circonscription de l\u2019Ondaine.<\/p>\n<p>\u00a0L&rsquo;heure de reprise du trafic est estim\u00e9e \u00e0 13 heures.<\/p>\n<p>  Un incident \u00e0 Balbigny<\/p>\n<p>Toujours ce vendredi 2 janvier, l&rsquo;annonce est tomb\u00e9e \u00e0 8\u00a0h\u00a051 sur le compte X de la SNCF d&rsquo;Auvergne-Rh\u00f4ne-Alpes. \u00ab\u00a0Le trafic est actuellement interrompu entre Saint-\u00c9tienne et Roanne, un incident de circulation s&rsquo;est produit pr\u00e8s de Balbigny.\u00a0\u00bb<\/p>\n<p>Le tweet indiquait \u00e9galement que des \u00e9quipes sp\u00e9cialis\u00e9es sont sur place et que la circulation des trains devait reprendre \u00e0 9\u00a0h\u00a050.\u00a0<\/p>\n<p>Aucune information suppl\u00e9mentaire n&rsquo;a \u00e9t\u00e9 donn\u00e9e par l&rsquo;entreprise.\u00a0<\/p>\n","protected":false},"excerpt":{"rendered":"Matin\u00e9e agit\u00e9e sur les chemins de fer de la Loire. Ce vendredi 2 janvier, plusieurs incidents ont eu&hellip;\n","protected":false},"author":2,"featured_media":635999,"comment_status":"","ping_status":"","sticky":false,"template":"","format":"standard","meta":{"footnotes":""},"categories":[9653],"tags":[119,1111,11,2430,36772,3542,16734,7539,1777,674,274,107,1011,27,3367,12,25,4001,2803],"class_list":{"0":"post-635998","1":"post","2":"type-post","3":"status-publish","4":"format-standard","5":"has-post-thumbnail","7":"category-saint-etienne","8":"tag-accident","9":"tag-actu","10":"tag-actualites","11":"tag-auvergne-rhone-alpes","12":"tag-balbigny","13":"tag-circulation","14":"tag-edition-loire-nord","15":"tag-edition-loire-sud","16":"tag-eu","17":"tag-europe","18":"tag-faits-divers-justice","19":"tag-fil-info","20":"tag-fr","21":"tag-france","22":"tag-loire","23":"tag-news","24":"tag-republique-francaise","25":"tag-saint-etienne","26":"tag-transport"},"share_on_mastodon":{"url":"https:\/\/pubeurope.com\/@fr\/115825131238180153","error":""},"_links":{"self":[{"href":"https:\/\/www.europesays.com\/fr\/wp-json\/wp\/v2\/posts\/635998","targetHints":{"allow":["GET"]}}],"collection":[{"href":"https:\/\/www.europesays.com\/fr\/wp-json\/wp\/v2\/posts"}],"about":[{"href":"https:\/\/www.europesays.com\/fr\/wp-json\/wp\/v2\/types\/post"}],"author":[{"embeddable":true,"href":"https:\/\/www.europesays.com\/fr\/wp-json\/wp\/v2\/users\/2"}],"replies":[{"embeddable":true,"href":"https:\/\/www.europesays.com\/fr\/wp-json\/wp\/v2\/comments?post=635998"}],"version-history":[{"count":0,"href":"https:\/\/www.europesays.com\/fr\/wp-json\/wp\/v2\/posts\/635998\/revisions"}],"wp:featuredmedia":[{"embeddable":true,"href":"https:\/\/www.europesays.com\/fr\/wp-json\/wp\/v2\/media\/635999"}],"wp:attachment":[{"href":"https:\/\/www.europesays.com\/fr\/wp-json\/wp\/v2\/media?parent=635998"}],"wp:term":[{"taxonomy":"category","embeddable":true,"href":"https:\/\/www.europesays.com\/fr\/wp-json\/wp\/v2\/categories?post=635998"},{"taxonomy":"post_tag","embeddable":true,"href":"https:\/\/www.europesays.com\/fr\/wp-json\/wp\/v2\/tags?post=635998"}],"curies":[{"name":"wp","href":"https:\/\/api.w.org\/{rel}","templated":true}]}}