{"id":636001,"date":"2026-01-02T10:55:16","date_gmt":"2026-01-02T10:55:16","guid":{"rendered":"https:\/\/www.europesays.com\/fr\/636001\/"},"modified":"2026-01-02T10:55:16","modified_gmt":"2026-01-02T10:55:16","slug":"une-soiree-deux-spectacles-spectacle-humour-a-nancy","status":"publish","type":"post","link":"https:\/\/www.europesays.com\/fr\/636001\/","title":{"rendered":"Une soiree deux spectacles : Spectacle Humour a Nancy"},"content":{"rendered":"<p>\t\t\t\t\t\t\t\t\t<a href=\"https:\/\/www.estrepublicain.fr\/pour-sortir\/loisirs\/Spectacle-theatre-conte\/Humour\/Lorraine\/Meurthe-et-moselle\/Nancy\/2026\/01\/17\/javascript:history.back();\" rel=\"nofollow noopener\" class=\"backToSearch\" target=\"_blank\">Retour \u00e0 la recherche<\/a><\/p>\n<p class=\"media-desc\" itemprop=\"description\">&#13;<br \/>\n\t\t\t\t\t20 h : \u00ab\u00a0Vous me co\u00fbtez moins cher qu\u2019un psy\u00a0\u00bb de et par Cara Zina qui va vous conter ses m\u00e9saventures avec les hommes, les chiens, les enfants et leurs parents. 21 h 15 : \u00ab\u00a0That\u2019s all Folks\u00a0\u00bb de et par Bruno Ramirez, \u00ab\u00a0une bande de cingl\u00e9s\u00a0\u00bb \u00e0 lui tout seul.&#13;<br \/>\n\t\t\t\t\t\t\t\t\t\t\t&#13;<br \/>\n\t\t\t\t\t\t\t\t\t\t\u00ab\u00a0Vous me co\u00fbtez moins cher qu\u2019un psy\u00a0\u00bb : antisexiste antiraciste, antisp\u00e9ciste, antivalidiste, on en passe et des meilleures. Cara Zina est toujours f\u00e2ch\u00e9e jamais m\u00e9chante, venez l\u2019\u00e9couter raconter sa vie, vous aurez le sentiment que la v\u00f4tre est idyllique.<br \/>\n\u00ab\u00a0That\u2019s all Folks\u00a0\u00bb : tour \u00e0 tour humoriste cajun, chanteur de vari\u00e9t\u00e9 dans son grand retour ou serial killer qui milite pour des meilleures conditions de travail, Bruno Ramirez nous entra\u00eene dans son univers de folie douce, d\u00e9lirant et tonique, au travers de personnages excentriques et attachants. Un moment d\u2019humour farfelu au ton iconoclaste et jubilatoire.&#13;\n\t\t\t\t  <\/p>\n","protected":false},"excerpt":{"rendered":"Retour \u00e0 la recherche &#13; 20 h : \u00ab\u00a0Vous me co\u00fbtez moins cher qu\u2019un psy\u00a0\u00bb de et par&hellip;\n","protected":false},"author":2,"featured_media":636002,"comment_status":"","ping_status":"","sticky":false,"template":"","format":"standard","meta":{"footnotes":""},"categories":[9635],"tags":[1111,11,1777,674,1011,27,775,1702,12,25],"class_list":{"0":"post-636001","1":"post","2":"type-post","3":"status-publish","4":"format-standard","5":"has-post-thumbnail","7":"category-nancy","8":"tag-actu","9":"tag-actualites","10":"tag-eu","11":"tag-europe","12":"tag-fr","13":"tag-france","14":"tag-grand-est","15":"tag-nancy","16":"tag-news","17":"tag-republique-francaise"},"share_on_mastodon":{"url":"https:\/\/pubeurope.com\/@fr\/115825142930676703","error":""},"_links":{"self":[{"href":"https:\/\/www.europesays.com\/fr\/wp-json\/wp\/v2\/posts\/636001","targetHints":{"allow":["GET"]}}],"collection":[{"href":"https:\/\/www.europesays.com\/fr\/wp-json\/wp\/v2\/posts"}],"about":[{"href":"https:\/\/www.europesays.com\/fr\/wp-json\/wp\/v2\/types\/post"}],"author":[{"embeddable":true,"href":"https:\/\/www.europesays.com\/fr\/wp-json\/wp\/v2\/users\/2"}],"replies":[{"embeddable":true,"href":"https:\/\/www.europesays.com\/fr\/wp-json\/wp\/v2\/comments?post=636001"}],"version-history":[{"count":0,"href":"https:\/\/www.europesays.com\/fr\/wp-json\/wp\/v2\/posts\/636001\/revisions"}],"wp:featuredmedia":[{"embeddable":true,"href":"https:\/\/www.europesays.com\/fr\/wp-json\/wp\/v2\/media\/636002"}],"wp:attachment":[{"href":"https:\/\/www.europesays.com\/fr\/wp-json\/wp\/v2\/media?parent=636001"}],"wp:term":[{"taxonomy":"category","embeddable":true,"href":"https:\/\/www.europesays.com\/fr\/wp-json\/wp\/v2\/categories?post=636001"},{"taxonomy":"post_tag","embeddable":true,"href":"https:\/\/www.europesays.com\/fr\/wp-json\/wp\/v2\/tags?post=636001"}],"curies":[{"name":"wp","href":"https:\/\/api.w.org\/{rel}","templated":true}]}}