{"id":636021,"date":"2026-01-02T11:09:10","date_gmt":"2026-01-02T11:09:10","guid":{"rendered":"https:\/\/www.europesays.com\/fr\/636021\/"},"modified":"2026-01-02T11:09:10","modified_gmt":"2026-01-02T11:09:10","slug":"kevin-diaz-pas-surpris-par-un-possible-depart-de-rosenior-vers-chelsea-en-milieu-de-saison","status":"publish","type":"post","link":"https:\/\/www.europesays.com\/fr\/636021\/","title":{"rendered":"Kevin Diaz pas surpris par un possible d\u00e9part de Rosenior vers Chelsea en milieu de saison"},"content":{"rendered":"<p>Kevin Diaz a r\u00e9agi jeudi aux rumeurs d\u2019un d\u00e9part de Liam Rosenior vers Chelsea. Le consultant RMC Sport n\u2019est pas surpris de voir Strasbourg servir de p\u00e9pini\u00e8re \u00e0 la maison-m\u00e8re de BlueCo dans son sch\u00e9ma de multipropri\u00e9t\u00e9.<\/p>\n<p>Enzo Maresca \u00e9vinc\u00e9, Chelsea pourrait chiper <a href=\"https:\/\/rmcsport.bfmtv.com\/football\/transferts\/mercato-chelsea-officialise-l-eviction-de-maresca-rosenior-en-pole-pour-lui-succeder-selon-la-presse-anglaise_AV-202601010324.html\" title=\"Mercato: Chelsea officialise l&#039;\u00e9viction de Maresca, Rosenior en pole pour lui succ\u00e9der selon la presse anglaise\" class=\"internal_link\" target=\"_blank\" rel=\"noopener\">Liam Rosenior<\/a> \u00e0 Strasbourg. Pr\u00e9sent\u00e9 comme le favori pour entra\u00eener les Blues, le technicien anglais reste sous contrat en Alsace. Mais fort de la relation entre les deux clubs au sein de la galaxie BlueCo, un d\u00e9part vers la Premier League en cours de saison n\u2019a clairement rien d\u2019impossible alors que <a href=\"https:\/\/rmcsport.bfmtv.com\/football\/transferts\/starsbourg-un-entraineur-de-mls-pour-remplacer-rosenior-en-cas-de-depart-a-chelsea_AV-202601020235.html\" title=\"Strasbourg: un entra\u00eeneur de MLS pour remplacer Rosenior en cas de d\u00e9part \u00e0 Chelsea ?\" class=\"internal_link\" target=\"_blank\" rel=\"noopener\">plusieurs noms<\/a> apparaissent pour prendre la suite en L1.<\/p>\n<p>Si Julien Laurens a confirm\u00e9 l\u2019existence d\u2019une clause permettant \u00e0 l\u2019Anglais de quitter Strasbourg lors de son passage ce jeudi dans l\u2019\u00e9mission l\u2019After Foot sur RMC, rien n\u2019est act\u00e9 pour le moment. Kevin Diaz, lui, comprendrait si l\u2019entra\u00eeneur d\u00e9cidait de franchir le pas en quittant la Ligue 1 pour la Premier League.<\/p>\n<p>\u00ab\u00a0Il y a deux grilles de lecture. Soit on se met en mode <a href=\"https:\/\/rmcsport.bfmtv.com\/football\/premier-league\/chelsea_DN-202304160370.html\" title=\"Chelsea\" class=\"internal_link\" target=\"_blank\" rel=\"noopener\">Chelsea<\/a> et Rosenior donc en gros BlueCo. Pour BlueCo, c\u2019est la solution id\u00e9ale\u00a0\u00bb, a analys\u00e9 le consultant apr\u00e8s l\u2019annonce du d\u00e9part d\u2019Enzo Maresca. \u00ab\u00a0La premi\u00e8re grille de lecture c\u2019est que, pour Chelsea, c\u2019est le choix id\u00e9al. Il est dans une \u00e9curie du groupe.\u00a0\u00bb<\/p>\n<p><a href=\"https:\/\/rmcsport.bfmtv.com\/football\/transferts\/direct-mercato-suivez-en-live-toutes-les-infos-et-rumeurs-du-1er-janvier-2026_LN-202601010078.html\" title=\"DIRECT. Mercato: un entra\u00eeneur de MLS pour remplacer Rosenior \u00e0 Strasbourg?\" class=\"internal_link\" target=\"_blank\" rel=\"noopener\">&gt;&gt; Toutes les infos et rumeurs du mercato<\/a><\/p>\n<p>\u00ab\u00a0Pour eux, Strasbourg c\u2019est secondaire\u00a0\u00bb<\/p>\n<p>\u00c0 l\u2019heure de la <a href=\"https:\/\/rmcsport.bfmtv.com\/football\/ligue-1\/un-acharnement-contre-la-multipropriete-la-reponse-musclee-de-keller-a-la-colere-des-ultras-de-strasbourg_AV-202509180523.html\" title=\"&quot;Un acharnement&quot; contre la multipropri\u00e9t\u00e9: la r\u00e9ponse muscl\u00e9e de Keller \u00e0 la col\u00e8re des ultras de Strasbourg\" class=\"internal_link\" target=\"_blank\" rel=\"noopener\">multipropri\u00e9t\u00e9<\/a>, Kevin Diaz n\u2019est pas surpris de voir Chelsea piocher dans un autre club de son propri\u00e9taire pour se renforcer. Un peu \u00e0 l\u2019image de ce qui se fait dans d\u2019autres sports et notamment en Formule 1.<\/p>\n<p>\u00ab\u00a0Je suis d\u00e9sol\u00e9 mais c\u2019est comme Red Bull. Ils vont chercher <a href=\"https:\/\/rmcsport.bfmtv.com\/auto-moto\/f1\/f1-si-tu-as-besoin-de-petits-conseils-l-echange-sympa-entre-alain-prost-et-isack-hadjar_AV-202512210221.html\" title=\"F1: &quot;Si tu as besoin de petits conseils\u2026&quot;, l\u2019\u00e9change sympa entre Alain Prost et Isack Hadjar\" class=\"internal_link\" target=\"_blank\" rel=\"noopener\">Isack Hadjar<\/a>. Parfois Red Bull le fait en pleine saison en Formule 1&Prime;, a ainsi compar\u00e9 l\u2019ancien milieu de terrain. \u00ab\u00a0L\u00e0 tu ne vas pas d\u00e9pouiller (Strasbourg) puisque, justement, tu as cultiv\u00e9 ce truc-l\u00e0. Tu as mis les joueurs et m\u00eame l\u2019entra\u00eeneur dans l\u2019antichambre de Chelsea.\u00a0\u00bb<\/p>\n<p>Avant d\u2019ajouter: \u00ab\u00a0Ce n\u2019est pas moi qu\u2019il faut convaincre de ne pas d\u00e9plumer Strasbourg en cours de saison. Moi je dis que c\u2019est comme \u00e7a qu\u2019ils r\u00e9fl\u00e9chissent et \u00e7a je peux le comprendre. Si la maison-m\u00e8re br\u00fble, tu vas mettre le gars de la maison secondaire dans la maison-m\u00e8re. Pour eux, Strasbourg c\u2019est secondaire. C\u2019est secondaire!\u00a0\u00bb<\/p>\n<p>Rosenior ne peut pas laisser passer le \u00ab\u00a0train\u00a0\u00bb Chelsea<\/p>\n<p>\u00c0 l\u2019image d\u2019<a href=\"https:\/\/rmcsport.bfmtv.com\/football\/clubs\/rc-strasbourg\/j-ai-22-ans-j-ai-fait-des-erreurs-le-mea-culpa-d-emegha-apres-sa-mise-a-l-ecart-par-strasbourg_AV-202512030748.html\" title=\"&quot;J\u2019ai 22 ans, j\u2019ai fait des erreurs&quot;: le mea culpa d\u2019Emegha apr\u00e8s sa mise \u00e0 l\u2019\u00e9cart par Strasbourg\" class=\"internal_link\" target=\"_blank\" rel=\"noopener\">Emanuel Emegha<\/a>, chouchou des supporters strasbourgeois mais pris en grippe apr\u00e8s l\u2019annonce de son (futur) transfert \u00e0 Chelsea, Liam Rosenior n\u2019aurait pas vraiment \u00e0 regretter un d\u00e9part vers les Blues. Et pour cause, l\u2019ancien d\u00e9fenseur n\u2019a jamais cach\u00e9 son envie d\u2019entra\u00eener en Premier League apr\u00e8s ses exp\u00e9riences en League One (D3) et en Championship (D2).<\/p>\n<p>\u00ab\u00a0Pour BlueCo, Rosenior c\u2019est id\u00e9al. Il connait ce projet, il connait le fait de travailler avec BlueCo \u00e0 Strasbourg. Et pour lui, on le sait, au plus haut niveau le train ne passe pas tout le temps\u00a0\u00bb, a encha\u00een\u00e9 celui qui est aussi directeur sportif de l&rsquo;US Saint-Maur Lusitanos en National 2. \u00ab\u00a0Le train ne passe pas tout le temps donc moi je ne pourrais pas reprocher \u00e0 Rosenior, la personne, de prendre ce challenge.\u00a0\u00bb<\/p>\n<p><img decoding=\"async\" src=\"https:\/\/www.europesays.com\/fr\/wp-content\/uploads\/2026\/01\/principale-92_6.jpg\"  alt=\"Rosenior \u00e9voqu\u00e9 pour remplacer Maresca, s\u00e9isme \u00e0 venir \u00e0 Strasbourg ? \u2013 01\/01\" title=\"Rosenior \u00e9voqu\u00e9 pour remplacer Maresca, s\u00e9isme \u00e0 venir \u00e0 Strasbourg ? \u2013 01\/01\"\/>Rosenior \u00e9voqu\u00e9 pour remplacer Maresca, s\u00e9isme \u00e0 venir \u00e0 Strasbourg ? \u2013 01\/01<\/p>\n<p>\u00ab\u00a0Est-ce que c\u2019est le bon moment? \u00c7a je ne suis pas s\u00fbr, puisque c\u2019est toujours mieux d\u2019arriver l\u2019\u00e9t\u00e9 et de mettre en place sa m\u00e9thode\u00a0\u00bb, a encha\u00een\u00e9 Kevin Diaz \u00e0 l\u2019antenne de RMC ce jeudi. \u00ab\u00a0Mais est-ce que l\u2019entra\u00eeneur qui sera choisi maintenant ne sera pas tr\u00e8s bon pendant trois ans avec Chelsea? (\u2026) Donc tu n\u2019auras plus jamais la porte d\u2019entr\u00e9e. C\u2019est possible aussi, \u00e7a.\u00a0\u00bb<\/p>\n<p>Et le membre de l\u2019After Foot de conclure avec une petite nuance: \u00ab\u00a0Bien s\u00fbr que la deuxi\u00e8me grille de lecture c\u2019est que, quand on suit la Ligue 1 et moi qui adore Rosenior, je pr\u00e9f\u00e8re le voir rester avec nous et au minimum finir la saison avec Strasbourg. Mais malheureusement dans le football, si les timings \u00e9taient id\u00e9aux, on le saurait.\u00a0\u00bb<\/p>\n<p>Jean-Guy Lebreton avec l&rsquo;After Foot<\/p>\n","protected":false},"excerpt":{"rendered":"Kevin Diaz a r\u00e9agi jeudi aux rumeurs d\u2019un d\u00e9part de Liam Rosenior vers Chelsea. Le consultant RMC Sport&hellip;\n","protected":false},"author":2,"featured_media":570417,"comment_status":"","ping_status":"","sticky":false,"template":"","format":"standard","meta":{"footnotes":""},"categories":[2820],"tags":[1111,11,1777,674,1011,27,775,12,25,640],"class_list":{"0":"post-636021","1":"post","2":"type-post","3":"status-publish","4":"format-standard","5":"has-post-thumbnail","7":"category-strasbourg","8":"tag-actu","9":"tag-actualites","10":"tag-eu","11":"tag-europe","12":"tag-fr","13":"tag-france","14":"tag-grand-est","15":"tag-news","16":"tag-republique-francaise","17":"tag-strasbourg"},"share_on_mastodon":{"url":"https:\/\/pubeurope.com\/@fr\/115825198023636577","error":""},"_links":{"self":[{"href":"https:\/\/www.europesays.com\/fr\/wp-json\/wp\/v2\/posts\/636021","targetHints":{"allow":["GET"]}}],"collection":[{"href":"https:\/\/www.europesays.com\/fr\/wp-json\/wp\/v2\/posts"}],"about":[{"href":"https:\/\/www.europesays.com\/fr\/wp-json\/wp\/v2\/types\/post"}],"author":[{"embeddable":true,"href":"https:\/\/www.europesays.com\/fr\/wp-json\/wp\/v2\/users\/2"}],"replies":[{"embeddable":true,"href":"https:\/\/www.europesays.com\/fr\/wp-json\/wp\/v2\/comments?post=636021"}],"version-history":[{"count":0,"href":"https:\/\/www.europesays.com\/fr\/wp-json\/wp\/v2\/posts\/636021\/revisions"}],"wp:featuredmedia":[{"embeddable":true,"href":"https:\/\/www.europesays.com\/fr\/wp-json\/wp\/v2\/media\/570417"}],"wp:attachment":[{"href":"https:\/\/www.europesays.com\/fr\/wp-json\/wp\/v2\/media?parent=636021"}],"wp:term":[{"taxonomy":"category","embeddable":true,"href":"https:\/\/www.europesays.com\/fr\/wp-json\/wp\/v2\/categories?post=636021"},{"taxonomy":"post_tag","embeddable":true,"href":"https:\/\/www.europesays.com\/fr\/wp-json\/wp\/v2\/tags?post=636021"}],"curies":[{"name":"wp","href":"https:\/\/api.w.org\/{rel}","templated":true}]}}