{"id":636026,"date":"2026-01-02T11:12:31","date_gmt":"2026-01-02T11:12:31","guid":{"rendered":"https:\/\/www.europesays.com\/fr\/636026\/"},"modified":"2026-01-02T11:12:31","modified_gmt":"2026-01-02T11:12:31","slug":"la-nuit-du-nouvel-an-degenere-en-rixe-a-louest-de-nantes-quatre-jeunes-hommes-gravement","status":"publish","type":"post","link":"https:\/\/www.europesays.com\/fr\/636026\/","title":{"rendered":"La nuit du Nouvel an d\u00e9g\u00e9n\u00e8re en rixe \u00e0 l\u2019ouest de Nantes\u00a0: quatre jeunes hommes gravement"},"content":{"rendered":"<p>Une bagarre a \u00e9clat\u00e9 dans la nuit de la Saint-Sylvestre \u00e0 Malville, rue des Mimosas, vers 2\u00a0h\u00a015. Les pompiers et gendarmes ont \u00e9t\u00e9 appel\u00e9s pour une agression \u00e0 l\u2019arme blanche, concernant dix personnes.<\/p>\n<p>Quatre d\u2019entre elles, trois mineurs\u00a0et un jeune majeur ont \u00e9t\u00e9 gri\u00e8vement bless\u00e9es. Un gar\u00e7on de 17\u00a0ans a \u00e9t\u00e9 transport\u00e9 au CHU de Nantes en urgence absolue, trois autres en urgence relative.<\/p>\n<p>\u00a0<\/p>\n","protected":false},"excerpt":{"rendered":"Une bagarre a \u00e9clat\u00e9 dans la nuit de la Saint-Sylvestre \u00e0 Malville, rue des Mimosas, vers 2\u00a0h\u00a015. Les&hellip;\n","protected":false},"author":2,"featured_media":636027,"comment_status":"","ping_status":"","sticky":false,"template":"","format":"standard","meta":{"footnotes":""},"categories":[2818],"tags":[1111,11,9626,4901,17071,1777,674,1011,27,16508,1101,4074,766,12,10542,293,9144,2636,25,5510],"class_list":{"0":"post-636026","1":"post","2":"type-post","3":"status-publish","4":"format-standard","5":"has-post-thumbnail","7":"category-nantes","8":"tag-actu","9":"tag-actualites","10":"tag-an","11":"tag-blesses","12":"tag-degenere","13":"tag-eu","14":"tag-europe","15":"tag-fr","16":"tag-france","17":"tag-gravement","18":"tag-hommes","19":"tag-jeunes","20":"tag-nantes","21":"tag-news","22":"tag-nouvel","23":"tag-nuit","24":"tag-ouest","25":"tag-pays-de-la-loire","26":"tag-republique-francaise","27":"tag-rixe"},"share_on_mastodon":{"url":"https:\/\/pubeurope.com\/@fr\/115825209764718527","error":""},"_links":{"self":[{"href":"https:\/\/www.europesays.com\/fr\/wp-json\/wp\/v2\/posts\/636026","targetHints":{"allow":["GET"]}}],"collection":[{"href":"https:\/\/www.europesays.com\/fr\/wp-json\/wp\/v2\/posts"}],"about":[{"href":"https:\/\/www.europesays.com\/fr\/wp-json\/wp\/v2\/types\/post"}],"author":[{"embeddable":true,"href":"https:\/\/www.europesays.com\/fr\/wp-json\/wp\/v2\/users\/2"}],"replies":[{"embeddable":true,"href":"https:\/\/www.europesays.com\/fr\/wp-json\/wp\/v2\/comments?post=636026"}],"version-history":[{"count":0,"href":"https:\/\/www.europesays.com\/fr\/wp-json\/wp\/v2\/posts\/636026\/revisions"}],"wp:featuredmedia":[{"embeddable":true,"href":"https:\/\/www.europesays.com\/fr\/wp-json\/wp\/v2\/media\/636027"}],"wp:attachment":[{"href":"https:\/\/www.europesays.com\/fr\/wp-json\/wp\/v2\/media?parent=636026"}],"wp:term":[{"taxonomy":"category","embeddable":true,"href":"https:\/\/www.europesays.com\/fr\/wp-json\/wp\/v2\/categories?post=636026"},{"taxonomy":"post_tag","embeddable":true,"href":"https:\/\/www.europesays.com\/fr\/wp-json\/wp\/v2\/tags?post=636026"}],"curies":[{"name":"wp","href":"https:\/\/api.w.org\/{rel}","templated":true}]}}