{"id":636030,"date":"2026-01-02T11:14:10","date_gmt":"2026-01-02T11:14:10","guid":{"rendered":"https:\/\/www.europesays.com\/fr\/636030\/"},"modified":"2026-01-02T11:14:10","modified_gmt":"2026-01-02T11:14:10","slug":"des-points-de-collecte-pour-vos-sapins-apres-les-fetes","status":"publish","type":"post","link":"https:\/\/www.europesays.com\/fr\/636030\/","title":{"rendered":"des points de collecte pour vos sapins apr\u00e8s les f\u00eates"},"content":{"rendered":"<p>Il existe neuf points de collecte dans les quartiers\u00a0: impasse de la Chapelle Sainte Bernadette, \u00e0 Arlac\u00a0; avenue de Montesquieu, dans le parc de l\u2019Or\u00e9e des deux villes, \u00e0 Bourran\u00a0; avenue du B\u00e9dat, \u00e0 l\u2019entr\u00e9e du groupe scolaire Jean-Jaur\u00e8s, \u00e0 Capeyron\u00a0; avenue du Mar\u00e9chal de-Lattre-de-Tassigny, sur le parking du stade Robert Brettes, au centre-ville\u00a0; avenue de la Somme, sur la place des Anciens combattants, \u00e0 Chemin-Long\u00a0; rue de Charlin, au niveau de l\u2019ancien terminus de bus, \u00e0 La Glaci\u00e8re\u00a0; avenue Robert Schumann, sur le parking de la salle Pierre de Coubertin, au Burck\u00a0; 8, rue de la Tour de Veyrines, dans le parc du Domaine de Fantaisie, aux Eyquems\u00a0; \u00e0 l\u2019angle de la rue du Docteur Daignas et de la rue Paul Verlaine, au parc du Ch\u00e2teau.<\/p>\n","protected":false},"excerpt":{"rendered":"Il existe neuf points de collecte dans les quartiers\u00a0: impasse de la Chapelle Sainte Bernadette, \u00e0 Arlac\u00a0; avenue&hellip;\n","protected":false},"author":2,"featured_media":636031,"comment_status":"","ping_status":"","sticky":false,"template":"","format":"standard","meta":{"footnotes":""},"categories":[2817],"tags":[1111,11,1997,1777,674,1011,27,12,2219,25],"class_list":{"0":"post-636030","1":"post","2":"type-post","3":"status-publish","4":"format-standard","5":"has-post-thumbnail","7":"category-bordeaux","8":"tag-actu","9":"tag-actualites","10":"tag-bordeaux","11":"tag-eu","12":"tag-europe","13":"tag-fr","14":"tag-france","15":"tag-news","16":"tag-nouvelle-aquitaine","17":"tag-republique-francaise"},"share_on_mastodon":{"url":"https:\/\/pubeurope.com\/@fr\/115825217636968414","error":""},"_links":{"self":[{"href":"https:\/\/www.europesays.com\/fr\/wp-json\/wp\/v2\/posts\/636030","targetHints":{"allow":["GET"]}}],"collection":[{"href":"https:\/\/www.europesays.com\/fr\/wp-json\/wp\/v2\/posts"}],"about":[{"href":"https:\/\/www.europesays.com\/fr\/wp-json\/wp\/v2\/types\/post"}],"author":[{"embeddable":true,"href":"https:\/\/www.europesays.com\/fr\/wp-json\/wp\/v2\/users\/2"}],"replies":[{"embeddable":true,"href":"https:\/\/www.europesays.com\/fr\/wp-json\/wp\/v2\/comments?post=636030"}],"version-history":[{"count":0,"href":"https:\/\/www.europesays.com\/fr\/wp-json\/wp\/v2\/posts\/636030\/revisions"}],"wp:featuredmedia":[{"embeddable":true,"href":"https:\/\/www.europesays.com\/fr\/wp-json\/wp\/v2\/media\/636031"}],"wp:attachment":[{"href":"https:\/\/www.europesays.com\/fr\/wp-json\/wp\/v2\/media?parent=636030"}],"wp:term":[{"taxonomy":"category","embeddable":true,"href":"https:\/\/www.europesays.com\/fr\/wp-json\/wp\/v2\/categories?post=636030"},{"taxonomy":"post_tag","embeddable":true,"href":"https:\/\/www.europesays.com\/fr\/wp-json\/wp\/v2\/tags?post=636030"}],"curies":[{"name":"wp","href":"https:\/\/api.w.org\/{rel}","templated":true}]}}