{"id":636032,"date":"2026-01-02T11:15:10","date_gmt":"2026-01-02T11:15:10","guid":{"rendered":"https:\/\/www.europesays.com\/fr\/636032\/"},"modified":"2026-01-02T11:15:10","modified_gmt":"2026-01-02T11:15:10","slug":"lhelicoptere-de-la-gendarmerie-a-repeche-le-corps-dun-jeune-homme-aux-bassins-a-flot-a-bordeaux","status":"publish","type":"post","link":"https:\/\/www.europesays.com\/fr\/636032\/","title":{"rendered":"L&rsquo;h\u00e9licopt\u00e8re de la gendarmerie a rep\u00each\u00e9 le corps d&rsquo;un jeune homme aux bassins \u00e0 flot \u00e0 Bordeaux"},"content":{"rendered":"<p>                    Par<br \/>\n        <strong><br \/>\n            <a href=\"https:\/\/actu.fr\/auteur\/sports33\" title=\"Consulter tous les articles de Nicolas Gosselin\" target=\"_blank\" rel=\"noopener\">Nicolas Gosselin<\/a><br \/>\n                    <\/strong><\/p>\n<p>        Publi\u00e9 le<\/p>\n<p>            2 janv. 2026 \u00e0 9h57        <\/p>\n<p>Le <strong>cadavre d\u2019un jeune homme a \u00e9t\u00e9 rep\u00each\u00e9<\/strong> dans les bassins \u00e0 flot par un <a href=\"https:\/\/actu.fr\/tag\/gendarmerie\" target=\"_blank\" rel=\"noopener\">h\u00e9licopt\u00e8re de la gendarmerie<\/a>, jeudi 1er janvier 2026 \u00e0 Bordeaux, confirme le procureur Renaud Gaudeul.<\/p>\n<p class=\" wall-content\">Comme <a href=\"https:\/\/www.sudouest.fr\/faits-divers\/a-bordeaux-le-corps-d-un-jeune-homme-retrouve-dans-les-bassins-a-flot-27265168.php\" target=\"_blank\" rel=\"noopener\">Sud Ouest<\/a> le rapportait, deux t\u00e9moins avaient signal\u00e9 la chute \u00e0 l\u2019eau d\u2019un individu, dans la<strong> nuit de la Saint-Sylvestre<\/strong>.<\/p>\n<p>La piste accidentelle est privil\u00e9gi\u00e9e<\/p>\n<p class=\" wall-content\">Les recherches avaient \u00e9t\u00e9 imm\u00e9diatement engag\u00e9es mais n\u2019avaient rien donn\u00e9 jusqu\u2019au lendemain apr\u00e8s-midi.\u00a0<\/p>\n<p class=\" wall-content\">Une <strong>enqu\u00eate a \u00e9t\u00e9 ouverte<\/strong> pour comprendre les circonstances du drame. La <strong>piste accidentelle est privil\u00e9gi\u00e9e<\/strong>. Pour rappel, dans ce quartier compos\u00e9 de nombreux \u00e9tablissements nocturnes, ce n\u2019est pas la premi\u00e8re fois qu\u2019un corps est rep\u00each\u00e9 dans l\u2019eau.<\/p>\n<p class=\" wall-content\">Personnalisez votre actualit\u00e9 en ajoutant vos villes et m\u00e9dias en favori avec <a href=\"https:\/\/moncompte.actu.fr\" title=\"D\u00e9couvez Mon Actu\" rel=\"nofollow noopener\" data-trk=\"{&quot;cta&quot;:{&quot;action&quot;:&quot;https:\\\/\\\/moncompte.actu.fr&quot;,&quot;category&quot;:&quot;mon compte&quot;,&quot;from&quot;:&quot;article footer&quot;,&quot;name&quot;:&quot;Mon actu&quot;,&quot;type&quot;:&quot;cta&quot;}}\" target=\"_blank\">Mon Actu<\/a>.<\/p>\n","protected":false},"excerpt":{"rendered":"Par Nicolas Gosselin Publi\u00e9 le 2 janv. 2026 \u00e0 9h57 Le cadavre d\u2019un jeune homme a \u00e9t\u00e9 rep\u00each\u00e9&hellip;\n","protected":false},"author":2,"featured_media":636033,"comment_status":"","ping_status":"","sticky":false,"template":"","format":"standard","meta":{"footnotes":""},"categories":[2817],"tags":[1111,11,1997,1777,674,118,1011,27,3381,12,2219,25],"class_list":{"0":"post-636032","1":"post","2":"type-post","3":"status-publish","4":"format-standard","5":"has-post-thumbnail","7":"category-bordeaux","8":"tag-actu","9":"tag-actualites","10":"tag-bordeaux","11":"tag-eu","12":"tag-europe","13":"tag-faits-divers","14":"tag-fr","15":"tag-france","16":"tag-gendarmerie","17":"tag-news","18":"tag-nouvelle-aquitaine","19":"tag-republique-francaise"},"share_on_mastodon":{"url":"https:\/\/pubeurope.com\/@fr\/115825221616509667","error":""},"_links":{"self":[{"href":"https:\/\/www.europesays.com\/fr\/wp-json\/wp\/v2\/posts\/636032","targetHints":{"allow":["GET"]}}],"collection":[{"href":"https:\/\/www.europesays.com\/fr\/wp-json\/wp\/v2\/posts"}],"about":[{"href":"https:\/\/www.europesays.com\/fr\/wp-json\/wp\/v2\/types\/post"}],"author":[{"embeddable":true,"href":"https:\/\/www.europesays.com\/fr\/wp-json\/wp\/v2\/users\/2"}],"replies":[{"embeddable":true,"href":"https:\/\/www.europesays.com\/fr\/wp-json\/wp\/v2\/comments?post=636032"}],"version-history":[{"count":0,"href":"https:\/\/www.europesays.com\/fr\/wp-json\/wp\/v2\/posts\/636032\/revisions"}],"wp:featuredmedia":[{"embeddable":true,"href":"https:\/\/www.europesays.com\/fr\/wp-json\/wp\/v2\/media\/636033"}],"wp:attachment":[{"href":"https:\/\/www.europesays.com\/fr\/wp-json\/wp\/v2\/media?parent=636032"}],"wp:term":[{"taxonomy":"category","embeddable":true,"href":"https:\/\/www.europesays.com\/fr\/wp-json\/wp\/v2\/categories?post=636032"},{"taxonomy":"post_tag","embeddable":true,"href":"https:\/\/www.europesays.com\/fr\/wp-json\/wp\/v2\/tags?post=636032"}],"curies":[{"name":"wp","href":"https:\/\/api.w.org\/{rel}","templated":true}]}}