{"id":636049,"date":"2026-01-02T11:28:09","date_gmt":"2026-01-02T11:28:09","guid":{"rendered":"https:\/\/www.europesays.com\/fr\/636049\/"},"modified":"2026-01-02T11:28:09","modified_gmt":"2026-01-02T11:28:09","slug":"paris-la-celebre-lofi-girl-annonce-louverture-dun-cafe-inedit-en-plein-coeur-de-la-capitale","status":"publish","type":"post","link":"https:\/\/www.europesays.com\/fr\/636049\/","title":{"rendered":"Paris. La c\u00e9l\u00e8bre Lofi Girl annonce l\u2019ouverture d\u2019un caf\u00e9 in\u00e9dit en plein c\u0153ur de la capitale"},"content":{"rendered":"<p>                    Par<br \/>\n        <strong><br \/>\n            <a href=\"https:\/\/actu.fr\/auteur\/thomas-rideau\" title=\"Consulter tous les articles de Thomas Rideau\" target=\"_blank\" rel=\"noopener\">Thomas Rideau<\/a><br \/>\n                    <\/strong><\/p>\n<p>        Publi\u00e9 le<\/p>\n<p>            2 janv. 2026 \u00e0 11h52        <\/p>\n<p>Une premi\u00e8re mondiale qui, forc\u00e9ment, va avoir lieu \u00e0 <a href=\"https:\/\/actu.fr\/paris\/\" target=\"_blank\" rel=\"noopener\">Paris<\/a>. La c\u00e9l\u00e8bre Lofi Girl, forte de presque 16 millions d\u2019abonn\u00e9s sur <a href=\"https:\/\/actu.fr\/tag\/youtube\" target=\"_blank\" rel=\"noopener\">YouTube<\/a>, va ouvrir un caf\u00e9 dans la capitale. Un petit \u00e9v\u00e9nement pour ce<strong> ph\u00e9nom\u00e8ne de la pop-culture<\/strong> cantonn\u00e9 jusqu\u2019ici au monde d\u2019Internet (et \u00e0 <a href=\"https:\/\/actu.fr\/auvergne-rhone-alpes\/lyon_69123\/pop-culture-lofi-girl-live-youtube-lofi-hip-hop-radio-habite-lyon_32988561.html\" target=\"_blank\" rel=\"noopener\">Lyon<\/a>\u2009!). Depuis 2017 et sans interruption, la cha\u00eene youtube diffuse de la musique calme (\u00ablofi\u2009\u00bb donc) et fait le bonheur des \u00e9tudiants qui souhaitent r\u00e9viser dans une atmosph\u00e8re d\u00e9tendue.<\/p>\n<p>Un caf\u00e9 \u00e0 deux pas de Ch\u00e2telet \u2013 les Halles<\/p>\n<p class=\" wall-content\">Et maintenant, en plus des \u00e9tudiants ou t\u00e9l\u00e9travailleurs, les passants pourront aussi profiter de l\u2019ambiance si particuli\u00e8re et chaleureuse de <a href=\"https:\/\/actu.fr\/auvergne-rhone-alpes\/lyon_69123\/pop-culture-lofi-girl-live-youtube-lofi-hip-hop-radio-habite-lyon_32988561.html\" target=\"_blank\" rel=\"noopener\">Lofi Girl.<\/a> En effet, ses myst\u00e9rieux cr\u00e9ateurs\u00a0pr\u00e9parent<strong> l\u2019installation d\u2019un futur caf\u00e9<\/strong> dans le 1er arrondissement de Paris. Des autocollants placard\u00e9s sur les vitrines ne laissent pas de place au doute. Le caf\u00e9 se situera au 60, rue Saint-Denis.<\/p>\n<p class=\" wall-content\">\n<p class=\" wall-content\">Sur le site officiel du futur \u00e9tablissement, ils pr\u00e9cisent que le lieu sera \u00ab\u2009<strong>cozy<\/strong> en plein c\u0153ur de Paris pour<strong> faire une pause<\/strong>, travailler et se d\u00e9tendre\u2009\u00bb. Pas encore de date d\u2019ouverture, mais on peut imaginer qu\u2019elle va intervenir d\u2019ici peu.<\/p>\n<p class=\" wall-content\">Personnalisez votre actualit\u00e9 en ajoutant vos villes et m\u00e9dias en favori avec <a href=\"https:\/\/moncompte.actu.fr\" title=\"D\u00e9couvez Mon Actu\" rel=\"nofollow noopener\" data-trk=\"{&quot;cta&quot;:{&quot;action&quot;:&quot;https:\\\/\\\/moncompte.actu.fr&quot;,&quot;category&quot;:&quot;mon compte&quot;,&quot;from&quot;:&quot;article footer&quot;,&quot;name&quot;:&quot;Mon actu&quot;,&quot;type&quot;:&quot;cta&quot;}}\" target=\"_blank\">Mon Actu<\/a>.<\/p>\n","protected":false},"excerpt":{"rendered":"Par Thomas Rideau Publi\u00e9 le 2 janv. 2026 \u00e0 11h52 Une premi\u00e8re mondiale qui, forc\u00e9ment, va avoir lieu&hellip;\n","protected":false},"author":2,"featured_media":636050,"comment_status":"","ping_status":"","sticky":false,"template":"","format":"standard","meta":{"footnotes":""},"categories":[1888],"tags":[1111,1928,11,1927,215,1777,674,1011,27,1652,873,12,1926,626,1925,25,2784],"class_list":{"0":"post-636049","1":"post","2":"type-post","3":"status-publish","4":"format-standard","5":"has-post-thumbnail","7":"category-paris","8":"tag-actu","9":"tag-actu-paris","10":"tag-actualites","11":"tag-actualites-paris","12":"tag-commerce","13":"tag-eu","14":"tag-europe","15":"tag-fr","16":"tag-france","17":"tag-loisirs-culture","18":"tag-musique","19":"tag-news","20":"tag-news-paris","21":"tag-paris","22":"tag-paris-news","23":"tag-republique-francaise","24":"tag-youtube"},"share_on_mastodon":{"url":"https:\/\/pubeurope.com\/@fr\/115825272703926327","error":""},"_links":{"self":[{"href":"https:\/\/www.europesays.com\/fr\/wp-json\/wp\/v2\/posts\/636049","targetHints":{"allow":["GET"]}}],"collection":[{"href":"https:\/\/www.europesays.com\/fr\/wp-json\/wp\/v2\/posts"}],"about":[{"href":"https:\/\/www.europesays.com\/fr\/wp-json\/wp\/v2\/types\/post"}],"author":[{"embeddable":true,"href":"https:\/\/www.europesays.com\/fr\/wp-json\/wp\/v2\/users\/2"}],"replies":[{"embeddable":true,"href":"https:\/\/www.europesays.com\/fr\/wp-json\/wp\/v2\/comments?post=636049"}],"version-history":[{"count":0,"href":"https:\/\/www.europesays.com\/fr\/wp-json\/wp\/v2\/posts\/636049\/revisions"}],"wp:featuredmedia":[{"embeddable":true,"href":"https:\/\/www.europesays.com\/fr\/wp-json\/wp\/v2\/media\/636050"}],"wp:attachment":[{"href":"https:\/\/www.europesays.com\/fr\/wp-json\/wp\/v2\/media?parent=636049"}],"wp:term":[{"taxonomy":"category","embeddable":true,"href":"https:\/\/www.europesays.com\/fr\/wp-json\/wp\/v2\/categories?post=636049"},{"taxonomy":"post_tag","embeddable":true,"href":"https:\/\/www.europesays.com\/fr\/wp-json\/wp\/v2\/tags?post=636049"}],"curies":[{"name":"wp","href":"https:\/\/api.w.org\/{rel}","templated":true}]}}