{"id":636053,"date":"2026-01-02T11:30:10","date_gmt":"2026-01-02T11:30:10","guid":{"rendered":"https:\/\/www.europesays.com\/fr\/636053\/"},"modified":"2026-01-02T11:30:10","modified_gmt":"2026-01-02T11:30:10","slug":"ces-monuments-qui-ont-affole-les-compteurs-de-visites-en-2025","status":"publish","type":"post","link":"https:\/\/www.europesays.com\/fr\/636053\/","title":{"rendered":"ces monuments qui ont affol\u00e9 les compteurs de visites en 2025"},"content":{"rendered":"<p>                    Par<br \/>\n        <strong><br \/>\n            <a href=\"https:\/\/actu.fr\/auteur\/pascal-pallas\" title=\"Consulter tous les articles de Pascal Pallas\" target=\"_blank\" rel=\"noopener\">Pascal Pallas<\/a><br \/>\n                    <\/strong><\/p>\n<p>        Publi\u00e9 le<\/p>\n<p>            2 janv. 2026 \u00e0 10h09        <\/p>\n<p>L\u2019ann\u00e9e 2025 restera comme une ann\u00e9e tr\u00e8s marquante pour le <a href=\"https:\/\/actu.fr\/histoire-patrimoine\/\" target=\"_blank\" rel=\"noopener\">patrimoine<\/a> fran\u00e7ais. Jamais les monuments nationaux n\u2019avaient attir\u00e9 autant de visiteurs, au point de franchir un seuil symbolique.<\/p>\n<p class=\" wall-content\">Dans un communiqu\u00e9 publi\u00e9 ce d\u00e9but d\u2019ann\u00e9e 2026, le <strong>Centre des monuments nationaux (CMN)<\/strong> annonce avoir accueilli plus de 12 millions de visiteurs sur l\u2019ensemble des sites dont il a la charge : \u00ab\u00a0un record jamais atteint, apr\u00e8s deux ann\u00e9es cons\u00e9cutives de fr\u00e9quentation sup\u00e9rieure \u00e0 11 millions de visiteurs\u00a0\u00bb.<\/p>\n<p>L\u2019 Arc de Triomphe en t\u00eate des sites les plus fr\u00e9quent\u00e9s<\/p>\n<p class=\" wall-content\">Les trois monuments les plus fr\u00e9quent\u00e9s ont \u00e9t\u00e9 l\u2019<strong>Arc de triomphe<\/strong> avec 1,85 million de visiteurs, l\u2019abbaye du <strong>Mont-Saint-Michel<\/strong> (1,63 million) et la Sainte-Chapelle (1,33 million).<\/p>\n<p class=\" wall-content\">Viennent ensuite le Panth\u00e9on, la Conciergerie, le ch\u00e2teau et les remparts de Carcassonne, l\u2019H\u00f4tel de la Marine et le ch\u00e2teau d\u2019Angers.<\/p>\n<p>Un int\u00e9r\u00eat croissant pour les cath\u00e9drales<\/p>\n<p class=\" wall-content\">Le CMN est \u00e9galement en charge du nouveau parcours de visite des tours de <strong>Notre-Dame de Paris<\/strong>, qui ont accueilli 110.000 visiteurs depuis leur r\u00e9ouverture en septembre, six ans apr\u00e8s l\u2019incendie de la cath\u00e9drale du 15 avril 2019.<\/p>\n<p class=\" wall-content\">Le Centre souligne l\u2019int\u00e9r\u00eat croissant pour les tours et tr\u00e9sors des cath\u00e9drales: ceux d\u2019Amiens ont enregistr\u00e9 une hausse de fr\u00e9quentation de 95%, ceux de Chartres de 74% et ceux de Reims de 43%.<\/p>\n<p>Votre r\u00e9gion, votre actu !<\/p>\n<p>Recevez chaque jour les infos qui comptent pour vous.<\/p>\n<p>\t<a href=\"https:\/\/actu.fr\/newsletter\" class=\"ac-btn ac-btn--corner ac-btn--medium ac-btn--blue800\" target=\"_blank\" rel=\"noopener\">S&rsquo;incrire<\/a><\/p>\n<p class=\" wall-content\">Le CMN est l\u2019\u00e9tablissement public charg\u00e9 de la conservation, la restauration et l\u2019animation de plus de 100 monuments historiques et jardins r\u00e9partis dans toute la France.<\/p>\n<p class=\" wall-content\"><strong>avec AFP<\/strong><\/p>\n<p class=\" wall-content\">Personnalisez votre actualit\u00e9 en ajoutant vos villes et m\u00e9dias en favori avec <a href=\"https:\/\/moncompte.actu.fr\" title=\"D\u00e9couvez Mon Actu\" rel=\"nofollow noopener\" data-trk=\"{&quot;cta&quot;:{&quot;action&quot;:&quot;https:\\\/\\\/moncompte.actu.fr&quot;,&quot;category&quot;:&quot;mon compte&quot;,&quot;from&quot;:&quot;article footer&quot;,&quot;name&quot;:&quot;Mon actu&quot;,&quot;type&quot;:&quot;cta&quot;}}\" target=\"_blank\">Mon Actu<\/a>.<\/p>\n","protected":false},"excerpt":{"rendered":"Par Pascal Pallas Publi\u00e9 le 2 janv. 2026 \u00e0 10h09 L\u2019ann\u00e9e 2025 restera comme une ann\u00e9e tr\u00e8s marquante&hellip;\n","protected":false},"author":2,"featured_media":636054,"comment_status":"","ping_status":"","sticky":false,"template":"","format":"standard","meta":{"footnotes":""},"categories":[1888],"tags":[11,1777,674,1011,27,12,626,25,104],"class_list":{"0":"post-636053","1":"post","2":"type-post","3":"status-publish","4":"format-standard","5":"has-post-thumbnail","7":"category-paris","8":"tag-actualites","9":"tag-eu","10":"tag-europe","11":"tag-fr","12":"tag-france","13":"tag-news","14":"tag-paris","15":"tag-republique-francaise","16":"tag-societe"},"share_on_mastodon":{"url":"https:\/\/pubeurope.com\/@fr\/115825280557584403","error":""},"_links":{"self":[{"href":"https:\/\/www.europesays.com\/fr\/wp-json\/wp\/v2\/posts\/636053","targetHints":{"allow":["GET"]}}],"collection":[{"href":"https:\/\/www.europesays.com\/fr\/wp-json\/wp\/v2\/posts"}],"about":[{"href":"https:\/\/www.europesays.com\/fr\/wp-json\/wp\/v2\/types\/post"}],"author":[{"embeddable":true,"href":"https:\/\/www.europesays.com\/fr\/wp-json\/wp\/v2\/users\/2"}],"replies":[{"embeddable":true,"href":"https:\/\/www.europesays.com\/fr\/wp-json\/wp\/v2\/comments?post=636053"}],"version-history":[{"count":0,"href":"https:\/\/www.europesays.com\/fr\/wp-json\/wp\/v2\/posts\/636053\/revisions"}],"wp:featuredmedia":[{"embeddable":true,"href":"https:\/\/www.europesays.com\/fr\/wp-json\/wp\/v2\/media\/636054"}],"wp:attachment":[{"href":"https:\/\/www.europesays.com\/fr\/wp-json\/wp\/v2\/media?parent=636053"}],"wp:term":[{"taxonomy":"category","embeddable":true,"href":"https:\/\/www.europesays.com\/fr\/wp-json\/wp\/v2\/categories?post=636053"},{"taxonomy":"post_tag","embeddable":true,"href":"https:\/\/www.europesays.com\/fr\/wp-json\/wp\/v2\/tags?post=636053"}],"curies":[{"name":"wp","href":"https:\/\/api.w.org\/{rel}","templated":true}]}}