{"id":636055,"date":"2026-01-02T11:31:11","date_gmt":"2026-01-02T11:31:11","guid":{"rendered":"https:\/\/www.europesays.com\/fr\/636055\/"},"modified":"2026-01-02T11:31:11","modified_gmt":"2026-01-02T11:31:11","slug":"animalis-renforce-sa-presence-a-paris-avec-une-nouvelle-ouverture","status":"publish","type":"post","link":"https:\/\/www.europesays.com\/fr\/636055\/","title":{"rendered":"Animalis renforce sa pr\u00e9sence \u00e0 Paris avec une nouvelle ouverture"},"content":{"rendered":"<p><img loading=\"lazy\" decoding=\"async\" alt=\"\u00a9 DR - Animalis continue son d\u00e9veloppement avec l'ouverture d'une boutique dans le 12e arrondissement de Paris.\" data-zoom-src=\"https:\/\/www.europesays.com\/fr\/wp-content\/uploads\/2026\/01\/initial-animalis-paris-ouverture.jpg\" data-zoomable=\"\" height=\"702\" src=\"https:\/\/www.europesays.com\/fr\/wp-content\/uploads\/2026\/01\/initial-animalis-paris-ouverture.jpg\" width=\"1248\"\/>  <\/p>\n<p class=\"article-desc\">\u00a9 DR &#8211; Animalis continue son d\u00e9veloppement avec l&rsquo;ouverture d&rsquo;une boutique dans le 12e arrondissement de Paris. <\/p>\n<p><a href=\"https:\/\/mesinfos.fr\/78310-maurepas\/animalis-maurepas-demenage-de-quelques-metres-232543.html\" rel=\"noopener\" target=\"_blank\">Animalis<\/a> acc\u00e9l\u00e8re son d\u00e9veloppement en <strong>\u00cele-de-France<\/strong>. L\u2019enseigne sp\u00e9cialis\u00e9e dans le bien-\u00eatre des <strong>animaux de compagnie<\/strong> a inaugur\u00e9, mi-d\u00e9cembre, un nouveau magasin \u00e0 Paris, dans le 12e arrondissement, au 76 rue Traversi\u00e8re. Il s\u2019agit de la neuvi\u00e8me boutique Animalis dans la capitale et de la 37e implantation r\u00e9gionale. <\/p>\n<p>Un nouveau magasin Animalis au c\u0153ur du 12e arrondissement <\/p>\n<p>D\u2019une superficie de 220 m\u00b2, ce magasin <a href=\"https:\/\/mesinfos.fr\/94100-saint-maur-des-fosses\/saint-maur-des-fosses-animalis-ouvre-son-34e-magasin-227716.html\" rel=\"noopener\" target=\"_blank\">Animalis<\/a> \u00e0 Paris se positionne comme un espace d\u00e9di\u00e9 aux propri\u00e9taires d\u2019animaux de compagnie \u00e0 la recherche de produits sp\u00e9cialis\u00e9s et de conseils personnalis\u00e9s. Ouvert du lundi au samedi de 10h \u00e0 19h30 et le dimanche de 10h \u00e0 13h, il propose une offre compl\u00e8te pour les chiens, les chats, les rongeurs, les oiseaux, les reptiles et les aquariophiles. <\/p>\n<p>Alimentation, accessoires, jouets, produits d\u2019hygi\u00e8ne et de soins composent l\u2019assortiment du point de vente, avec une attention particuli\u00e8re port\u00e9e \u00e0 la qualit\u00e9 et \u00e0 l\u2019adaptation aux besoins sp\u00e9cifiques de chaque animal. <\/p>\n<p> Une s\u00e9lection de marques reconnues pour le bien-\u00eatre animal <\/p>\n<p>Pour r\u00e9pondre aux attentes des consommateurs urbains, <strong>Animalis<\/strong> s\u2019appuie sur un portefeuille de marques premium et sp\u00e9cialis\u00e9es telles que Royal Canin, Edgar &amp; Cooper, Hill\u2019s, Nath, Dogxtreme, Advance, Beaphar, Trixie ou encore Anka. Les \u00e9quipes en magasin, form\u00e9es et passionn\u00e9es par le monde animal, accompagnent les clients dans leurs choix, renfor\u00e7ant la dimension conseil de l\u2019enseigne.<\/p>\n<p>Cette ouverture s\u2019inscrit dans la strat\u00e9gie de d\u00e9veloppement territorial d\u2019<a href=\"https:\/\/mesinfos.fr\/93400-saint-ouen\/french-bandit-fait-son-entree-dans-les-magasins-animalis-220735.html\" rel=\"noopener\" target=\"_blank\">Animalis<\/a>, qui mise sur un maillage dense des grandes agglom\u00e9rations, et notamment de Paris, afin de se rapprocher de ses clients. <\/p>\n<p>Une strat\u00e9gie de croissance ancr\u00e9e en \u00cele-de-France <\/p>\n<p>\u00ab\u00a0Nous sommes ravis d&rsquo;\u00e9tendre notre pr\u00e9sence en \u00cele-de-France et d&rsquo;offrir une exp\u00e9rience exceptionnelle aux amoureux des animaux de la r\u00e9gion. Ces ouvertures s\u2019inscrivent dans notre vision strat\u00e9gique de proposer, aux plus pr\u00e8s de nos clients, une offre compl\u00e8te de produits pour leurs animaux, des services pour prendre soin d\u2019eux et des centaines de promotions toute l\u2019ann\u00e9e\u00a0\u00bb, a expliqu\u00e9 <strong>Fr\u00e9d\u00e9ric Le Guen<\/strong>, pr\u00e9sident d\u2019Animalis. <\/p>\n<p>Avec ce nouveau magasin \u00e0 Paris 12e, Animalis confirme sa volont\u00e9 de s\u2019imposer comme un acteur majeur du march\u00e9 des animaux de compagnie en \u00cele-de-France, en combinant proximit\u00e9, expertise et diversit\u00e9 de l\u2019offre.<\/p>\n","protected":false},"excerpt":{"rendered":"\u00a9 DR &#8211; Animalis continue son d\u00e9veloppement avec l&rsquo;ouverture d&rsquo;une boutique dans le 12e arrondissement de Paris. Animalis&hellip;\n","protected":false},"author":2,"featured_media":636056,"comment_status":"","ping_status":"","sticky":false,"template":"","format":"standard","meta":{"footnotes":""},"categories":[1888],"tags":[11,313,1777,674,1011,27,12,626,25],"class_list":{"0":"post-636055","1":"post","2":"type-post","3":"status-publish","4":"format-standard","5":"has-post-thumbnail","7":"category-paris","8":"tag-actualites","9":"tag-entreprises","10":"tag-eu","11":"tag-europe","12":"tag-fr","13":"tag-france","14":"tag-news","15":"tag-paris","16":"tag-republique-francaise"},"share_on_mastodon":{"url":"https:\/\/pubeurope.com\/@fr\/115825284552951409","error":""},"_links":{"self":[{"href":"https:\/\/www.europesays.com\/fr\/wp-json\/wp\/v2\/posts\/636055","targetHints":{"allow":["GET"]}}],"collection":[{"href":"https:\/\/www.europesays.com\/fr\/wp-json\/wp\/v2\/posts"}],"about":[{"href":"https:\/\/www.europesays.com\/fr\/wp-json\/wp\/v2\/types\/post"}],"author":[{"embeddable":true,"href":"https:\/\/www.europesays.com\/fr\/wp-json\/wp\/v2\/users\/2"}],"replies":[{"embeddable":true,"href":"https:\/\/www.europesays.com\/fr\/wp-json\/wp\/v2\/comments?post=636055"}],"version-history":[{"count":0,"href":"https:\/\/www.europesays.com\/fr\/wp-json\/wp\/v2\/posts\/636055\/revisions"}],"wp:featuredmedia":[{"embeddable":true,"href":"https:\/\/www.europesays.com\/fr\/wp-json\/wp\/v2\/media\/636056"}],"wp:attachment":[{"href":"https:\/\/www.europesays.com\/fr\/wp-json\/wp\/v2\/media?parent=636055"}],"wp:term":[{"taxonomy":"category","embeddable":true,"href":"https:\/\/www.europesays.com\/fr\/wp-json\/wp\/v2\/categories?post=636055"},{"taxonomy":"post_tag","embeddable":true,"href":"https:\/\/www.europesays.com\/fr\/wp-json\/wp\/v2\/tags?post=636055"}],"curies":[{"name":"wp","href":"https:\/\/api.w.org\/{rel}","templated":true}]}}