{"id":636057,"date":"2026-01-02T11:32:13","date_gmt":"2026-01-02T11:32:13","guid":{"rendered":"https:\/\/www.europesays.com\/fr\/636057\/"},"modified":"2026-01-02T11:32:13","modified_gmt":"2026-01-02T11:32:13","slug":"la-russie-pas-representee-aux-jo-dhiver-meme-en-cas-daccord-de-paix-avec-lukraine-selon-le-cio-02-01-2026-a-1055","status":"publish","type":"post","link":"https:\/\/www.europesays.com\/fr\/636057\/","title":{"rendered":"La Russie pas repr\u00e9sent\u00e9e aux JO d&rsquo;hiver m\u00eame en cas d&rsquo;accord de paix avec l&rsquo;Ukraine selon le CIO &#8211; 02\/01\/2026 \u00e0 10:55"},"content":{"rendered":"<p>        <img decoding=\"async\" src=\"https:\/\/www.europesays.com\/fr\/wp-content\/uploads\/2026\/01\/f434fca5fa993e1f1cabba836e2d26fb-760x528.jpg\" alt=\"C\u00e9r\u00e9monie d'allumage de la flamme des Jeux olympiques d'hiver de 2026 \u00e0 Milan-Cortina\" loading=\"eager\" fetchpriority=\"high\" width=\"760\" height=\"528\" style=\"max-width: 100%!important; height: auto;\"\/><\/p>\n<p class=\"c-image-news__legend\">C\u00e9r\u00e9monie d&rsquo;allumage de la flamme des Jeux olympiques d&rsquo;hiver de 2026 \u00e0 Milan-Cortina<\/p>\n<p>\n Les athl\u00e8tes russes ne pourront pas repr\u00e9senter leur pays aux \u200dJeux olympiques d&rsquo;hiver de Milan-Cortina, le mois prochain, m\u00eame si un accord de paix est conclu avec l&rsquo;Ukraine, \u200ca d\u00e9clar\u00e9 la pr\u00e9sidente du Comit\u00e9 international olympique (CIO).\n<\/p>\n<p>\n Un hypoth\u00e9tique accord de paix ne changerait rien \u00e0 \u200bla d\u00e9cision du Comit\u00e9 d&rsquo;autoriser les athl\u00e8tes russes \u2060\u00e0 participer aux Jeux \u00e0 titre individuel uniquement, peut-on lire dans un entretien de \u2060Kirsty Coventry publi\u00e9 \u200dvendredi dans le quotidien italien Corriere della \u2060Sera.\n<\/p>\n<p>\n Le CIO a interdit la participation de la Russie et de la Bi\u00e9lorussie aux JO d&rsquo;hiver apr\u00e8s \u200bl&rsquo;invasion de l&rsquo;Ukraine par Moscou, en f\u00e9vrier 2022.\n<\/p>\n<p>\n Le CIO a d\u00e9cid\u00e9 en septembre que les participants russes \u2060et bi\u00e9lorusses aux Jeux de Milan-Cortina le \u200bferaient \u00e0 titre individuel, sans drapeau ni \u200bhymne national.\n<\/p>\n<p>\n Dans cette \u200bm\u00eame interview, Kirsty Coventry, premi\u00e8re femme pr\u00e9sidente du CIO, \u200bd\u00e9clare que l&rsquo;organisation des \u2060Jeux olympiques dans plusieurs villes, comme le fait l&rsquo;Italie cette ann\u00e9e, devient \u00ab\u00a0la nouvelle norme\u00a0\u00bb. Les Jeux de Milan-Cortina fourniront \u00e0 cet \u00e9gard des indications utiles pour \u200cl&rsquo;avenir, ajoute-t-elle.\n<\/p>\n<p>\n Le CIO n&rsquo;a pas imm\u00e9diatement r\u00e9pondu \u00e0 une demande de Reuters de confirmation de ces propos.\n<\/p>\n<p>\n Les Jeux olympiques d&rsquo;hiver se d\u00e9roulent du 6 au 22 f\u00e9vrier.\n<\/p>\n<p>\n (R\u00e9dig\u00e9 par Enrico Sciacovelli, version fran\u00e7aise Elizabeth Pineau, \u00e9dit\u00e9 \u200cpar Blandine H\u00e9nault)<\/p>\n","protected":false},"excerpt":{"rendered":"C\u00e9r\u00e9monie d&rsquo;allumage de la flamme des Jeux olympiques d&rsquo;hiver de 2026 \u00e0 Milan-Cortina Les athl\u00e8tes russes ne pourront&hellip;\n","protected":false},"author":2,"featured_media":636058,"comment_status":"","ping_status":"","sticky":false,"template":"","format":"standard","meta":{"footnotes":""},"categories":[1591],"tags":[400,11,398,408,405,1887,403,402,399,404,12,1885,1886,132,401,406,407],"class_list":{"0":"post-636057","1":"post","2":"type-post","3":"status-publish","4":"format-standard","5":"has-post-thumbnail","7":"category-russie","8":"tag-action-cac-40","9":"tag-actualites","10":"tag-bourse-de-paris","11":"tag-boursorama","12":"tag-cotations","13":"tag-federation-de-russie","14":"tag-indices-devises","15":"tag-investir","16":"tag-investissement","17":"tag-marche-boursier","18":"tag-news","19":"tag-russia","20":"tag-russian-federation","21":"tag-russie","22":"tag-sicav","23":"tag-trackers","24":"tag-warrants"},"share_on_mastodon":{"url":"https:\/\/pubeurope.com\/@fr\/115825288478933115","error":""},"_links":{"self":[{"href":"https:\/\/www.europesays.com\/fr\/wp-json\/wp\/v2\/posts\/636057","targetHints":{"allow":["GET"]}}],"collection":[{"href":"https:\/\/www.europesays.com\/fr\/wp-json\/wp\/v2\/posts"}],"about":[{"href":"https:\/\/www.europesays.com\/fr\/wp-json\/wp\/v2\/types\/post"}],"author":[{"embeddable":true,"href":"https:\/\/www.europesays.com\/fr\/wp-json\/wp\/v2\/users\/2"}],"replies":[{"embeddable":true,"href":"https:\/\/www.europesays.com\/fr\/wp-json\/wp\/v2\/comments?post=636057"}],"version-history":[{"count":0,"href":"https:\/\/www.europesays.com\/fr\/wp-json\/wp\/v2\/posts\/636057\/revisions"}],"wp:featuredmedia":[{"embeddable":true,"href":"https:\/\/www.europesays.com\/fr\/wp-json\/wp\/v2\/media\/636058"}],"wp:attachment":[{"href":"https:\/\/www.europesays.com\/fr\/wp-json\/wp\/v2\/media?parent=636057"}],"wp:term":[{"taxonomy":"category","embeddable":true,"href":"https:\/\/www.europesays.com\/fr\/wp-json\/wp\/v2\/categories?post=636057"},{"taxonomy":"post_tag","embeddable":true,"href":"https:\/\/www.europesays.com\/fr\/wp-json\/wp\/v2\/tags?post=636057"}],"curies":[{"name":"wp","href":"https:\/\/api.w.org\/{rel}","templated":true}]}}