{"id":636082,"date":"2026-01-02T11:51:11","date_gmt":"2026-01-02T11:51:11","guid":{"rendered":"https:\/\/www.europesays.com\/fr\/636082\/"},"modified":"2026-01-02T11:51:11","modified_gmt":"2026-01-02T11:51:11","slug":"lacteur-tommy-lee-jones-en-deuil-sa-fille-de-34-ans-retrouvee-morte-dans-un-hotel-de-san-francisco","status":"publish","type":"post","link":"https:\/\/www.europesays.com\/fr\/636082\/","title":{"rendered":"L&rsquo;acteur Tommy Lee Jones en deuil\u00a0: sa fille de 34 ans retrouv\u00e9e morte dans un h\u00f4tel de San Francisco"},"content":{"rendered":"<p>      R\u00e9sum\u00e9<\/p>\n<p>L&rsquo;acteur Tommy Lee Jones est le p\u00e8re de deux enfants. Ce 1er janvier, le corps sans vie de sa fille cadette a \u00e9t\u00e9 retrouv\u00e9 dans une chambre d&rsquo;h\u00f4tel de San Francisco. Victoria n&rsquo;avait que 34 ans.<\/p>\n<p>        Sommaire<\/p>\n<p>Tommy Lee Jones est l&rsquo;un des plus grands acteurs de Hollywood, vu dans un <strong>nombre incalculable de films \u00e0 succ\u00e8s<\/strong>. <a href=\"https:\/\/www.public.fr\/video-tommy-lee-jones-meconnaissable-face-a-hilary-swank-dans-le-trailer-de-the-homesman\" target=\"_blank\" rel=\"noopener\">L&rsquo;acteur am\u00e9ricain de 79 ans<\/a> a notamment \u00e9t\u00e9 \u00e0 l&rsquo;affiche des trois volets de Men in Black aux c\u00f4t\u00e9s de <a href=\"https:\/\/www.public.fr\/will-smith-comme-slimane-il-est-accuse-de-harcelement-sexuel-par-un-homme\" target=\"_blank\" rel=\"noopener\">Will Smith<\/a> mais aussi de Love Story en 1970, de JFK (1991), d&rsquo;Entre ciel et terre et du Fugitif (1993). Le Fugitif qui lui a d&rsquo;ailleurs valu de d\u00e9crocher un<strong> Oscar du Meilleur second r\u00f4le<\/strong>.<\/p>\n<p>Si ce dernier jouit d&rsquo;une brillante carri\u00e8re, <strong>sa vie personnelle vient de s&rsquo;effondrer<\/strong>. Tommy Lee Jones a appris <strong>l&rsquo;impensable ce 1er\u00a0janvier<\/strong>. En effet, en ce d\u00e9but d&rsquo;ann\u00e9e 2026, ce dernier <strong>pleure sa fille cadette<\/strong> dans des circonstances abominables. Victoria qui n&rsquo;avait <strong>que 34 ans <\/strong>a \u00e9t\u00e9 retrouv\u00e9e sans vie dans d&rsquo;abominables circonstances ce 1er jour de l&rsquo;ann\u00e9e 2026.<\/p>\n<p>Cette derni\u00e8re logeait alors <strong>dans l&rsquo;h\u00f4tel Fairmont de San Francisco<\/strong> en Californie. Selon un porte-parole des services de secours, <strong>un appel a \u00e9t\u00e9 pass\u00e9 <\/strong>depuis l\u2019\u00e9tablissement \u00e0 2h52 du matin. Un appel pour \u00ab\u00a0<strong>une urgence m\u00e9dicale<\/strong>\u00ab\u00a0.\u00a0Elle a \u00e9t\u00e9 <strong>d\u00e9clar\u00e9e morte sur place <\/strong>apr\u00e8s une r\u00e9animation cardio-pulmonaire. \u00c0 ce stade, <strong>on ignore dans quelles circonstances <\/strong>la fille de Tommy Lee Jones est d\u00e9c\u00e9d\u00e9e.<\/p>\n<p>L&rsquo;acteur Tommy Lee Jones pleure sa fille\u00a0: qui \u00e9tait Victoria\u00a0?<\/p>\n<p>Tommy Lee Jones avait <strong>deux enfants avec<\/strong> <strong>sa seconde \u00e9pouse Kimberlea Cloughley<\/strong>\u00a0: Austin est n\u00e9 en 1982 et <strong>Victoria \u00e9tait n\u00e9e en 1991<\/strong>. En 2002, la jeune femme de 34 ans avait fait ses d\u00e9buts au cin\u00e9ma. En effet, cette ann\u00e9e-l\u00e0, elle a d\u00e9croch\u00e9 <strong>un petit r\u00f4le dans le film Men in Black II<\/strong> aux c\u00f4t\u00e9s de son p\u00e8re. Par ailleurs, lorsqu&rsquo;elle \u00e9tait enfant, Victoria a particip\u00e9 \u00e0 plusieurs projets cin\u00e9matographiques et notamment \u00e0 un \u00e9pisode de One Tree Hill en 2005 et, la m\u00eame ann\u00e9e, dans un western intitul\u00e9 Trois enterrements et r\u00e9alis\u00e9 par\u2026 Tommy Lee Jones.<\/p>\n<p>Si depuis quelques ann\u00e9es, Victoria Kafka Jones s&rsquo;\u00e9tait <strong>\u00e9loign\u00e9e des plateaux de tournage<\/strong>, cela lui arrivait d&rsquo;appara\u00eetre r\u00e9guli\u00e8rement aux c\u00f4t\u00e9s de son c\u00e9l\u00e8bre papa lors d&rsquo;avant-premi\u00e8res.\u00a0<\/p>\n<p><img loading=\"lazy\" decoding=\"async\" width=\"683\" height=\"1024\" src=\"https:\/\/www.europesays.com\/fr\/wp-content\/uploads\/2026\/01\/BESTIMAGE_00339286_000010-683x1024.jpg\" alt=\"L'acteur Tommy Lee Jones en deuil : sa fille de 34 ans retrouv\u00e9e morte dans un h\u00f4tel de San Francisco\"  \/><\/p>\n<p>Bestimage<\/p>\n<p>\n          Hits &amp; People en continu\n        <\/p>\n<p>\n          Public Radio\n        <\/p>\n<p>      Mentionn\u00e9s dans cet article<\/p>\n<p>      Sur le m\u00eame sujet<\/p>\n","protected":false},"excerpt":{"rendered":"R\u00e9sum\u00e9 L&rsquo;acteur Tommy Lee Jones est le p\u00e8re de deux enfants. Ce 1er janvier, le corps sans vie&hellip;\n","protected":false},"author":2,"featured_media":636083,"comment_status":"","ping_status":"","sticky":false,"template":"","format":"standard","meta":{"footnotes":""},"categories":[1359],"tags":[253,2715,58,59,73,1011,27,2137,190,18,973,29807],"class_list":{"0":"post-636082","1":"post","2":"type-post","3":"status-publish","4":"format-standard","5":"has-post-thumbnail","7":"category-people","8":"tag-acteur","9":"tag-disparition","10":"tag-divertissement","11":"tag-entertainment","12":"tag-etats-unis","13":"tag-fr","14":"tag-france","15":"tag-hollywood","16":"tag-hotel","17":"tag-mort","18":"tag-people","19":"tag-san-francisco"},"share_on_mastodon":{"url":"https:\/\/pubeurope.com\/@fr\/115825363152253435","error":""},"_links":{"self":[{"href":"https:\/\/www.europesays.com\/fr\/wp-json\/wp\/v2\/posts\/636082","targetHints":{"allow":["GET"]}}],"collection":[{"href":"https:\/\/www.europesays.com\/fr\/wp-json\/wp\/v2\/posts"}],"about":[{"href":"https:\/\/www.europesays.com\/fr\/wp-json\/wp\/v2\/types\/post"}],"author":[{"embeddable":true,"href":"https:\/\/www.europesays.com\/fr\/wp-json\/wp\/v2\/users\/2"}],"replies":[{"embeddable":true,"href":"https:\/\/www.europesays.com\/fr\/wp-json\/wp\/v2\/comments?post=636082"}],"version-history":[{"count":0,"href":"https:\/\/www.europesays.com\/fr\/wp-json\/wp\/v2\/posts\/636082\/revisions"}],"wp:featuredmedia":[{"embeddable":true,"href":"https:\/\/www.europesays.com\/fr\/wp-json\/wp\/v2\/media\/636083"}],"wp:attachment":[{"href":"https:\/\/www.europesays.com\/fr\/wp-json\/wp\/v2\/media?parent=636082"}],"wp:term":[{"taxonomy":"category","embeddable":true,"href":"https:\/\/www.europesays.com\/fr\/wp-json\/wp\/v2\/categories?post=636082"},{"taxonomy":"post_tag","embeddable":true,"href":"https:\/\/www.europesays.com\/fr\/wp-json\/wp\/v2\/tags?post=636082"}],"curies":[{"name":"wp","href":"https:\/\/api.w.org\/{rel}","templated":true}]}}