{"id":636086,"date":"2026-01-02T11:54:10","date_gmt":"2026-01-02T11:54:10","guid":{"rendered":"https:\/\/www.europesays.com\/fr\/636086\/"},"modified":"2026-01-02T11:54:10","modified_gmt":"2026-01-02T11:54:10","slug":"faute-daudiences-satisfaisantes-m6-deprogramme-son-nouveau-jeu-presente-par-olivier-minne","status":"publish","type":"post","link":"https:\/\/www.europesays.com\/fr\/636086\/","title":{"rendered":"faute d\u2019audiences satisfaisantes, M6 d\u00e9programme son nouveau jeu pr\u00e9sent\u00e9 par Olivier Minne"},"content":{"rendered":"<p>    \u00abPandore\u00bb sur M6.<br \/>\n                HOMAYOUN FIAMOR \/ M6<\/p>\n<p>\n    Diffus\u00e9 le lundi 22 d\u00e9cembre, le premier \u00e9pisode de ce format in\u00e9dit n\u2019avait pas attir\u00e9 les foules. En deuxi\u00e8me semaine, l\u2019\u00e9mission est pass\u00e9e sous la barre du million de t\u00e9l\u00e9spectateurs.<\/p>\n<p class=\"fig-paragraph\">Pour son arriv\u00e9e sur la cha\u00eene, M6 a confi\u00e9 \u00e0\u00a0<a href=\"https:\/\/www.lefigaro.fr\/tag\/olivier-minne\" target=\"_blank\" rel=\"noopener\" data-gtm-custom-categorie=\"navigation\" data-gtm-custom-action=\"crossclick\" data-gtm-custom-label=\"Contextuel\" data-gtm-event=\"customEventSPE\"><strong>Olivier Minne<\/strong><\/a> \u00a0trois nouveaux jeux\u00a0:\u00a0<a href=\"https:\/\/tvmag.lefigaro.fr\/programme-tv\/programme\/le-maillon-faible-d1467574624\" target=\"_blank\" rel=\"noopener\" data-gtm-custom-categorie=\"navigation\" data-gtm-custom-action=\"crossclick\" data-gtm-custom-label=\"Contextuel\" data-gtm-event=\"customEventSPE\">\u00abLe Maillon faible\u00bb<\/a>,\u00a0<a href=\"https:\/\/tvmag.lefigaro.fr\/programme-tv\/programme\/pandore-f1481689154\" target=\"_blank\" rel=\"noopener\" data-gtm-custom-categorie=\"navigation\" data-gtm-custom-action=\"crossclick\" data-gtm-custom-label=\"Contextuel\" data-gtm-event=\"customEventSPE\">\u00abPandore\u00bb<\/a>\u00a0et \u00abQuel \u00e2ge \u00e0 votre cerveau\u00a0?\u00bb. Le premier, lanc\u00e9 le 29 novembre et diffus\u00e9 chaque samedi \u00e0 18h35, cartonne avec\u00a0<a href=\"http:\/\/tvmag.lefigaro.fr\/programme-tv\/audiences-tv\/audiences-quel-score-pour-la-premiere-d-olivier-minne-sur-m6-20251130\" target=\"_blank\" data-fig-type=\"Article\" rel=\"noopener\" data-gtm-custom-categorie=\"navigation\" data-gtm-custom-action=\"crossclick\" data-gtm-custom-label=\"Contextuel\" data-gtm-event=\"customEventSPE\" data-fig-domain=\"TVMAG\">une moyenne de 1,33 million de t\u00e9l\u00e9spectateurs, soit 10,14 % de part d\u2019audience<\/a>. Le troisi\u00e8me doit arriver d\u2019ici quelques mois. Quant au deuxi\u00e8me, il va conna\u00eetre une fin pr\u00e9matur\u00e9e.<\/p>\n<p class=\"fig-paragraph\">Programm\u00e9 au d\u00e9but des vacances scolaires, M6 en attendait beaucoup de ce jeu d\u2019aventures fond\u00e9 sur la mythologie grecque, \u00e0 mi-chemin entre\u00a0<a href=\"https:\/\/tvmag.lefigaro.fr\/programme-tv\/programme\/les-traitres-d1280983536\" target=\"_blank\" rel=\"noopener\" data-gtm-custom-categorie=\"navigation\" data-gtm-custom-action=\"crossclick\" data-gtm-custom-label=\"Contextuel\" data-gtm-event=\"customEventSPE\">\u00abLes Tra\u00eetres\u00bb<\/a>\u00a0et\u00a0<a href=\"https:\/\/tvmag.lefigaro.fr\/programme-tv\/programme\/mort-sur-le-nil-f111024667\" target=\"_blank\" rel=\"noopener\" data-gtm-custom-categorie=\"navigation\" data-gtm-custom-action=\"crossclick\" data-gtm-custom-label=\"Contextuel\" data-gtm-event=\"customEventSPE\">Mort sur le Nil<\/a> \u00a0d\u2019Agatha Christie. Sauf que les t\u00e9l\u00e9spectateurs n\u2019ont pas \u00e9t\u00e9 au rendez-vous. Ainsi, le premier num\u00e9ro, diffus\u00e9 le lundi 22 d\u00e9cembre, n\u2019a attir\u00e9 que\u00a0<a href=\"http:\/\/tvmag.lefigaro.fr\/programme-tv\/audiences-tv\/audiences-quel-score-pour-le-nouveau-jeu-pandore-anime-par-olivier-mine-sur-m6-20251223\" target=\"_blank\" data-fig-type=\"Article\" rel=\"noopener\" data-gtm-custom-categorie=\"navigation\" data-gtm-custom-action=\"crossclick\" data-gtm-custom-label=\"Contextuel\" data-gtm-event=\"customEventSPE\" data-fig-domain=\"TVMAG\">1,84 million de curieux, soit 10,1 % de PDA<\/a>. La semaine suivante, le deuxi\u00e8me \u00e9pisode a fait encore moins bien en r\u00e9unissant seulement\u00a0<a href=\"http:\/\/tvmag.lefigaro.fr\/programme-tv\/audiences-tv\/audiences-retour-reussi-pour-josephine-ange-gardien-sur-tf1-pandore-sur-m6-sous-le-million-20251230\" target=\"_blank\" data-fig-type=\"Article\" rel=\"noopener\" data-gtm-custom-categorie=\"navigation\" data-gtm-custom-action=\"crossclick\" data-gtm-custom-label=\"Contextuel\" data-gtm-event=\"customEventSPE\" data-fig-domain=\"TVMAG\">952.000 personnes, soit 5,5 % du public<\/a>.<\/p>\n<p class=\"fig-body-link\">\n            \u00c0 lire aussi<br \/>\n        <a class=\"fig-body-link__link fig-premium-mark\" href=\"http:\/\/tvmag.lefigaro.fr\/programme-tv\/actu-tele\/olivier-minne-je-me-sens-renaitre-sur-m6-20251211\" target=\"_blank\" data-fig-type=\"Article\" rel=\"noopener\" data-gtm-custom-categorie=\"navigation\" data-gtm-custom-action=\"crossclick\" data-gtm-custom-label=\"Contextuel\" data-gtm-event=\"customEventSPE\" data-fig-domain=\"TVMAG\"><\/p>\n<p>        Olivier Minne\u00a0: \u00abJe me sens rena\u00eetre sur M6\u00bb<br \/>\n    <\/a>\n<\/p>\n<p>                                                                <a class=\"fig-a11y-skip\" href=\"#fig-a11y-skip-main-inarticle\" data-module=\"a11y-skip\" data-context=\"was @visible\"><br \/>\n    Passer la publicit\u00e9<br \/>\n<\/a>            <\/p>\n<p class=\"fig-paragraph\">Face \u00e0 cet \u00e9chec, M6 a pris la d\u00e9cision de bouleverser sa programmation. Ainsi, la cha\u00eene pr\u00e9voit de diffuser la finale le mardi 6 janvier \u00e0 23h20, \u00e0 la suite du troisi\u00e8me \u00e9pisode initialement programm\u00e9. En lieu et place le mardi 12 janvier, un num\u00e9ro in\u00e9dit de\u00a0<a href=\"https:\/\/tvmag.lefigaro.fr\/programme-tv\/programme\/la-roue-de-la-fortune-d564927274\" target=\"_blank\" rel=\"noopener\" data-gtm-custom-categorie=\"navigation\" data-gtm-custom-action=\"crossclick\" data-gtm-custom-label=\"Contextuel\" data-gtm-event=\"customEventSPE\">\u00abLa Roue de la fortune\u00bb<\/a>\u00a0sp\u00e9ciale c\u00e9l\u00e9brit\u00e9s avec Olivier Minne, Caroline Vigneaux, Roman Doduik, Issa Doumbia, Anne Roumanoff, Florian Gazan, Val\u00e9rie Damidot, Laurent Maistret et Gwendal Marimoutou.<\/p>\n<p class=\"fig-paragraph\">Sur X, les internautes ont \u00e9t\u00e9 nombreux \u00e0 faire part de leur incompr\u00e9hension face aux r\u00e8gles de \u00abPandore\u00bb. \u00abJe ne comprends rien, ils savent d\u00e8s le d\u00e9but s\u2019ils sont ou pas sacrifi\u00e9s, ils jouent mais pour quoi\u00a0? S\u2019ils ne sont pas sacrifi\u00e9s, \u00e7a ne sert \u00e0 rien\u00bb, \u00abEn deux \u00e9pisodes, je ne connais toujours pas le but du jeu \u201cPandore\u201d sur M6\u00bb, \u00abRien \u00e0 faire , j\u2019ai beau essayer, je n\u2019accroche pas\u00a0! D\u00e9\u00e7u\u00a0!\u00bb, \u00abY a trop de blablas et pas assez d\u2019action\u00bb, \u00abIl se passe rien, c\u2019est mou et si quelqu\u2019un a compris les r\u00e8gles du jeu qu\u2019ils nous le disent avant qu\u2019on zappe tous\u00bb, peut-on notamment lire sur le r\u00e9seau social.<\/p>\n","protected":false},"excerpt":{"rendered":"\u00abPandore\u00bb sur M6. HOMAYOUN FIAMOR \/ M6 Diffus\u00e9 le lundi 22 d\u00e9cembre, le premier \u00e9pisode de ce format&hellip;\n","protected":false},"author":2,"featured_media":636087,"comment_status":"","ping_status":"","sticky":false,"template":"","format":"standard","meta":{"footnotes":""},"categories":[1356],"tags":[2367,58,59,1011,27,494,17033,252,1364],"class_list":{"0":"post-636086","1":"post","2":"type-post","3":"status-publish","4":"format-standard","5":"has-post-thumbnail","7":"category-television","8":"tag-audiences","9":"tag-divertissement","10":"tag-entertainment","11":"tag-fr","12":"tag-france","13":"tag-m6","14":"tag-olivier-minne","15":"tag-television","16":"tag-tv"},"share_on_mastodon":{"url":"https:\/\/pubeurope.com\/@fr\/115825375065730284","error":""},"_links":{"self":[{"href":"https:\/\/www.europesays.com\/fr\/wp-json\/wp\/v2\/posts\/636086","targetHints":{"allow":["GET"]}}],"collection":[{"href":"https:\/\/www.europesays.com\/fr\/wp-json\/wp\/v2\/posts"}],"about":[{"href":"https:\/\/www.europesays.com\/fr\/wp-json\/wp\/v2\/types\/post"}],"author":[{"embeddable":true,"href":"https:\/\/www.europesays.com\/fr\/wp-json\/wp\/v2\/users\/2"}],"replies":[{"embeddable":true,"href":"https:\/\/www.europesays.com\/fr\/wp-json\/wp\/v2\/comments?post=636086"}],"version-history":[{"count":0,"href":"https:\/\/www.europesays.com\/fr\/wp-json\/wp\/v2\/posts\/636086\/revisions"}],"wp:featuredmedia":[{"embeddable":true,"href":"https:\/\/www.europesays.com\/fr\/wp-json\/wp\/v2\/media\/636087"}],"wp:attachment":[{"href":"https:\/\/www.europesays.com\/fr\/wp-json\/wp\/v2\/media?parent=636086"}],"wp:term":[{"taxonomy":"category","embeddable":true,"href":"https:\/\/www.europesays.com\/fr\/wp-json\/wp\/v2\/categories?post=636086"},{"taxonomy":"post_tag","embeddable":true,"href":"https:\/\/www.europesays.com\/fr\/wp-json\/wp\/v2\/tags?post=636086"}],"curies":[{"name":"wp","href":"https:\/\/api.w.org\/{rel}","templated":true}]}}