{"id":636090,"date":"2026-01-02T11:56:15","date_gmt":"2026-01-02T11:56:15","guid":{"rendered":"https:\/\/www.europesays.com\/fr\/636090\/"},"modified":"2026-01-02T11:56:15","modified_gmt":"2026-01-02T11:56:15","slug":"qui-brille-au-combat-autofiction-poignante-de-josephine-japy-sur-le-handicap-de-sa-soeur","status":"publish","type":"post","link":"https:\/\/www.europesays.com\/fr\/636090\/","title":{"rendered":"\u00ab\u00a0Qui brille au combat\u00a0\u00bb, autofiction poignante de Jos\u00e9phine Japy sur le handicap de sa s\u0153ur"},"content":{"rendered":"<p>Avec M\u00e9lanie Laurent au casting, le premier long m\u00e9trage de Jos\u00e9phine Japy, \u00ab\u00a0Qui brille au combat\u00a0\u00bb, est inspir\u00e9 de son histoire familiale et du lourd handicap de sa soeur. Rencontre avec la r\u00e9alisatrice qui \u00e9voque les enjeux personnels\u00a0et les\u00a0choix artistiques\u00a0qui ont fa\u00e7onn\u00e9 cette autofiction poignante.<\/p>\n<p>Bertille &#8211; dont le pr\u00e9nom signifie \u00ab\u00a0qui brille au combat\u00a0\u00bb &#8211; est la plus jeune des deux s\u0153urs de la famille Roussier. Atteinte d\u2019un fort handicap au diagnostic incertain, elle accapare les efforts et les pens\u00e9es d&rsquo;une famille \u00e0 l&rsquo;\u00e9quilibre fragile. Sa soeur a\u00een\u00e9e de 17 ans, Marion, est quant \u00e0 elle une adolescente tiraill\u00e9e entre un amour inconditionnel pour sa soeur et un fort d\u00e9sir d&rsquo;\u00e9mancipation.<\/p>\n<p>Pour son premier long m\u00e9trage en tant que r\u00e9alisatrice, l&rsquo;actrice fran\u00e7aise de 31 ans Jos\u00e9phine Japy (\u00ab\u00a0Respire\u00a0\u00bb, \u00ab\u00a0Mon inconnue\u00a0\u00bb, la s\u00e9rie \u00ab\u00a0Tapie\u00a0\u00bb) a choisi un sujet profond\u00e9ment personnel. Le film est inspir\u00e9 de sa propre famille qui est rest\u00e9e durant 25 ans dans l&rsquo;attente d&rsquo;un diagnostic pour l&rsquo;une de ses s\u0153urs. Lourdement handicap\u00e9e et incapable de s&rsquo;exprimer par le langage, elle pouvait, selon les m\u00e9decins, mourir \u00e0 tout moment.<\/p>\n<p>\u00ab\u00a0J&rsquo;ai toujours eu le sentiment que cette histoire allait donner naissance \u00e0 un film t\u00f4t ou tard\u00a0\u00bb, confie Jos\u00e9phine Japy dans l&rsquo;\u00e9mission Vertigo du 26 d\u00e9cembre. \u00ab\u00a0Mais je ne pensais pas que \u00e7a allait \u00eatre mon premier, car c&rsquo;\u00e9tait trop personnel, trop intime de commencer par l\u00e0\u00a0\u00bb.<\/p>\n<p>Contenu externe<\/p>\n<p> Ce contenu externe ne peut pas \u00eatre affich\u00e9 car il est susceptible de collecter des donn\u00e9es personnelles. Pour voir ce contenu vous devez autoriser la cat\u00e9gorie <strong>R\u00e9seaux sociaux<\/strong>. <\/p>\n<p> Accepter Plus d&rsquo;info <\/p>\n<p>    Un diagnostic qui change tout<\/p>\n<p>Le d\u00e9clic survient pourtant il y a trois ans lorsque sa m\u00e8re l&rsquo;appelle pour lui annoncer que l&rsquo;on connaissait enfin le nom de la maladie de Bertille: le syndrome de Phelan-McDermid.<\/p>\n<p>\u00ab\u00a0D&rsquo;avoir cet appel et d&rsquo;entendre ma m\u00e8re me dire que ma s\u0153ur n&rsquo;allait pas mourir, qu&rsquo;elle comprenait plein de choses dont tout l&rsquo;amour qu&rsquo;on lui donnait, que je n&rsquo;\u00e9tais pas porteuse du g\u00e8ne et que je n&rsquo;avais pas \u00e0 m&rsquo;inqui\u00e9ter si je voulais des enfants (&#8230;), \u00e7a m&rsquo;a totalement boulevers\u00e9e. (&#8230;) Ce diagnostic ne change pas le quotidien, mais change la vie\u00a0\u00bb, pr\u00e9cise Jos\u00e9phine Japy, qui a d&rsquo;ailleurs annonc\u00e9 d\u00e9but d\u00e9cembre \u00eatre enceinte de son premier enfant.<\/p>\n<p>C&rsquo;est le jour de cet appel qu&rsquo;elle d\u00e9cide d&rsquo;\u00e9crire un film sur son histoire. Tr\u00e8s rapidement, elle choisit d&rsquo;\u00eatre accompagn\u00e9e dans l&rsquo;\u00e9criture. \u00ab\u00a0J&rsquo;avais \u00e9videmment des choses \u00e0 raconter, mais \u00e7a ressemblait plus \u00e0 un journal intime qu&rsquo;\u00e0 un film. Je voulais que ce soit un vrai film de cin\u00e9ma.\u00a0Que les spectateurs se retrouvent devant une histoire avec des personnages et pas devant un docu-fiction de la famille Japy.\u00a0\u00bb<\/p>\n<blockquote class=\"rts-quote quote\">\n<p class=\"q-text\">Je voulais que ce soit un vrai film de cin\u00e9ma. Que les spectateurs se retrouvent devant une histoire avec des personnages et pas devant un docu-fiction de la famille Japy.<\/p>\n<p>  Jos\u00e9phine Japy, r\u00e9alisatrice de \u00ab\u00a0Qui brille au combat\u00a0\u00bb <\/p><\/blockquote>\n<p>Les vocalises de Bertille, un outil de cin\u00e9ma fabuleux<\/p>\n<p>\u00ab\u00a0Qui brille au combat\u00a0\u00bb s&rsquo;ouvre avec une bataille d&rsquo;eau, une sc\u00e8ne forte avec une r\u00e9elle tension qui tourne finalement du c\u00f4t\u00e9 de la joie alors qu&rsquo;elle aurait pu basculer dans le drame. Une mani\u00e8re de montrer la r\u00e9alit\u00e9 du quotidien, mais aussi \u00e0 quel point cette famille, qui doit vivre avec une perp\u00e9tuelle \u00e9p\u00e9e de Damocl\u00e8s sur la t\u00eate, fait le choix de toujours se tourner vers le lumineux.<\/p>\n<p>D\u00e8s le d\u00e9but, le film est rythm\u00e9 par les cris de Bertille. Jos\u00e9phine Japy explique: \u00ab\u00a0Elle ne parle pas, mais s&rsquo;exprime \u00e0 travers des vocalises.\u00a0Ce sont des cris plus ou moins doux et m\u00e9lang\u00e9s qui ressemblent parfois \u00e0 des chants. Ces vocalises sont un outil de cin\u00e9ma fabuleux, po\u00e9tiques, mais \u00e9galement une entr\u00e9e dans l&rsquo;univers du handicap.\u00a0\u00bb<\/p>\n<p>Sarah Pachoud, la perle rare pour incarner Bertille<\/p>\n<p>Pour incarner sa s\u0153ur, Jos\u00e9phine Japy cherchait une com\u00e9dienne en situation de handicap. Mais face \u00e0 des gens qui, comme Bertille, ne parlent pas et dont elle ne peut donc avoir le consentement, elle se tourne vers des personnes avec des handicaps moins lourds avant de r\u00e9aliser qu&rsquo;elle est incapable de leur demander de r\u00e9gresser pour pouvoir incarner sa soeur.<\/p>\n<p>Se tournant vers des actrices sans handicap, sa responsable du casting lui propose Sarah Pachoud. Au moment o\u00f9 Jos\u00e9phine Japy voit la voit marcher de dos, elle croit apercevoir sa soeur et comprend instantan\u00e9ment qu&rsquo;elle a trouv\u00e9 la perle rare. Actrice venant du cirque et qui a commenc\u00e9 le cin\u00e9ma en tant que cascadeuse, Sarah Pachoud a un rapport au corps qui convient parfaitement pour le r\u00f4le.<\/p>\n<p>A ses c\u00f4t\u00e9s, on trouve Angelina Woreth (\u00ab\u00a0Leurs enfants apr\u00e8s eux\u00a0\u00bb), qui incarne la soeur a\u00een\u00e9e, sorte d&rsquo;alter ego de la r\u00e9alisatrice, Pierre-Yves Cardinal\u00a0(\u00ab\u00a0Simple comme Sylvain\u00a0\u00bb) dans le r\u00f4le du p\u00e8re et\u00a0dans celui de la m\u00e8re, M\u00e9lanie Laurent, qui avait dirig\u00e9 Jos\u00e9phine Japy dans le film \u00ab\u00a0Respire\u00a0\u00bb en 2014 .<\/p>\n<p>La pr\u00e9sentation du film au Festival de Cannes en mai a \u00e9t\u00e9 un moment fort pour la r\u00e9alisatrice. Sa m\u00e8re et ses s\u0153urs \u00e9taient pr\u00e9sentes. \u00ab\u00a0C&rsquo;est l&rsquo;un des plus beaux moments de ma vie de cin\u00e9ma\u00a0\u00bb, confie-t-elle avec \u00e9motion.<\/p>\n<p class=\"sources\">Des propos recueillis par Anne Laure Gannac<\/p>\n<p class=\"credit\">Adaptation web: Andr\u00e9anne Quartier-la-Tente<\/p>\n<p class=\"article-footnote\">\u00ab\u00a0Qui brille au combat\u00a0\u00bb, de Jos\u00e9phine Japy. Avec <b>M\u00e9lanie Laurent<\/b>,\u00a0<b>Pierre-Yves Cardinal<\/b>,\u00a0<b>Sarah Pachoud et <\/b>Angelina Woreth. A voir dans les salles romandes d\u00e8s le 31 d\u00e9cembre 2025.<\/p>\n","protected":false},"excerpt":{"rendered":"Avec M\u00e9lanie Laurent au casting, le premier long m\u00e9trage de Jos\u00e9phine Japy, \u00ab\u00a0Qui brille au combat\u00a0\u00bb, est inspir\u00e9&hellip;\n","protected":false},"author":2,"featured_media":636091,"comment_status":"","ping_status":"","sticky":false,"template":"","format":"standard","meta":{"footnotes":""},"categories":[1354],"tags":[253,74351,1693,650,228,58,847,59,652,2081,1346,1011,27,1943,937,74352,2456,49981,5875,1360,4233,104],"class_list":{"0":"post-636090","1":"post","2":"type-post","3":"status-publish","4":"format-standard","5":"has-post-thumbnail","7":"category-films","8":"tag-acteur","9":"tag-angelina-woreth","10":"tag-arts-et-divertissement","11":"tag-cinema","12":"tag-diagnostic","13":"tag-divertissement","14":"tag-enfant","15":"tag-entertainment","16":"tag-famille","17":"tag-film","18":"tag-films","19":"tag-fr","20":"tag-france","21":"tag-handicap","22":"tag-histoire","23":"tag-josephine-japy","24":"tag-long-metrage","25":"tag-melanie-laurent","26":"tag-mere","27":"tag-movies","28":"tag-realisateur","29":"tag-societe"},"share_on_mastodon":{"url":"https:\/\/pubeurope.com\/@fr\/115825382776821102","error":""},"_links":{"self":[{"href":"https:\/\/www.europesays.com\/fr\/wp-json\/wp\/v2\/posts\/636090","targetHints":{"allow":["GET"]}}],"collection":[{"href":"https:\/\/www.europesays.com\/fr\/wp-json\/wp\/v2\/posts"}],"about":[{"href":"https:\/\/www.europesays.com\/fr\/wp-json\/wp\/v2\/types\/post"}],"author":[{"embeddable":true,"href":"https:\/\/www.europesays.com\/fr\/wp-json\/wp\/v2\/users\/2"}],"replies":[{"embeddable":true,"href":"https:\/\/www.europesays.com\/fr\/wp-json\/wp\/v2\/comments?post=636090"}],"version-history":[{"count":0,"href":"https:\/\/www.europesays.com\/fr\/wp-json\/wp\/v2\/posts\/636090\/revisions"}],"wp:featuredmedia":[{"embeddable":true,"href":"https:\/\/www.europesays.com\/fr\/wp-json\/wp\/v2\/media\/636091"}],"wp:attachment":[{"href":"https:\/\/www.europesays.com\/fr\/wp-json\/wp\/v2\/media?parent=636090"}],"wp:term":[{"taxonomy":"category","embeddable":true,"href":"https:\/\/www.europesays.com\/fr\/wp-json\/wp\/v2\/categories?post=636090"},{"taxonomy":"post_tag","embeddable":true,"href":"https:\/\/www.europesays.com\/fr\/wp-json\/wp\/v2\/tags?post=636090"}],"curies":[{"name":"wp","href":"https:\/\/api.w.org\/{rel}","templated":true}]}}