{"id":636092,"date":"2026-01-02T11:57:10","date_gmt":"2026-01-02T11:57:10","guid":{"rendered":"https:\/\/www.europesays.com\/fr\/636092\/"},"modified":"2026-01-02T11:57:10","modified_gmt":"2026-01-02T11:57:10","slug":"en-gironde-ils-veulent-rompre-le-silence-sur-une-maladie-taboue","status":"publish","type":"post","link":"https:\/\/www.europesays.com\/fr\/636092\/","title":{"rendered":"en Gironde, ils veulent rompre le silence sur une maladie taboue"},"content":{"rendered":"<p>                    Par<br \/>\n        <strong><br \/>\n            <a href=\"https:\/\/actu.fr\/auteur\/melvin-moya\" title=\"Consulter tous les articles de Melvin Moya\" target=\"_blank\" rel=\"noopener\">Melvin Moya<\/a><br \/>\n                    <\/strong><\/p>\n<p>        Publi\u00e9 le<\/p>\n<p>            1 janv. 2026 \u00e0 19h23        <\/p>\n<p>C\u2019est une nouvelle association \u00e0 <a href=\"https:\/\/actu.fr\/nouvelle-aquitaine\/la-reole_33352\" target=\"_blank\" rel=\"noopener\">La R\u00e9ole (Gironde)<\/a> qui compte avancer pas \u00e0 pas\u2026 \u00e0 l\u2019instar d\u2019une tortue. Cela tombe bien, son nom s\u2019inspire du c\u00e9l\u00e8bre vert\u00e9br\u00e9 t\u00e9trapode. \u00ab\u2009Les Tortues\u2009\u00bb, association pr\u00e9sid\u00e9e par C\u00e9dric Berthe et coordonn\u00e9s par <b>Sophie Monchany<\/b> et <b>Sophie Jolivet Galy<\/b> a pris ses quartiers dans la cit\u00e9 mill\u00e9naire, avec un local <b>place des Jacobins<\/b>.<\/p>\n<p>\u00ab\u2009\u00c7a faisait un moment qu\u2019elle errait au niveau m\u00e9dical\u2009\u00bb<\/p>\n<p class=\" wall-content\">Son objectif\u2009: aider les personnes atteintes de<b> fibromyalgie<\/b>, maladie qui touche personnellement les deux femmes, et plus globalement celles atteintes de troubles invisibles.<\/p>\n<p class=\" wall-content\">\u00ab\u2009\u00c7a peut \u00eatre des troubles li\u00e9es \u00e0 des maladies chroniques, mais aussi des maladies li\u00e9es \u00e0 la <b>sant\u00e9 mentale<\/b>. Il y a pas mal de ralentissements dans la vie des gens \u00e0 travers aussi les aspects psychologiques, la d\u00e9pression, la bipolarit\u00e9\u2009\u00bb explicite Sophie Jolivet Galy, th\u00e9rapeute de formation. C\u2019est d\u2019ailleurs elle qui a d\u00e9tect\u00e9 la m\u00eame maladie \u00e0 sa cons\u0153ur.\u00a0<\/p>\n<blockquote class=\"ac-article-quote wall-content\">\n<p>Elle venait de me vendre une maison. quand j\u2019ai vu comment elle \u00e9tait, j\u2019ai compris qu\u2019elle avait une fibro. \u00c7a faisait un moment qu\u2019elle errait au niveau m\u00e9dical, et personne n\u2019avait pos\u00e9 des mots sur ses probl\u00e8mes.<\/p>\n<p>Sophie Jolivet Galy<\/p><\/blockquote>\n<p data-end=\"1926\" class=\" wall-content\">Aujourd\u2019hui diagnostiqu\u00e9e chez pr\u00e8s de <b>deux millions de Fran\u00e7ais<\/b> \u2014 et autrefois d\u00e9sign\u00e9e dans les campagnes comme \u00ab\u2009la maladie des gens qui ont mal partout\u2009\u00bb \u2014, la fibromyalgie se manifeste notamment par des d\u00e9r\u00e8glements du syst\u00e8me nerveux et digestif, ainsi qu\u2019une fatigabilit\u00e9 musculaire importante. \u00ab\u2009Ce qui est tr\u00e8s dur, c\u2019est que la douleur, on s\u2019y habitue. On peut parfois ne plus la sentir\u2009\u00bb, t\u00e9moigne Sophie Jolivet Galy.<\/p>\n<p>Vid\u00e9os : en ce moment sur ActuUne palette d\u2019ateliers pour mieux vivre la maladie<\/p>\n<p data-end=\"2328\" class=\" wall-content\">Face \u00e0 ce constat, les membres des Tortues entendent se positionner comme <b>un rep\u00e8re pour les personnes concern\u00e9es<\/b>. \u00ab\u2009On veut donner les bases. Pouvoir vivre \u00e7a de mani\u00e8re un peu plus joyeuse\u2009\u00bb, r\u00e9sument les deux coordinatrices. L\u2019association propose ainsi plusieurs ateliers payants, ax\u00e9s sur des th\u00e9matiques aussi vari\u00e9es que compl\u00e9mentaires.<\/p>\n<p>Votre r\u00e9gion, votre actu !<\/p>\n<p>Recevez chaque jour les infos qui comptent pour vous.<\/p>\n<p>\t<a href=\"https:\/\/actu.fr\/newsletter\" class=\"ac-btn ac-btn--corner ac-btn--medium ac-btn--blue800\" target=\"_blank\" rel=\"noopener\">S&rsquo;incrire<\/a><\/p>\n<p class=\" wall-content\">Parmi eux, on y retrouve des moments d\u2019apprentissage sur <b>la cuisine anti-inflammatoire<\/b> ou encore sur <b>la cosm\u00e9tique<\/b>, un \u00e9l\u00e9ment qui peut para\u00eetre surprenant, mais bel et bien important. \u00ab\u2009Quand on souffre de douleurs chroniques, on a des toxines et \u00e7a ne sert \u00e0 rien d\u2019en rajouter avec les produits qu\u2019on utilise. Il y a des fa\u00e7ons simples de fabriquer des bases pour des cr\u00e8mes, tout ce qu\u2019on peut utiliser sur la peau, en fait. De mani\u00e8re saine, avec des produits locaux\u2009\u00bb<\/p>\n<p>Du sur-mesure pour les adh\u00e9rents<\/p>\n<p class=\" wall-content\">D\u2019autres moments d\u2019\u00e9change aborderont la r\u00e9gulation \u00e9motionnelle sous la houlette de Sophie Monchany. \u00ab\u2009En fonction des ateliers, l\u2019id\u00e9e, c\u2019est qu\u2019on puisse faire aussi du sur-mesure en fonction de la situation\u2009\u00bb pr\u00e9cisent les repr\u00e9sentantes de l\u2019association.<br \/>Enfin, \u00ab\u2009Les Tortues\u2009\u00bb proposeront des r\u00e9unions d\u2019information gratuites ou encore des groupes de parole (\u00abun espace o\u00f9 les gens pourront partager\u2009\u00bb) toujours dans l\u2019optique d\u2019apporter du positif aux malades dans leur vie pas forc\u00e9ment facile.<\/p>\n<p>Contact : 06.86.33.51.02, <a href=\"https:\/\/actu.fr\/cdn-cgi\/l\/email-protection\" class=\"__cf_email__\" data-cfemail=\"0a6965647e6b697e666f797e65787e7f6f794a6d676b636624696567\" target=\"_blank\" rel=\"noopener\">[email\u00a0protected]<\/a>. Lieu du local : 18 rue Numa-Ducros \u00e0 La R\u00e9ole<\/p>\n<p class=\" wall-content\">Personnalisez votre actualit\u00e9 en ajoutant vos villes et m\u00e9dias en favori avec <a href=\"https:\/\/moncompte.actu.fr\" title=\"D\u00e9couvez Mon Actu\" rel=\"nofollow noopener\" data-trk=\"{&quot;cta&quot;:{&quot;action&quot;:&quot;https:\\\/\\\/moncompte.actu.fr&quot;,&quot;category&quot;:&quot;mon compte&quot;,&quot;from&quot;:&quot;article footer&quot;,&quot;name&quot;:&quot;Mon actu&quot;,&quot;type&quot;:&quot;cta&quot;}}\" target=\"_blank\">Mon Actu<\/a>.<\/p>\n","protected":false},"excerpt":{"rendered":"Par Melvin Moya Publi\u00e9 le 1 janv. 2026 \u00e0 19h23 C\u2019est une nouvelle association \u00e0 La R\u00e9ole (Gironde)&hellip;\n","protected":false},"author":2,"featured_media":636093,"comment_status":"","ping_status":"","sticky":false,"template":"","format":"standard","meta":{"footnotes":""},"categories":[10],"tags":[1011,27,72,71,104],"class_list":{"0":"post-636092","1":"post","2":"type-post","3":"status-publish","4":"format-standard","5":"has-post-thumbnail","7":"category-sante","8":"tag-fr","9":"tag-france","10":"tag-health","11":"tag-sante","12":"tag-societe"},"share_on_mastodon":{"url":"https:\/\/pubeurope.com\/@fr\/115825386711992683","error":""},"_links":{"self":[{"href":"https:\/\/www.europesays.com\/fr\/wp-json\/wp\/v2\/posts\/636092","targetHints":{"allow":["GET"]}}],"collection":[{"href":"https:\/\/www.europesays.com\/fr\/wp-json\/wp\/v2\/posts"}],"about":[{"href":"https:\/\/www.europesays.com\/fr\/wp-json\/wp\/v2\/types\/post"}],"author":[{"embeddable":true,"href":"https:\/\/www.europesays.com\/fr\/wp-json\/wp\/v2\/users\/2"}],"replies":[{"embeddable":true,"href":"https:\/\/www.europesays.com\/fr\/wp-json\/wp\/v2\/comments?post=636092"}],"version-history":[{"count":0,"href":"https:\/\/www.europesays.com\/fr\/wp-json\/wp\/v2\/posts\/636092\/revisions"}],"wp:featuredmedia":[{"embeddable":true,"href":"https:\/\/www.europesays.com\/fr\/wp-json\/wp\/v2\/media\/636093"}],"wp:attachment":[{"href":"https:\/\/www.europesays.com\/fr\/wp-json\/wp\/v2\/media?parent=636092"}],"wp:term":[{"taxonomy":"category","embeddable":true,"href":"https:\/\/www.europesays.com\/fr\/wp-json\/wp\/v2\/categories?post=636092"},{"taxonomy":"post_tag","embeddable":true,"href":"https:\/\/www.europesays.com\/fr\/wp-json\/wp\/v2\/tags?post=636092"}],"curies":[{"name":"wp","href":"https:\/\/api.w.org\/{rel}","templated":true}]}}